{"id":123721,"date":"2025-09-20T08:21:50","date_gmt":"2025-09-20T08:21:50","guid":{"rendered":"https:\/\/rdnews.al\/?p=123721"},"modified":"2025-09-20T08:21:50","modified_gmt":"2025-09-20T08:21:50","slug":"cmenduria-e-rames-nuk-ndalet-edhe-shtepia-e-femijeve-zyber-hallulli-do-tu-jepet-oligarkeve-per-kulla","status":"publish","type":"post","link":"https:\/\/rdnews.al\/index.php\/2025\/09\/20\/cmenduria-e-rames-nuk-ndalet-edhe-shtepia-e-femijeve-zyber-hallulli-do-tu-jepet-oligarkeve-per-kulla\/","title":{"rendered":"\u00c7menduria e Ram\u00ebs nuk ndalet\/ Edhe sht\u00ebpia e f\u00ebmij\u00ebve \u201cZyber Hallulli\u201d do t\u2019u jepet oligark\u00ebve p\u00ebr kulla"},"content":{"rendered":"<p>Projekti i radh\u00ebs i Korporat\u00ebs s\u00eb Investimeve Shqiptare prek edhe f\u00ebmij\u00ebt jetim\u00eb, ku n\u00eb truallin e Sht\u00ebpis\u00eb s\u00eb F\u00ebmij\u00ebs \u201cZyber Hallulli\u201d do t\u00eb nd\u00ebrtohet nj\u00eb kull\u00eb e st\u00ebrmadhe. Mjeshtrat e betonit duket se nuk kursejn\u00eb ask\u00ebnd, as jetim\u00ebt, t\u00eb cil\u00ebt kan\u00eb nj\u00eb jet\u00eb t\u00eb t\u00ebr\u00eb q\u00eb jetojn\u00eb atje. P\u00ebr t\u00eb mos th\u00ebn\u00eb personali, ku dihet se Sht\u00ebpia ka qen\u00eb gjithmon\u00eb n\u00eb Rrug\u00ebn e Elbasanit.<\/p>\n<p>K\u00ebta mjeshtra duket se kan\u00eb nj\u00eb plan, p\u00ebr t\u00eb asgj\u00ebsuar \u00e7do nd\u00ebrtese t\u00eb ul\u00ebt shtet\u00ebrore n\u00eb af\u00ebrsi t\u00eb qendr\u00ebs s\u00eb Tiran\u00ebs p\u00ebr t\u2019a shnd\u00ebrruar n\u00eb kulla t\u00eb st\u00ebrm\u00ebdha, nga ato q\u00eb nd\u00ebrtohen gjithmon\u00eb nga oligark\u00ebt, ku blejn\u00eb apartamente apo dyqane persona me t\u00eb kaluar t\u00eb dyshimt\u00eb.<\/p>\n<p>Trualli ku jan\u00eb jetim\u00ebt \u00ebsht\u00eb shum\u00eb i k\u00ebrkuar nga oligark\u00ebt, t\u00eb cil\u00ebt prej koh\u00ebsh e kan\u00eb kthyer n\u00eb nj\u00eb masiv t\u00eb madh betoni zon\u00ebn pran\u00eb stadiumit komb\u00ebtar, tashm\u00eb t\u00eb em\u00ebrtuar \u201cAir Albania\u201d.<\/p>\n<figure id=\"attachment_1601192\" class=\"wp-caption alignnone\" aria-describedby=\"caption-attachment-1601192\"><img loading=\"lazy\" decoding=\"async\" class=\"size-full wp-image-1601192\" src=\"https:\/\/boldnews.al\/wp-content\/uploads\/2025\/09\/640-0-njoftimi-i-korporates-per-hapjen-e-gares-per-truallin-e-zyber-hallullit-copy-1758223583.jpeg\" alt=\"\" width=\"640\" height=\"298\" data-pin-no-hover=\"true\" \/><figcaption id=\"caption-attachment-1601192\" class=\"wp-caption-text\">Faksimile: Njoftimi i Korporat\u00ebs p\u00ebr hapjen e gar\u00ebs p\u00ebr truallin e Zyber Hallullit<\/figcaption><\/figure>\n<p>Korporata shkruan se projekti do t\u00eb realizohet n\u00ebp\u00ebrmjet instrumentit t\u00eb sip\u00ebrmarrjes, ku partneri privat do t\u00eb financoj\u00eb nd\u00ebrtimin e dy objekteve publike, Korpusit t\u00eb Inspektoriateve dhe Sht\u00ebpis\u00eb s\u00eb re t\u00eb f\u00ebmij\u00ebve \u201cZyber Hallulli\u201d, nd\u00ebrsa n\u00eb k\u00ebmbim do t\u00eb ket\u00eb t\u00eb drejt\u00ebn t\u00eb zhvilloj\u00eb nj\u00eb pron\u00eb tjet\u00ebr p\u00ebr p\u00ebrdorim multifunksional, n\u00eb p\u00ebrputhje me vendimin e K\u00ebshillit t\u00eb Ministrave.<\/p>\n<p>Pronat e p\u00ebrfshira n\u00eb projekt jan\u00eb ajo me sip\u00ebrfaqe prej 7,107 m\u00b2 truall. Brenda k\u00ebsaj pasurie ndodhet nj\u00eb nd\u00ebrtes\u00eb me sip\u00ebrfaqe 1,411 m\u00b2, n\u00eb t\u00eb cil\u00ebn ndodhet godina e Sht\u00ebpis\u00eb s\u00eb f\u00ebmij\u00ebve \u201cZyber Hallulli\u201d. \u201cKjo pron\u00eb \u00ebsht\u00eb n\u00eb pron\u00ebsi t\u00eb shtetit, dhe ndodhet n\u00eb p\u00ebrgjegj\u00ebsi administrimi t\u00eb Ministris\u00eb s\u00eb Sh\u00ebndet\u00ebsis\u00eb dhe Mbrojtjes Sociale, si dhe Sh\u00ebrbimit Social Shtet\u00ebror. Kjo pron\u00eb i ka kaluar Korporat\u00ebs me Vendimin e K\u00ebshillit t\u00eb Ministrave t\u00eb dat\u00ebs 31 korrik 2025\u201d thuhet n\u00eb dokument.<\/p>\n<p>N\u00eb projekt \u00ebsht\u00eb p\u00ebrfshir\u00eb edhe prona me sip\u00ebrfaqe prej 2,902.6 m2 truall, e cila \u00ebsht\u00eb nj\u00eb nj\u00ebsi nd\u00ebrtimore dhe truall n\u00eb p\u00ebrdorim aktual t\u00eb Inspektoratit Qendror.<\/p>\n<figure id=\"attachment_1601193\" class=\"wp-caption alignnone\" aria-describedby=\"caption-attachment-1601193\"><img loading=\"lazy\" decoding=\"async\" class=\"size-full wp-image-1601193\" src=\"https:\/\/boldnews.al\/wp-content\/uploads\/2025\/09\/640-0-harta-ku-do-te-zhvendosen-shtepia-e-femijes-dhe-inspektoriatet-copy-1758223582.jpeg\" sizes=\"auto, (max-width: 640px) 100vw, 640px\" srcset=\"https:\/\/boldnews.al\/wp-content\/uploads\/2025\/09\/640-0-harta-ku-do-te-zhvendosen-shtepia-e-femijes-dhe-inspektoriatet-copy-1758223582.jpeg 640w, https:\/\/boldnews.al\/wp-content\/uploads\/2025\/09\/640-0-harta-ku-do-te-zhvendosen-shtepia-e-femijes-dhe-inspektoriatet-copy-1758223582-120x86.jpeg 120w\" alt=\"\" width=\"640\" height=\"452\" data-pin-no-hover=\"true\" \/><figcaption id=\"caption-attachment-1601193\" class=\"wp-caption-text\"><em>N\u00eb foto: Harta ku do t\u00eb zhvendosen Sht\u00ebpia e F\u00ebmij\u00ebs dhe Inspektoriatet<\/em><\/figcaption><\/figure>\n<p>Nd\u00ebrkoh\u00eb, prona e tret\u00eb \u00ebsht\u00eb\u00a0ajo me sip\u00ebrfaqe 5,219 m2, e transferuar n\u00eb pron\u00ebsi t\u00eb AIC, do t\u00eb jet\u00eb p\u00ebr zhvillim publik p\u00ebr nd\u00ebrtimin e nj\u00eb sht\u00ebpie t\u00eb re p\u00ebr f\u00ebmij\u00ebt e qendr\u00ebs Zyber Hallulli.<\/p>\n<p>Duket se, godina e Inspektoriateve dhe Sht\u00ebpia e re e F\u00ebmij\u00ebve do t\u00eb zhvendoset n\u00eb rrug\u00ebn Gramoz Pashko. Trualli q\u00eb ato l\u00ebn\u00eb, me sip\u00ebrfaqe t\u00eb st\u00ebrmadhe, pritet t\u2019u jepet privat\u00ebve p\u00ebr t\u00eb nd\u00ebrtuar kulla. Nj\u00eb histori tep\u00ebr e dyshimt\u00eb, ku nj\u00eb truall me vler\u00eb shum\u00eb her\u00eb m\u00eb t\u00eb lart\u00eb i jepet privatit, n\u00eb k\u00ebmbim t\u00eb dy godinave q\u00eb do t\u00eb nd\u00ebrtoj\u00eb pak n\u00eb periferi.<\/p>\n<figure id=\"attachment_1601194\" class=\"wp-caption alignnone\" aria-describedby=\"caption-attachment-1601194\"><img loading=\"lazy\" decoding=\"async\" class=\"size-full wp-image-1601194\" src=\"https:\/\/boldnews.al\/wp-content\/uploads\/2025\/09\/640-0-harta-ku-do-te-zhvendosen-shtepia-e-femijes-dhe-inspektoriatet2-copy-1758223582.jpeg\" alt=\"\" width=\"640\" height=\"918\" data-pin-no-hover=\"true\" \/><figcaption id=\"caption-attachment-1601194\" class=\"wp-caption-text\"><em>N\u00eb foto: Harta ku do t\u00eb zhvendosen Sht\u00ebpia e F\u00ebmij\u00ebs dhe Inspektoriatet<\/em><\/figcaption><\/figure>\n<p>N\u00eb dokument shkruhet se zona e par\u00eb p\u00ebrb\u00ebhet nga nj\u00eb truall prej 5,220 m\u00b2 n\u00eb Rrug\u00ebn Gramoz Pashko, n\u00eb af\u00ebrsi t\u00eb Kampusit t\u00eb Student\u00ebve n\u00eb Tiran\u00eb dhe Parkut t\u00eb Liqenit. \u201cKjo zon\u00eb me karakter \u201cqytet-kopsht\u201d ofron nj\u00eb mjedis m\u00eb t\u00eb sh\u00ebndetsh\u00ebm dhe m\u00eb t\u00eb gjelb\u00ebr sesa sht\u00ebpia aktuale e institucionit dhe siguron nj\u00eb kontekst ideal p\u00ebr nj\u00eb kampus q\u00eb t\u00eb ndihet si nj\u00eb fshat dhe jo si nj\u00eb streh\u00eb. Projekti \u00ebsht\u00eb menduar t\u00eb strehoj\u00eb rreth 40 f\u00ebmij\u00eb t\u00eb mosh\u00ebs 6\u201315 vje\u00e7\u201d thuhet n\u00eb dokument.<\/p>\n<p>Nd\u00ebrkoh\u00eb, zona e dyt\u00eb p\u00ebrb\u00ebhet nga nj\u00eb pron\u00eb prej 7,110 m\u00b2 n\u00eb Rrug\u00ebn e Elbasanit, n\u00eb af\u00ebrsi t\u00eb me Stadiumin \u201cAir Albania\u201d. \u201cSi sht\u00ebpia aktuale e F\u00ebmij\u00ebve \u2018Zyber Hallulli\u2019, ashtu edhe godina ekzistuese e Inspektorateve n\u00eb k\u00ebt\u00eb parcel\u00eb do t\u00eb shemben, duke i hapur rrug\u00eb nj\u00eb zhvillimi t\u00eb ri me p\u00ebrdorim t\u00eb p\u00ebrzier dhe dukshm\u00ebri t\u00eb lart\u00eb urbane. Ky projekt pritet t\u00eb kombinoj\u00eb funksione mikpritjeje, banimi, tregtie, zyra dhe sh\u00ebrbime, si dhe t\u00eb siguroj\u00eb hap\u00ebsira t\u00eb mjaftueshme parkimi n\u00ebntok\u00ebsor. Nd\u00ebrsa shp\u00ebrndarja e sakt\u00eb e k\u00ebtyre funksioneve u lihet n\u00eb dor\u00eb kreativitetit t\u00eb konkurruesve, nd\u00ebrtesa duhet t\u00eb synoj\u00eb t\u00eb b\u00ebhet nj\u00eb pik\u00eb referimi bashk\u00ebkohore q\u00eb kontribuon pozitivisht n\u00eb horizontin urban t\u00eb Tiran\u00ebs dhe n\u00eb hap\u00ebsir\u00ebn e saj publike\u201d thuhet n\u00eb dokument.<\/p>\n<p>E shkruar mjaft qart\u00eb se n\u00eb territorin ku aktualisht banojn\u00eb jetim\u00ebt do t\u00eb ngrihet kull\u00eb. Sipas mjeshtrave t\u00eb betonit, arkitekt\u00ebt duhet t\u00eb ken\u00eb n\u00eb nj\u00eb v\u00ebmendje t\u00eb ve\u00e7ant\u00eb marr\u00ebdh\u00ebnies midis nd\u00ebrtes\u00ebs dhe rrethin\u00ebs s\u00eb saj, se si ajo gjall\u00ebron nivelin e rrug\u00ebs, lidhet me lagjet p\u00ebrreth dhe integron hap\u00ebsira publike q\u00eb i sh\u00ebrbejn\u00eb si komunitetit, ashtu edhe p\u00ebrdoruesve t\u00eb ardhsh\u00ebm.<\/p>\n<p>\u201cE vendosur n\u00eb nj\u00eb truall me dukshm\u00ebri t\u00eb lart\u00eb pran\u00eb Stadiumit \u2018Air Albania\u2019, ky projekt duhet t\u00eb nd\u00ebrthur\u00eb mikpritjen, pun\u00ebn dhe biznesin, sh\u00ebrbimet, tregtin\u00eb dhe arg\u00ebtimin, banimin dhe parkimin n\u00eb nj\u00eb t\u00ebr\u00ebsi dinamike\u201d, pohon Korporata.<strong>\/<a href=\"https:\/\/www.voxnews.al\/fokus\/mjeshtrat-e-betonit-nuk-kursejne-as-jetimet-shtepine-e-femijes-zyber-hallu-i100135\" target=\"_blank\" rel=\"noopener\">Vox News<\/a><\/strong><\/p>\n<p>&nbsp;<\/p>\n<div class=\"jeg_ad jeg_ad_article jnews_content_inline_3_ads  \">\n<div class=\"ads-wrapper align-center \">\n<div class=\"ads_code\">\n<div class=\"desktopi\" align=\"center\"><ins id=\"revive-0-3\" data-revive-zoneid=\"138\" data-revive-id=\"2581c650fb61ab0cf7e084114e7ddb41\" data-revive-seq=\"3\" data-revive-loaded=\"1\"><\/p>\n<div id=\"beacon_aea583716b\"><img loading=\"lazy\" decoding=\"async\" src=\"https:\/\/ads.adsense.al\/www\/delivery\/lg.php?bannerid=0&amp;campaignid=0&amp;zoneid=138&amp;loc=https%3A%2F%2Fboldnews.al%2F2025%2F09%2F20%2Fcmenduria-e-radhes-edhe-shtepia-e-femijeve-jetime-zyber-hallulli-do-u-jepet-oligarkeve-per-kulla%2F&amp;referer=https%3A%2F%2Fboldnews.al%2F&amp;cb=aea583716b\" alt=\"\" width=\"0\" height=\"0\" \/><\/div>\n<p><\/ins><\/div>\n<\/div>\n<\/div>\n<\/div>\n","protected":false},"excerpt":{"rendered":"<p>Projekti i radh\u00ebs i Korporat\u00ebs s\u00eb Investimeve Shqiptare prek edhe f\u00ebmij\u00ebt jetim\u00eb, ku n\u00eb truallin e Sht\u00ebpis\u00eb s\u00eb F\u00ebmij\u00ebs \u201cZyber Hallulli\u201d do t\u00eb nd\u00ebrtohet nj\u00eb kull\u00eb e st\u00ebrmadhe. Mjeshtrat e betonit duket se nuk kursejn\u00eb ask\u00ebnd, as jetim\u00ebt, t\u00eb cil\u00ebt kan\u00eb nj\u00eb jet\u00eb t\u00eb t\u00ebr\u00eb q\u00eb jetojn\u00eb atje. P\u00ebr t\u00eb mos th\u00ebn\u00eb personali, ku dihet &hellip;<\/p>\n","protected":false},"author":4,"featured_media":123722,"comment_status":"closed","ping_status":"closed","sticky":false,"template":"","format":"standard","meta":{"footnotes":""},"categories":[37],"tags":[],"class_list":["post-123721","post","type-post","status-publish","format-standard","has-post-thumbnail","","category-politike"],"_links":{"self":[{"href":"https:\/\/rdnews.al\/index.php\/wp-json\/wp\/v2\/posts\/123721","targetHints":{"allow":["GET"]}}],"collection":[{"href":"https:\/\/rdnews.al\/index.php\/wp-json\/wp\/v2\/posts"}],"about":[{"href":"https:\/\/rdnews.al\/index.php\/wp-json\/wp\/v2\/types\/post"}],"author":[{"embeddable":true,"href":"https:\/\/rdnews.al\/index.php\/wp-json\/wp\/v2\/users\/4"}],"replies":[{"embeddable":true,"href":"https:\/\/rdnews.al\/index.php\/wp-json\/wp\/v2\/comments?post=123721"}],"version-history":[{"count":1,"href":"https:\/\/rdnews.al\/index.php\/wp-json\/wp\/v2\/posts\/123721\/revisions"}],"predecessor-version":[{"id":123723,"href":"https:\/\/rdnews.al\/index.php\/wp-json\/wp\/v2\/posts\/123721\/revisions\/123723"}],"wp:featuredmedia":[{"embeddable":true,"href":"https:\/\/rdnews.al\/index.php\/wp-json\/wp\/v2\/media\/123722"}],"wp:attachment":[{"href":"https:\/\/rdnews.al\/index.php\/wp-json\/wp\/v2\/media?parent=123721"}],"wp:term":[{"taxonomy":"category","embeddable":true,"href":"https:\/\/rdnews.al\/index.php\/wp-json\/wp\/v2\/categories?post=123721"},{"taxonomy":"post_tag","embeddable":true,"href":"https:\/\/rdnews.al\/index.php\/wp-json\/wp\/v2\/tags?post=123721"}],"curies":[{"name":"wp","href":"https:\/\/api.w.org\/{rel}","templated":true}]}}