{"id":123727,"date":"2025-09-20T08:31:35","date_gmt":"2025-09-20T08:31:35","guid":{"rendered":"https:\/\/rdnews.al\/?p=123727"},"modified":"2025-09-20T08:31:35","modified_gmt":"2025-09-20T08:31:35","slug":"opinioni-i-venecias-per-mandatet-ne-gjykaten-kushtetuese-asgjesues-per-rrembyesit-e-mandateve-te-saj","status":"publish","type":"post","link":"https:\/\/rdnews.al\/index.php\/2025\/09\/20\/opinioni-i-venecias-per-mandatet-ne-gjykaten-kushtetuese-asgjesues-per-rrembyesit-e-mandateve-te-saj\/","title":{"rendered":"Opinioni i Venecias p\u00ebr mandatet n\u00eb Gjykat\u00ebn Kushtetuese asgjesues p\u00ebr rr\u00ebmbyesit e mandateve t\u00eb saj!"},"content":{"rendered":"<p><strong>Nga Petrit VASILI<\/strong><\/p>\n<p>Loj\u00ebs s\u00eb pist\u00eb t\u00eb rr\u00ebmbyesve t\u00eb mandateve t\u00eb Gjykat\u00ebs Kushtetuese i ka dal\u00eb boja dhe bashk\u00eb me t\u00eb edhe gjith\u00eb loj\u00ebs me rrotacionin e mandateve.<\/p>\n<p>Pa pasur nevoj\u00eb p\u00ebr t\u00eb d\u00ebgjuar d\u00ebnglat e k\u00ebtyre pazarxhinjve mediok\u00ebr Komisioni i Venecias ka folur kaq qart\u00eb dhe ka treguar rrug\u00ebn se si duhet t\u00eb ecet p\u00ebr \u00e7\u00ebshtjen e mandateve n\u00eb Kushtetuese.<\/p>\n<p><strong>JA \u00c7FAR\u00cb THOT\u00cb VENECIA:<\/strong><\/p>\n<p>N\u00eb Opinionin No. 978\/2020 CDL-AD(2020)010 \u201cOn the appointment of judges to the Constitutional Court\u201d states in its paragraph 107 as follows:<\/p>\n<p>\u201c\ufe0fModeli kushtetues i miratuar n\u00eb vitin 2016 \u00ebsht\u00eb shum\u00eb kompleks dhe, n\u00eb planin afatgjat\u00eb, do t\u00eb rekomandonte thjeshtimin e tij, n\u00eb radh\u00eb t\u00eb par\u00eb duke hequr rregullin e renditjes.<\/p>\n<p>Kuotat e tre organeve em\u00ebruese mund t\u00eb ruhen duke ia caktuar automatikisht rinovimin e nj\u00eb mandati t\u00eb nj\u00ebjtit autoritet q\u00eb kishte em\u00ebruar gjyqtarin n\u00eb largim\u201d.<\/p>\n<p>\u201cS\u00eb dyti, duhet t\u00eb hiqen vitet fikse t\u00eb fillimit dhe mbarimit t\u00eb mandateve n\u00ebnt\u00ebvje\u00e7are.<\/p>\n<p>Gjyqtar\u00ebt kushtetues duhet t\u00eb g\u00ebzojn\u00eb gjithmon\u00eb nj\u00eb mandat t\u00eb plot\u00eb n\u00ebnt\u00ebvje\u00e7ar, edhe n\u00ebse jan\u00eb zgjedhur me nj\u00ebfar\u00eb vonese ose n\u00ebse marrin nj\u00eb mandat q\u00eb \u00ebsht\u00eb nd\u00ebrprer\u00eb para kohe; ky ndryshim nuk duhet t\u00eb krijoj\u00eb probleme pasi t\u00eb hiqet sekuenca.<\/p>\n<p>Ky ndryshim do ta b\u00ebnte pozicionin e gjyqtarit kushtetues m\u00eb t\u00ebrheq\u00ebs p\u00ebr kandidat\u00ebt e kualifikuar, por edhe m\u00eb kuptimplot\u00eb\u201d. (paragrafi 107).<\/p>\n<p><strong>E KA LEXUAR SADUSHI DHE BEGA?<\/strong><\/p>\n<p>Sigurisht q\u00eb po, sepse opinioni i Venecias ka qen\u00eb zyrtar dhe shterrues.<\/p>\n<p><strong>PSE B\u00cbJN\u00cb SIKUR HARROJN\u00cb K\u00cbTA DHE K\u00cbRKOJN\u00cb INTERPRETIME?<\/strong><\/p>\n<p>B\u00ebjn\u00eb sikur harrojn\u00eb sepse interesi i tyre p\u00ebr t\u00eb kapur me \u00e7do kusht Gjykat\u00ebn Kushtetuese \u00ebsht\u00eb skizofrenik dhe n\u00eb funksion t\u00eb halleve dhe objektivave respektive.<\/p>\n<p>N\u00eb t\u00eb kund\u00ebrt, Opinioni i Venecias, i cili \u00ebsht\u00eb shterrues, do t\u2019i b\u00ebnte q\u00eb ata, q\u00eb n\u00ebse ishin t\u00eb past\u00ebr n\u00eb veprimet e tyre, as t\u00eb mos e imagjinonin dhe jo m\u00eb ta nd\u00ebrmerrnin nj\u00eb loj\u00eb t\u00eb till\u00eb.<\/p>\n<p>K\u00ebta kan\u00eb kurajon e \u00e7mendur q\u00eb t\u00eb dalin edhe mbi Venecian dhe me disa jurist\u00eb deficente t\u00eb guxojn\u00eb t\u00eb b\u00ebjn\u00eb edhe interpretime t\u00eb Kushtetut\u00ebs sipas qejfit dhe hallit q\u00eb i udh\u00ebheq.<\/p>\n<p><strong>P\u00cbRFUNDIME<\/strong>:<\/p>\n<p>Situata faktike pas ndryshimeve kushtetuese t\u00eb korrikut 2016 e b\u00ebn\u00eb absolutisht t\u00eb pamundur respektimin e rregullit t\u00eb rotacionit. Kjo u shkaktua nga bllokimi i q\u00ebllimsh\u00ebm i KED nga rilindja q\u00eb solli vonesa t\u00eb m\u00ebdha n\u00eb zgjedhjen e gjyqtar\u00ebve t\u00eb rinj, t\u00eb cil\u00ebt sipas Kushtetut\u00ebs u zgjodh\u00ebn p\u00ebr nj\u00eb mandat t\u00eb plot\u00eb n\u00eb dhe pas vitit 2019, mandat i cili mbaron pas 9 vitesh, n\u00eb vitin 2028 dhe m\u00eb pas.<\/p>\n<p>N\u00eb situat\u00ebn aktuale \u00ebsht\u00eb jetike t\u00eb aplikohet parimi kushtetues, q\u00eb \u00ebsht\u00eb soliditeti i mandateve, koh\u00ebzgjatja e mandatit t\u00eb plot\u00eb dhe ndalimi i kufizimit t\u00eb tij sepse p\u00ebrt\u00ebritja e p\u00ebrb\u00ebrjes s\u00eb Gjykat\u00ebs Kushtetuese \u00ebsht\u00eb qart\u00ebsisht nj\u00eb situat\u00eb t\u00ebr\u00ebsisht e tejkaluar.<\/p>\n<p>N\u00ebse rrotacioni ishte i nevojsh\u00ebm menj\u00ebher\u00eb pas krijimit t\u00eb Gjykat\u00ebs Kushtetuese p\u00ebr her\u00eb t\u00eb par\u00eb p\u00ebr t\u00eb siguruar funksionimin e saj, tashm\u00eb nj\u00eb gj\u00eb e till\u00eb \u00ebsht\u00eb arritur plot\u00ebsisht dhe Gjykata Kushtetuese nuk ka asnj\u00eb rrezik, q\u00eb t\u00eb bllokohet kurr\u00eb n\u00eb funksionimin e saj.<\/p>\n<p>Po t\u2019i referohemi fakteve, t\u00eb gjith\u00eb gjyqtar\u00ebt kushtetues zgjidhen n\u00eb koh\u00eb t\u00eb ndryshme dhe, rrjedhimisht, po n\u00eb koh\u00eb t\u00eb ndryshme mbarojn\u00eb afatet e mandateve t\u00eb tyre. Rrjedhimisht, k\u00ebrkesa e nenit 125, pika 6, e Kushtetut\u00ebs \u00ebsht\u00eb tashm\u00eb e ezauruar plot\u00ebsisht.<\/p>\n<p>Pazaret q\u00eb realizohen p\u00ebrmes fake interpretimeve jan\u00eb qartazi loj\u00ebra mafioze t\u00eb dala boje.<br \/>\nVenecia ka folur shum\u00eb qart\u00eb duke treguar q\u00eb s\u2019ka vend p\u00ebr interpretime, por n\u00ebse duan t\u00eb shkojn\u00eb n\u00eb Kuvend dhe t\u00eb ndryshojn\u00eb Kushtetut\u00ebn.<\/p>\n","protected":false},"excerpt":{"rendered":"<p>Nga Petrit VASILI Loj\u00ebs s\u00eb pist\u00eb t\u00eb rr\u00ebmbyesve t\u00eb mandateve t\u00eb Gjykat\u00ebs Kushtetuese i ka dal\u00eb boja dhe bashk\u00eb me t\u00eb edhe gjith\u00eb loj\u00ebs me rrotacionin e mandateve. Pa pasur nevoj\u00eb p\u00ebr t\u00eb d\u00ebgjuar d\u00ebnglat e k\u00ebtyre pazarxhinjve mediok\u00ebr Komisioni i Venecias ka folur kaq qart\u00eb dhe ka treguar rrug\u00ebn se si duhet t\u00eb ecet &hellip;<\/p>\n","protected":false},"author":4,"featured_media":123728,"comment_status":"closed","ping_status":"closed","sticky":false,"template":"","format":"standard","meta":{"footnotes":""},"categories":[37],"tags":[],"class_list":["post-123727","post","type-post","status-publish","format-standard","has-post-thumbnail","","category-politike"],"_links":{"self":[{"href":"https:\/\/rdnews.al\/index.php\/wp-json\/wp\/v2\/posts\/123727","targetHints":{"allow":["GET"]}}],"collection":[{"href":"https:\/\/rdnews.al\/index.php\/wp-json\/wp\/v2\/posts"}],"about":[{"href":"https:\/\/rdnews.al\/index.php\/wp-json\/wp\/v2\/types\/post"}],"author":[{"embeddable":true,"href":"https:\/\/rdnews.al\/index.php\/wp-json\/wp\/v2\/users\/4"}],"replies":[{"embeddable":true,"href":"https:\/\/rdnews.al\/index.php\/wp-json\/wp\/v2\/comments?post=123727"}],"version-history":[{"count":1,"href":"https:\/\/rdnews.al\/index.php\/wp-json\/wp\/v2\/posts\/123727\/revisions"}],"predecessor-version":[{"id":123729,"href":"https:\/\/rdnews.al\/index.php\/wp-json\/wp\/v2\/posts\/123727\/revisions\/123729"}],"wp:featuredmedia":[{"embeddable":true,"href":"https:\/\/rdnews.al\/index.php\/wp-json\/wp\/v2\/media\/123728"}],"wp:attachment":[{"href":"https:\/\/rdnews.al\/index.php\/wp-json\/wp\/v2\/media?parent=123727"}],"wp:term":[{"taxonomy":"category","embeddable":true,"href":"https:\/\/rdnews.al\/index.php\/wp-json\/wp\/v2\/categories?post=123727"},{"taxonomy":"post_tag","embeddable":true,"href":"https:\/\/rdnews.al\/index.php\/wp-json\/wp\/v2\/tags?post=123727"}],"curies":[{"name":"wp","href":"https:\/\/api.w.org\/{rel}","templated":true}]}}