{"id":123730,"date":"2025-09-20T09:38:23","date_gmt":"2025-09-20T09:38:23","guid":{"rendered":"https:\/\/rdnews.al\/?p=123730"},"modified":"2025-09-20T09:38:54","modified_gmt":"2025-09-20T09:38:54","slug":"genta-vangjeli-rama-shpiku-diellen-pasi-askush-nuk-po-i-firmoste-urdherat-e-paligjshem-diella-eshte-vete-rama-dhe-nuk-ploteson-asnje-kriter-ligjor","status":"publish","type":"post","link":"https:\/\/rdnews.al\/index.php\/2025\/09\/20\/genta-vangjeli-rama-shpiku-diellen-pasi-askush-nuk-po-i-firmoste-urdherat-e-paligjshem-diella-eshte-vete-rama-dhe-nuk-ploteson-asnje-kriter-ligjor\/","title":{"rendered":"Vangjeli: Rama shpiku Diell\u00ebn pasi askush nuk po i firmoste urdh\u00ebrat e paligjsh\u00ebm! Diella \u00ebsht\u00eb vet\u00eb Rama dhe nuk plot\u00ebson asnj\u00eb kriter ligjor"},"content":{"rendered":"<p><strong>Deklarata e z\u00ebdh\u00ebn\u00ebses s\u00eb Antikorrupsionit n\u00eb PD, Genta Vangjeli:<\/strong><\/p>\n<p>Refuzimi i administrat\u00ebs publike p\u00ebr t\u00eb zbatuar urdhrat e paligjsh\u00ebm, ka sjell\u00eb shpikjen e \u2018ministres virtuale\u2019 Diella nga Kryeministri Rama.<\/p>\n<p>N\u00eb kushtet e nj\u00eb presioni t\u00eb vazhduesh\u00ebm mbi punonj\u00ebsit e administrat\u00ebs publike gjat\u00eb qeverive Rama 1, 2 dhe 3, t\u00eb cil\u00ebt kan\u00eb refuzuar t\u00eb b\u00ebhen pjes\u00eb e shkeljeve ligjore n\u00eb procedurat e prokurimeve publike, Kryeministri ka zgjedhur t\u00eb krijoj\u00eb nj\u00eb mekaniz\u00ebm t\u00eb ri informal: t\u00eb ashtuquajtur\u00ebn \u2018ministre virtuale\u2019 Diella.<\/p>\n<p>Sipas Kryeministrit, Diella do t\u00eb garantoj\u00eb q\u00eb tenderat publik\u00eb t\u00eb jen\u00eb 100% t\u00eb pakorruptuesh\u00ebm dhe t\u00ebr\u00ebsisht transparent\u00eb.<\/p>\n<figure class=\"wp-block-image size-full\"><img loading=\"lazy\" decoding=\"async\" class=\"wp-image-23519\" src=\"https:\/\/pd.al\/wp-content\/uploads\/2025\/09\/dekretimi.png\" sizes=\"auto, (max-width: 622px) 100vw, 622px\" srcset=\"https:\/\/pd.al\/wp-content\/uploads\/2025\/09\/dekretimi.png 622w, https:\/\/pd.al\/wp-content\/uploads\/2025\/09\/dekretimi-235x300.png 235w\" alt=\"\" width=\"622\" height=\"793\" \/><\/figure>\n<p>Por n\u00eb thelb, kjo nism\u00eb ngre nj\u00eb s\u00ebr\u00eb shqet\u00ebsimesh serioze ligjore dhe kushtetuese:<\/p>\n<p>Koncepti i \u2018ministrit virtual\u2019 nuk ekziston n\u00eb asnj\u00eb nen t\u00eb Kushtetut\u00ebs apo ligjeve shqiptare. Em\u00ebrimi, betimi dhe shkarkimi i nj\u00eb ministri rregullohet qart\u00eb n\u00eb ligj, dhe nuk mund t\u00eb z\u00ebvend\u00ebsohet me nj\u00eb entitet t\u00eb paidentifikuar ligj\u00ebrisht.<\/p>\n<p>Mungon \u00e7do form\u00eb e p\u00ebrgjegjshm\u00ebris\u00eb ligjore apo institucionale p\u00ebr k\u00ebt\u00eb \u2018minist\u00ebr virtual\u2019. Kush e mbik\u00ebqyr Diell\u00ebn? Kush mban p\u00ebrgjegj\u00ebsi n\u00eb rast shkeljesh ligjore apo d\u00ebmi ndaj financave publike?<\/p>\n<p>Ligji p\u00ebr prokurimin publik p\u00ebrcakton qart\u00eb ndarjen e roleve dhe p\u00ebrgjegj\u00ebsive. Nga titullari i autoritetit kontraktor, te p\u00ebrgatitja e fondit limit, hartimi i specifikimeve teknike, vler\u00ebsimi i ofertave dhe mbik\u00ebqyrja e zbatimit t\u00eb kontrat\u00ebs \u2013 \u00e7do hap \u00ebsht\u00eb i rregulluar dhe i ndar\u00eb mes aktor\u00ebsh t\u00eb ndrysh\u00ebm, p\u00ebr t\u00eb shmangur pik\u00ebrisht p\u00ebrqendrimin e pushtetit dhe abuzimet.<\/p>\n<p>Kryeministri Rama ka p\u00ebrqendruar n\u00eb m\u00ebnyr\u00eb t\u00eb paprecedent\u00eb t\u00eb gjitha funksionet e sistemit t\u00eb prokurimit n\u00eb nj\u00eb dor\u00eb t\u00eb vetme, n\u00eb at\u00eb t\u00eb Diell\u00ebs, q\u00eb n\u00eb fakt \u00ebsht\u00eb nj\u00eb zgjatim i vet\u00eb Kryeministrit.<\/p>\n<p>Ky \u00ebsht\u00eb thelbi i problemit me korrupsionin n\u00eb tendera: jo sistemi elektronik i prokurimeve, i cili \u00ebsht\u00eb i sigurt, dhe as legjislacioni ekzistues, por nd\u00ebrhyrjet e vazhdueshme p\u00ebr t\u00eb shpallur fitues operator\u00eb t\u00eb paracaktuar, n\u00eb kund\u00ebrshtim me kriteret e ligjshme t\u00eb gar\u00ebs.<\/p>\n<p>Dekreti i Presidentit t\u00eb Republik\u00ebs, konfirmoi zyrtarisht p\u00ebrfshirjen e Kryeministrit n\u00eb ngritjen dhe drejtimin e k\u00ebsaj strukture joformale, p\u00ebrmes t\u00eb cil\u00ebs ai synon t\u00eb ushtroj\u00eb kontroll absolut mbi fondet publike.<\/p>\n<p>\u2018Ministrja virtuale Diella\u2019, ose ndryshe, vet\u00eb Edi Rama, nuk i plot\u00ebson kriteret ligjore p\u00ebr nj\u00eb administrim efikas, efektiv dhe ekonomik t\u00eb burimeve publike.<\/p>\n<p>Ky mekaniz\u00ebm nuk garanton transparenc\u00eb, ligjshm\u00ebri, apo mbrojtje ndaj keqp\u00ebrdorimit dhe vjedhjes s\u00eb pasuris\u00eb publike, p\u00ebrkundrazi, i hap rrug\u00ebn abuzimit pa asnj\u00eb llogaridh\u00ebnie.<\/p>\n","protected":false},"excerpt":{"rendered":"<p>Deklarata e z\u00ebdh\u00ebn\u00ebses s\u00eb Antikorrupsionit n\u00eb PD, Genta Vangjeli: Refuzimi i administrat\u00ebs publike p\u00ebr t\u00eb zbatuar urdhrat e paligjsh\u00ebm, ka sjell\u00eb shpikjen e \u2018ministres virtuale\u2019 Diella nga Kryeministri Rama. N\u00eb kushtet e nj\u00eb presioni t\u00eb vazhduesh\u00ebm mbi punonj\u00ebsit e administrat\u00ebs publike gjat\u00eb qeverive Rama 1, 2 dhe 3, t\u00eb cil\u00ebt kan\u00eb refuzuar t\u00eb b\u00ebhen pjes\u00eb &hellip;<\/p>\n","protected":false},"author":4,"featured_media":123731,"comment_status":"closed","ping_status":"closed","sticky":false,"template":"","format":"standard","meta":{"footnotes":""},"categories":[37],"tags":[],"class_list":["post-123730","post","type-post","status-publish","format-standard","has-post-thumbnail","","category-politike"],"_links":{"self":[{"href":"https:\/\/rdnews.al\/index.php\/wp-json\/wp\/v2\/posts\/123730","targetHints":{"allow":["GET"]}}],"collection":[{"href":"https:\/\/rdnews.al\/index.php\/wp-json\/wp\/v2\/posts"}],"about":[{"href":"https:\/\/rdnews.al\/index.php\/wp-json\/wp\/v2\/types\/post"}],"author":[{"embeddable":true,"href":"https:\/\/rdnews.al\/index.php\/wp-json\/wp\/v2\/users\/4"}],"replies":[{"embeddable":true,"href":"https:\/\/rdnews.al\/index.php\/wp-json\/wp\/v2\/comments?post=123730"}],"version-history":[{"count":2,"href":"https:\/\/rdnews.al\/index.php\/wp-json\/wp\/v2\/posts\/123730\/revisions"}],"predecessor-version":[{"id":123733,"href":"https:\/\/rdnews.al\/index.php\/wp-json\/wp\/v2\/posts\/123730\/revisions\/123733"}],"wp:featuredmedia":[{"embeddable":true,"href":"https:\/\/rdnews.al\/index.php\/wp-json\/wp\/v2\/media\/123731"}],"wp:attachment":[{"href":"https:\/\/rdnews.al\/index.php\/wp-json\/wp\/v2\/media?parent=123730"}],"wp:term":[{"taxonomy":"category","embeddable":true,"href":"https:\/\/rdnews.al\/index.php\/wp-json\/wp\/v2\/categories?post=123730"},{"taxonomy":"post_tag","embeddable":true,"href":"https:\/\/rdnews.al\/index.php\/wp-json\/wp\/v2\/tags?post=123730"}],"curies":[{"name":"wp","href":"https:\/\/api.w.org\/{rel}","templated":true}]}}