{"id":123734,"date":"2025-09-20T11:24:56","date_gmt":"2025-09-20T11:24:56","guid":{"rendered":"https:\/\/rdnews.al\/?p=123734"},"modified":"2025-09-20T11:24:56","modified_gmt":"2025-09-20T11:24:56","slug":"i-detyroi-shqiptaret-te-largohen-nga-vendi-rama-gjen-zgjidhje-per-mjeket-do-te-terheqim-te-huaj","status":"publish","type":"post","link":"https:\/\/rdnews.al\/index.php\/2025\/09\/20\/i-detyroi-shqiptaret-te-largohen-nga-vendi-rama-gjen-zgjidhje-per-mjeket-do-te-terheqim-te-huaj\/","title":{"rendered":"I detyroi shqiptar\u00ebt t\u00eb largohen nga vendi, Rama gjen \u201czgjidhje\u201d p\u00ebr mjek\u00ebt: Do t\u00eb t\u00ebrheqim t\u00eb huaj&#8230;"},"content":{"rendered":"<p>Gjat\u00eb 12 viteve t\u00eb qeverisjes s\u00eb Edi Ram\u00ebs, jan\u00eb larguar rreth 1 milion\u00eb shqiptar\u00eb nga vendi, ku Shqip\u00ebris\u00eb i \u00ebsht\u00eb larguar \u201ctruri\u201d, rinia e arsimuar.<\/p>\n<p>Eksod ka patur edhe tek bluzat e bardha, ku shum\u00eb mjek\u00eb dhe infermier\u00eb jan\u00eb larguar drejt Gjermanis\u00eb, aq sa e detyroi Qeverin\u00eb q\u00eb t\u00eb b\u00ebnte nj\u00eb ligj t\u00eb posa\u00e7\u00ebm q\u00eb t\u2019i detyronte student\u00ebt e mjek\u00ebsis\u00eb t\u00eb punonin n\u00eb Shqip\u00ebri pas studimeve.<\/p>\n<p>E p\u00ebr t\u00eb mbuluar k\u00ebt\u00eb eksod t\u00eb madh, Edi Rama, gjat\u00eb prezantimit t\u00eb ministres s\u00eb Sh\u00ebndet\u00ebsis\u00eb Evis Sala, propozoi si zgjidhje afrimin e mjek\u00ebve t\u00eb huaj, ku harron faktin se mjk\u00ebt nga Shqip\u00ebria ikin p\u00ebr shkak t\u00eb rrogave dhe kushteve.<\/p>\n<p>&#8220;Nuk duhet t\u00eb vendosim asnj\u00eb limit n\u00eb ambicie, ta shohim si t\u00eb natyrshme t\u00eb t\u00ebrheqim jo vet\u00ebm mjek\u00eb shqiptar\u00eb q\u00eb jan\u00eb jasht\u00eb, por edhe mjek\u00eb t\u00eb huaj p\u00ebr t\u00eb punuar bashk\u00eb me ju. Jemi n\u00eb momentin e duhur p\u00ebr t\u00eb rienergjizuar t\u00eb gjith\u00eb s\u00eb bashku veten dhe p\u00ebr ta par\u00eb \u00e7do gj\u00eb si fillim t\u00eb ri. Kjo infrastruktur\u00eb q\u00eb nuk ka \u00e7far\u00eb ti ket\u00eb zili fare as spitaleve m\u00eb n\u00eb z\u00eb, \u00ebsht\u00eb p\u00ebr momentin mure, pajisje, dhe hap\u00ebsira. Sdfia \u00ebsht\u00eb q\u00eb edhe sh\u00ebrbimi brenda t\u00eb jet\u00eb n\u00eb t\u00eb nj\u00ebjtin nivel. Nuk mund t\u00eb pretendojm\u00eb t\u00eb hyjm\u00eb n\u00eb 100 spitalet m\u00eb t\u00eb mira t\u00eb bot\u00ebs, p\u00ebr 1001 arsye. S\u2019kemi pse QSUT t\u00eb mos e kemi n\u00eb 500 spitalet m\u00eb t\u00eb mira t\u00eb bot\u00ebs, s\u2019ka asnj\u00eb arsye pse jo\u201d, tha Rama.<\/p>\n","protected":false},"excerpt":{"rendered":"<p>Gjat\u00eb 12 viteve t\u00eb qeverisjes s\u00eb Edi Ram\u00ebs, jan\u00eb larguar rreth 1 milion\u00eb shqiptar\u00eb nga vendi, ku Shqip\u00ebris\u00eb i \u00ebsht\u00eb larguar \u201ctruri\u201d, rinia e arsimuar. Eksod ka patur edhe tek bluzat e bardha, ku shum\u00eb mjek\u00eb dhe infermier\u00eb jan\u00eb larguar drejt Gjermanis\u00eb, aq sa e detyroi Qeverin\u00eb q\u00eb t\u00eb b\u00ebnte nj\u00eb ligj t\u00eb posa\u00e7\u00ebm q\u00eb &hellip;<\/p>\n","protected":false},"author":4,"featured_media":123735,"comment_status":"closed","ping_status":"closed","sticky":false,"template":"","format":"standard","meta":{"footnotes":""},"categories":[37],"tags":[],"class_list":["post-123734","post","type-post","status-publish","format-standard","has-post-thumbnail","","category-politike"],"_links":{"self":[{"href":"https:\/\/rdnews.al\/index.php\/wp-json\/wp\/v2\/posts\/123734","targetHints":{"allow":["GET"]}}],"collection":[{"href":"https:\/\/rdnews.al\/index.php\/wp-json\/wp\/v2\/posts"}],"about":[{"href":"https:\/\/rdnews.al\/index.php\/wp-json\/wp\/v2\/types\/post"}],"author":[{"embeddable":true,"href":"https:\/\/rdnews.al\/index.php\/wp-json\/wp\/v2\/users\/4"}],"replies":[{"embeddable":true,"href":"https:\/\/rdnews.al\/index.php\/wp-json\/wp\/v2\/comments?post=123734"}],"version-history":[{"count":1,"href":"https:\/\/rdnews.al\/index.php\/wp-json\/wp\/v2\/posts\/123734\/revisions"}],"predecessor-version":[{"id":123736,"href":"https:\/\/rdnews.al\/index.php\/wp-json\/wp\/v2\/posts\/123734\/revisions\/123736"}],"wp:featuredmedia":[{"embeddable":true,"href":"https:\/\/rdnews.al\/index.php\/wp-json\/wp\/v2\/media\/123735"}],"wp:attachment":[{"href":"https:\/\/rdnews.al\/index.php\/wp-json\/wp\/v2\/media?parent=123734"}],"wp:term":[{"taxonomy":"category","embeddable":true,"href":"https:\/\/rdnews.al\/index.php\/wp-json\/wp\/v2\/categories?post=123734"},{"taxonomy":"post_tag","embeddable":true,"href":"https:\/\/rdnews.al\/index.php\/wp-json\/wp\/v2\/tags?post=123734"}],"curies":[{"name":"wp","href":"https:\/\/api.w.org\/{rel}","templated":true}]}}