{"id":123737,"date":"2025-09-20T15:29:15","date_gmt":"2025-09-20T15:29:15","guid":{"rendered":"https:\/\/rdnews.al\/?p=123737"},"modified":"2025-09-20T15:29:15","modified_gmt":"2025-09-20T15:29:15","slug":"sali-berisha-homazh-per-abdi-baleten","status":"publish","type":"post","link":"https:\/\/rdnews.al\/index.php\/2025\/09\/20\/sali-berisha-homazh-per-abdi-baleten\/","title":{"rendered":"Sali Berisha\/ Homazh p\u00ebr Abdi Balet\u00ebn"},"content":{"rendered":"<p>Sali BERISHA<\/p>\n<p>T\u00eb dashur miq,<br \/>\nAbdi Baleta, nj\u00ebri nga politikan\u00ebt, intelektual\u00ebt dhe akademik\u00ebt m\u00eb t\u00eb njohur t\u00eb vendit, mbylli dje syt\u00eb p\u00ebrgjithmon\u00eb. Ish-ambasadori Abdi Baleta dha nj\u00eb kontribut t\u00eb \u00e7muar n\u00eb themelimin e pluralizmit politik dhe t\u00eb mediave t\u00eb lira n\u00eb Shqip\u00ebri. Ai ishte nd\u00ebr t\u00eb par\u00ebt diplomat\u00eb dhe intelektual\u00eb t\u00eb koh\u00ebs q\u00eb u bashkua n\u00eb dit\u00ebt e para t\u00eb l\u00ebvizjes demokratike.<\/p>\n<p>N\u00eb dhjetor 1990 ai mb\u00ebshteti themelimin e PDSH-s\u00eb dhe, q\u00eb n\u00eb ato dit\u00eb, me nj\u00eb grup intelektual\u00ebsh, themeloi Komitetin Shqiptar t\u00eb Helsinkit. Abdi Baleta, n\u00eb vitet 1991-1996, ishte deputet i Partis\u00eb Demokratike dhe n\u00eb ato vite ai themeloi dhe drejtoi Partin\u00eb e djatht\u00eb \u201cRim\u00ebk\u00ebmbja Komb\u00ebtare\u201d, si dhe botoi gazet\u00ebn e saj \u201cRim\u00ebk\u00ebmbja\u201d.<\/p>\n<p>Avokat i apasionuar i \u00e7\u00ebshtjes komb\u00ebtare, polemist, autor i qindra e qindra artikujve dhe fjalimeve, Abdi Baleta mbrojti me p\u00ebrkushtim dhe vendosm\u00ebri t\u00eb pal\u00ebkundur interesin komb\u00ebtar dhe mendimet, vlerat, parimet, idealet n\u00eb t\u00eb cilat ai besonte.<\/p>\n<p>Duke shprehur nderimin tim t\u00eb thell\u00eb p\u00ebr ndihmes\u00ebn e tij t\u00eb \u00e7muar dhe bashk\u00ebpunimin q\u00eb kemi pasur, i shpreh familjes s\u00eb nderuar Baleta, miqve dhe t\u00eb af\u00ebrmve t\u00eb tij ngush\u00ebllimet e mia m\u00eb t\u00eb ndjera dhe lutem s\u00eb bashku me ta q\u00eb shpirti i tij i mir\u00eb t\u00eb gjej\u00eb paqen e merituar.<\/p>\n<p>Amin.<\/p>\n","protected":false},"excerpt":{"rendered":"<p>Sali BERISHA T\u00eb dashur miq, Abdi Baleta, nj\u00ebri nga politikan\u00ebt, intelektual\u00ebt dhe akademik\u00ebt m\u00eb t\u00eb njohur t\u00eb vendit, mbylli dje syt\u00eb p\u00ebrgjithmon\u00eb. Ish-ambasadori Abdi Baleta dha nj\u00eb kontribut t\u00eb \u00e7muar n\u00eb themelimin e pluralizmit politik dhe t\u00eb mediave t\u00eb lira n\u00eb Shqip\u00ebri. Ai ishte nd\u00ebr t\u00eb par\u00ebt diplomat\u00eb dhe intelektual\u00eb t\u00eb koh\u00ebs q\u00eb u bashkua &hellip;<\/p>\n","protected":false},"author":3,"featured_media":123738,"comment_status":"closed","ping_status":"closed","sticky":false,"template":"","format":"standard","meta":{"footnotes":""},"categories":[44],"tags":[],"class_list":["post-123737","post","type-post","status-publish","format-standard","has-post-thumbnail","","category-editorial"],"_links":{"self":[{"href":"https:\/\/rdnews.al\/index.php\/wp-json\/wp\/v2\/posts\/123737","targetHints":{"allow":["GET"]}}],"collection":[{"href":"https:\/\/rdnews.al\/index.php\/wp-json\/wp\/v2\/posts"}],"about":[{"href":"https:\/\/rdnews.al\/index.php\/wp-json\/wp\/v2\/types\/post"}],"author":[{"embeddable":true,"href":"https:\/\/rdnews.al\/index.php\/wp-json\/wp\/v2\/users\/3"}],"replies":[{"embeddable":true,"href":"https:\/\/rdnews.al\/index.php\/wp-json\/wp\/v2\/comments?post=123737"}],"version-history":[{"count":1,"href":"https:\/\/rdnews.al\/index.php\/wp-json\/wp\/v2\/posts\/123737\/revisions"}],"predecessor-version":[{"id":123739,"href":"https:\/\/rdnews.al\/index.php\/wp-json\/wp\/v2\/posts\/123737\/revisions\/123739"}],"wp:featuredmedia":[{"embeddable":true,"href":"https:\/\/rdnews.al\/index.php\/wp-json\/wp\/v2\/media\/123738"}],"wp:attachment":[{"href":"https:\/\/rdnews.al\/index.php\/wp-json\/wp\/v2\/media?parent=123737"}],"wp:term":[{"taxonomy":"category","embeddable":true,"href":"https:\/\/rdnews.al\/index.php\/wp-json\/wp\/v2\/categories?post=123737"},{"taxonomy":"post_tag","embeddable":true,"href":"https:\/\/rdnews.al\/index.php\/wp-json\/wp\/v2\/tags?post=123737"}],"curies":[{"name":"wp","href":"https:\/\/api.w.org\/{rel}","templated":true}]}}