{"id":123740,"date":"2025-09-20T15:46:12","date_gmt":"2025-09-20T15:46:12","guid":{"rendered":"https:\/\/rdnews.al\/?p=123740"},"modified":"2025-09-20T16:26:54","modified_gmt":"2025-09-20T16:26:54","slug":"agjencia-reuters-nxin-ramen-ktheu-vendin-ne-qendren-e-bandave-te-pastrimit-te-parave-te-droges","status":"publish","type":"post","link":"https:\/\/rdnews.al\/index.php\/2025\/09\/20\/agjencia-reuters-nxin-ramen-ktheu-vendin-ne-qendren-e-bandave-te-pastrimit-te-parave-te-droges\/","title":{"rendered":"Agjencia \u2018Reuters\u2019 nxin Ram\u00ebn: Ktheu vendin n\u00eb qendr\u00ebn e bandave t\u00eb pastrimit t\u00eb parave t\u00eb drog\u00ebs"},"content":{"rendered":"<p>Kaosi n\u00eb parlamentin e Shqip\u00ebris\u00eb ka b\u00ebr\u00eb xhiron e mediave nd\u00ebrkomb\u00ebtare. Agjencia e njohur e lajmeve \u201c<a href=\"https:\/\/www.reuters.com\/world\/albanias-rama-starts-fourth-term-pm-targets-eu-membership-2025-09-18\/\" target=\"_blank\" rel=\"noopener\">Reuters<\/a>\u201d shkruan se kuvendi shqiptar konfirmoi t\u00eb enjten nj\u00eb mandat t\u00eb kat\u00ebrt 4-vje\u00e7ar p\u00ebr kryeministrin Edi Rama, i cili u zotua se do ta b\u00ebnte misionin e tij q\u00eb vendi ballkanik t\u00eb bashkohet me Bashkimin Evropian deri n\u00eb vitin 2030.<\/p>\n<p>\u201cImazhi i Shqip\u00ebris\u00eb \u00ebsht\u00eb d\u00ebmtuar nga skandalet e korrupsionit dhe analist\u00ebt politik\u00eb thon\u00eb se vendi \u00ebsht\u00eb nj\u00eb qend\u00ebr p\u00ebr bandat q\u00eb k\u00ebrkojn\u00eb t\u00eb pastrojn\u00eb para nga trafikimi i drog\u00ebs dhe arm\u00ebve, duke i komplikuar p\u00ebrpjekjet e saj p\u00ebr t\u2019u bashkuar me BE-n\u00eb deri n\u00eb objektivin e saj t\u00eb vitit 2030\u201d \u2013 shkruan Reuters q\u00eb v\u00ebmendje i ka kushtuar edhe \u201cDiell\u00ebs\u201d.<\/p>\n<p>\u201cN\u00eb nj\u00eb veprim t\u00eb papritur, Rama jav\u00ebn e kaluar em\u00ebroi nj\u00eb robot t\u00eb gjeneruar nga Inteligjenca Artificiale t\u00eb quajtur Diella (Dielli) p\u00ebr t\u00eb menaxhuar dhe dh\u00ebn\u00eb tendera publik\u00eb kompanive private p\u00ebr t\u00eb adresuar shqet\u00ebsimet p\u00ebr korrupsion. Em\u00ebrimi u kritikua nga opozita si jokushtetues pasi roboti nuk \u00ebsht\u00eb njeri, nuk ka komb\u00ebsi shqiptare dhe mund t\u00eb \u00e7oj\u00eb n\u00eb m\u00eb shum\u00eb korrupsion\u201d \u2013 citohet n\u00eb shkrim.<\/p>\n<p>\u201cPolitikan\u00ebt e opozit\u00ebs gjithashtu kritikuan Ram\u00ebn p\u00ebr munges\u00ebn e debatit para votimit p\u00ebr qeverin\u00eb e re. \u201cKy mandat bazohet n\u00eb krim, n\u00eb korrupsion, n\u00eb drog\u00eb dhe n\u00eb shkelje t\u00eb Kushtetut\u00ebs dhe ligjeve t\u00eb vendit,\u201d tha Sali Berisha, kreu i Partis\u00eb Demokratike t\u00eb Shqip\u00ebris\u00eb, citon Reuters.<\/p>\n<p>Nd\u00ebrsa agjencia italiane e lajmeve <a href=\"https:\/\/www.ansa.it\/nuova_europa\/en\/news\/sections\/news\/2025\/09\/18\/albania-rama-wins-confidence-vote-amid-chaos-in-parliament_94b9211c-20c9-41f0-8e0f-5f58ff9f4d11.html\" target=\"_blank\" rel=\"noopener\">ANSA<\/a>shkruan se \u201cqeveria e kat\u00ebrt radhazi e kryeministrit shqiptar Edi Rama fitoi besimin e parlamentit sot n\u00eb nj\u00eb seanc\u00eb t\u00eb jasht\u00ebzakonshme q\u00eb supozohej t\u00eb zgjaste 25 or\u00eb, por p\u00ebrfundoi pas 25 minutash\u201d.<\/p>\n<p>\u201cShumica k\u00ebrkoi t\u00eb kalohej n\u00eb votim pasi opozita e qendr\u00ebs s\u00eb djatht\u00eb, e udh\u00ebhequr nga Sali Berisha, kund\u00ebrshtoi nj\u00eb mesazh video nga Diella, Ministrja virtuale p\u00ebr Inteligjenc\u00ebn Artificiale, t\u00eb transmetuar nga Rama n\u00eb fillim t\u00eb fjalimit t\u00eb tij ku prezantonte programin e qeveris\u00eb s\u00eb tij.<\/p>\n<p>Opozita e konsideroi vendimin e socialist\u00ebve p\u00ebr t\u00eb vazhduar menj\u00ebher\u00eb n\u00eb votim, pa b\u00ebr\u00eb nj\u00eb debat dhe pa kryeministrin q\u00eb t\u00eb prezantonte objektivat e qeveris\u00eb s\u00eb tij, si \u201cnj\u00eb akt posht\u00ebrimi p\u00ebr parlamentin\u201d \u2013 shkruan ANSA.<\/p>\n<p>Nd\u00ebrsa gazetat greke \u201c<a href=\"https:\/\/www.ekathimerini.com\/politics\/1281275\/albanias-rama-starts-fourth-term-as-pm-targets-eu-membership\/\" target=\"_blank\" rel=\"noopener\">Kathimerini<\/a>\u201d dhe \u201c<a href=\"https:\/\/www.protothema.gr\/world\/article\/1697933\/haos-sti-vouli-tis-alvanias-gia-tin-upourgo-robot-petaxan-to-sudagma-ston-edi-rama-deite-video\/\" target=\"_blank\" rel=\"noopener\">Protothema<\/a>\u201d shkruan se skena interesante u shpalos\u00ebn n\u00eb Parlamentin e Shqip\u00ebris\u00eb, ku \u201cmoll\u00eb sherri\u201d ishte Diella, roboti i par\u00eb me Inteligjenc\u00eb Artificiale q\u00eb u em\u00ebrua ministre p\u00ebr kontrollin e kontratave publike.<\/p>\n<p>\u201cSituata doli jasht\u00eb kontrollit, pasi dy deputet\u00eb hodh\u00ebn librin e Kushtetut\u00ebs dhe Rregulloren e Pun\u00ebs mbi kok\u00ebn e kryeministrit Edi Rama. Gjat\u00eb seanc\u00ebs, Rama do t\u00eb prezantonte Diell\u00ebn, e cila foli n\u00eb seanc\u00eb plenare n\u00ebp\u00ebrmjet nj\u00eb ekrani. Dhe nd\u00ebrsa t\u00eb gjith\u00eb prisnin q\u00eb debati t\u00eb ishte maraton\u00eb, ai u nd\u00ebrpre pas vet\u00ebm 20 minutash\u201d \u2013 shkruan \u201cProtothema\u201d, e cila gjithashtu u ndal edhe te \u201cDiella\u201d.<\/p>\n<p>\u201cM\u00eb vjen keq p\u00ebr reagimet ndaj Diell\u00ebs si an\u00ebtare e kabinetit t\u00eb ri dhe keqkuptimet rreth rolit t\u00eb saj. \u00cbsht\u00eb p\u00ebrgjegj\u00ebsia ime dhe fjalimi i saj n\u00eb parlament ishte e vetmja m\u00ebnyr\u00eb p\u00ebr t\u00eb shprehur veten\u201d, tha Rama.<\/p>\n<p>Diella iu p\u00ebrgjigj personalisht edhe akuzave t\u00eb opozit\u00ebs: \u201cM\u00eb dhemb q\u00eb m\u00eb quajn\u00eb \u2018minist\u00ebr antikushtetues\u2019 vet\u00ebm sepse nuk jam qenie njer\u00ebzore. Rreziku p\u00ebr Kushtetut\u00ebn nuk jan\u00eb makinat, jan\u00eb njer\u00ebzit. Un\u00eb nuk jam k\u00ebtu p\u00ebr t\u00eb z\u00ebvend\u00ebsuar njer\u00ebzit, por p\u00ebr t\u2019i ndihmuar ata\u201d, tha ajo.<\/p>\n<p>\u201cAi e mbylli at\u00eb n\u00eb 5 minuta, n\u00eb momentin m\u00eb t\u00eb r\u00ebnd\u00ebsish\u00ebm n\u00eb historin\u00eb e parlamentit\u201d, \u2013 citohet Berisha q\u00eb e p\u00ebrshkroi Ram\u00ebn si nj\u00eb \u201cbandit\u201d dhe \u201ckreun e nj\u00eb organizate kriminale\u201d.<\/p>\n<p>Jehona e asaj q\u00eb ndodhi n\u00eb Kuvend e ka kaluar edhe kontinentin. Mediat amerikane \u201c<a href=\"https:\/\/abcnews.go.com\/International\/wireStory\/albanias-government-debuts-ai-minister-parliament-125699279\" target=\"_blank\" rel=\"noopener\">ABC News<\/a>\u201d dhe \u201c<a href=\"https:\/\/www.washingtontimes.com\/news\/2025\/sep\/18\/albanias-government-debuts-ai-minister-parliament\/\" target=\"_blank\" rel=\"noopener\">Washington Times<\/a>\u201d shkruajn\u00eb se nj\u00eb \u201cminist\u00ebr\u201d i gjeneruar nga inteligjenca artificiale u prezantua n\u00eb parlamentin shqiptar t\u00eb enjten, me Kryeministrin Edi Rama q\u00eb e paraqiti robotin si nj\u00eb simbol t\u00eb shtytjes s\u00eb qeveris\u00eb s\u00eb tij p\u00ebr transparenc\u00eb dhe inovacion<\/p>\n","protected":false},"excerpt":{"rendered":"<p>Kaosi n\u00eb parlamentin e Shqip\u00ebris\u00eb ka b\u00ebr\u00eb xhiron e mediave nd\u00ebrkomb\u00ebtare. Agjencia e njohur e lajmeve \u201cReuters\u201d shkruan se kuvendi shqiptar konfirmoi t\u00eb enjten nj\u00eb mandat t\u00eb kat\u00ebrt 4-vje\u00e7ar p\u00ebr kryeministrin Edi Rama, i cili u zotua se do ta b\u00ebnte misionin e tij q\u00eb vendi ballkanik t\u00eb bashkohet me Bashkimin Evropian deri n\u00eb vitin &hellip;<\/p>\n","protected":false},"author":3,"featured_media":123741,"comment_status":"closed","ping_status":"closed","sticky":false,"template":"","format":"standard","meta":{"footnotes":""},"categories":[40],"tags":[],"class_list":["post-123740","post","type-post","status-publish","format-standard","has-post-thumbnail","","category-aktualitet"],"_links":{"self":[{"href":"https:\/\/rdnews.al\/index.php\/wp-json\/wp\/v2\/posts\/123740","targetHints":{"allow":["GET"]}}],"collection":[{"href":"https:\/\/rdnews.al\/index.php\/wp-json\/wp\/v2\/posts"}],"about":[{"href":"https:\/\/rdnews.al\/index.php\/wp-json\/wp\/v2\/types\/post"}],"author":[{"embeddable":true,"href":"https:\/\/rdnews.al\/index.php\/wp-json\/wp\/v2\/users\/3"}],"replies":[{"embeddable":true,"href":"https:\/\/rdnews.al\/index.php\/wp-json\/wp\/v2\/comments?post=123740"}],"version-history":[{"count":1,"href":"https:\/\/rdnews.al\/index.php\/wp-json\/wp\/v2\/posts\/123740\/revisions"}],"predecessor-version":[{"id":123742,"href":"https:\/\/rdnews.al\/index.php\/wp-json\/wp\/v2\/posts\/123740\/revisions\/123742"}],"wp:featuredmedia":[{"embeddable":true,"href":"https:\/\/rdnews.al\/index.php\/wp-json\/wp\/v2\/media\/123741"}],"wp:attachment":[{"href":"https:\/\/rdnews.al\/index.php\/wp-json\/wp\/v2\/media?parent=123740"}],"wp:term":[{"taxonomy":"category","embeddable":true,"href":"https:\/\/rdnews.al\/index.php\/wp-json\/wp\/v2\/categories?post=123740"},{"taxonomy":"post_tag","embeddable":true,"href":"https:\/\/rdnews.al\/index.php\/wp-json\/wp\/v2\/tags?post=123740"}],"curies":[{"name":"wp","href":"https:\/\/api.w.org\/{rel}","templated":true}]}}