{"id":123743,"date":"2025-09-20T16:05:15","date_gmt":"2025-09-20T16:05:15","guid":{"rendered":"https:\/\/rdnews.al\/?p=123743"},"modified":"2025-09-20T16:23:53","modified_gmt":"2025-09-20T16:23:53","slug":"yuri-kim-debohet-nga-departamenti-i-shtetit-ngushellohet-nga-ambasadori-i-rames-ne-shba","status":"publish","type":"post","link":"https:\/\/rdnews.al\/index.php\/2025\/09\/20\/yuri-kim-debohet-nga-departamenti-i-shtetit-ngushellohet-nga-ambasadori-i-rames-ne-shba\/","title":{"rendered":"Yuri Kim d\u00ebbohet nga Departamenti i Shtetit\/ Ngush\u00ebllohet nga Ambasadori i Ram\u00ebs n\u00eb SHBA"},"content":{"rendered":"<p>Yuri Kim \u00ebsht\u00eb d\u00ebbuar nga Departamenti i Shtetit. Spas marr\u00ebveshjes s\u00eb arritur, Yuri Kim pretendon se ndaj saj nuk do t\u00eb ket\u00eb hetim administrativ. N\u00ebse i ka shp\u00ebtuar hetimit administrativ ajo nuk i shp\u00ebton hetimit penal n\u00eb SHBA.<\/p>\n<p>Ish-ambasadorja e SHBA-ve n\u00eb Tiran\u00eb n\u00eb vitet 2019-2023 dit\u00ebn e djeshme i ka dh\u00ebn\u00eb fund karrier\u00ebs s\u00eb saj diplomatike.<\/p>\n<p>Ajo e ka njoftuar vendimin p\u00ebrmes nj\u00eb ceremonie p\u00ebr daljen e saj n\u00eb pension nga sh\u00ebrbimi i jasht\u00ebm i SHBA-s\u00eb.<\/p>\n<p>N\u00eb ceremoni kan\u00eb marr\u00eb pjes\u00eb t\u00eb af\u00ebrm t\u00eb saj, koleg\u00eb, ish-ambasadori i SHBA-ve n\u00eb Tiran\u00eb, Aleksand\u00ebr Arvizu, Ambasadori i Shqip\u00ebris\u00eb n\u00eb Uashington, Ervin Bushati dhe gazetarja Ilva Tare.<\/p>\n","protected":false},"excerpt":{"rendered":"<p>Yuri Kim \u00ebsht\u00eb d\u00ebbuar nga Departamenti i Shtetit. Spas marr\u00ebveshjes s\u00eb arritur, Yuri Kim pretendon se ndaj saj nuk do t\u00eb ket\u00eb hetim administrativ. N\u00ebse i ka shp\u00ebtuar hetimit administrativ ajo nuk i shp\u00ebton hetimit penal n\u00eb SHBA. Ish-ambasadorja e SHBA-ve n\u00eb Tiran\u00eb n\u00eb vitet 2019-2023 dit\u00ebn e djeshme i ka dh\u00ebn\u00eb fund karrier\u00ebs s\u00eb &hellip;<\/p>\n","protected":false},"author":3,"featured_media":39530,"comment_status":"closed","ping_status":"closed","sticky":false,"template":"","format":"standard","meta":{"footnotes":""},"categories":[37],"tags":[],"class_list":["post-123743","post","type-post","status-publish","format-standard","has-post-thumbnail","","category-politike"],"_links":{"self":[{"href":"https:\/\/rdnews.al\/index.php\/wp-json\/wp\/v2\/posts\/123743","targetHints":{"allow":["GET"]}}],"collection":[{"href":"https:\/\/rdnews.al\/index.php\/wp-json\/wp\/v2\/posts"}],"about":[{"href":"https:\/\/rdnews.al\/index.php\/wp-json\/wp\/v2\/types\/post"}],"author":[{"embeddable":true,"href":"https:\/\/rdnews.al\/index.php\/wp-json\/wp\/v2\/users\/3"}],"replies":[{"embeddable":true,"href":"https:\/\/rdnews.al\/index.php\/wp-json\/wp\/v2\/comments?post=123743"}],"version-history":[{"count":2,"href":"https:\/\/rdnews.al\/index.php\/wp-json\/wp\/v2\/posts\/123743\/revisions"}],"predecessor-version":[{"id":123745,"href":"https:\/\/rdnews.al\/index.php\/wp-json\/wp\/v2\/posts\/123743\/revisions\/123745"}],"wp:featuredmedia":[{"embeddable":true,"href":"https:\/\/rdnews.al\/index.php\/wp-json\/wp\/v2\/media\/39530"}],"wp:attachment":[{"href":"https:\/\/rdnews.al\/index.php\/wp-json\/wp\/v2\/media?parent=123743"}],"wp:term":[{"taxonomy":"category","embeddable":true,"href":"https:\/\/rdnews.al\/index.php\/wp-json\/wp\/v2\/categories?post=123743"},{"taxonomy":"post_tag","embeddable":true,"href":"https:\/\/rdnews.al\/index.php\/wp-json\/wp\/v2\/tags?post=123743"}],"curies":[{"name":"wp","href":"https:\/\/api.w.org\/{rel}","templated":true}]}}