{"id":123746,"date":"2025-09-20T16:39:20","date_gmt":"2025-09-20T16:39:20","guid":{"rendered":"https:\/\/rdnews.al\/?p=123746"},"modified":"2025-09-20T16:39:20","modified_gmt":"2025-09-20T16:39:20","slug":"veliajn-e-shkarkojne-edhe-nga-posti-i-kryetarit-te-shoqates-se-bashkive","status":"publish","type":"post","link":"https:\/\/rdnews.al\/index.php\/2025\/09\/20\/veliajn-e-shkarkojne-edhe-nga-posti-i-kryetarit-te-shoqates-se-bashkive\/","title":{"rendered":"Veliajn e shkarkojn\u00eb edhe nga posti i kryetarit t\u00eb Shoqat\u00ebs s\u00eb Bashkive"},"content":{"rendered":"<p class=\"TableParagraph\">Kur e \u201cl\u00ebshon\u201d i pari, e \u201cl\u00ebshojn\u00eb\u201d dhe t\u00eb tjer\u00ebt t\u00eb gjith\u00eb me radh\u00eb. Kjo \u00ebsht\u00eb situata q\u00eb po ndodh me Erion Veliajn, i cili ndodhet n\u00eb burg q\u00eb prej 10 Shkurtit.<\/p>\n<p class=\"TableParagraph\">Para se t\u00eb shkarkohet nga posti i kryebashkiakut t\u00eb Tiran\u00ebs, Veliaj \u00ebsht\u00eb shkarkuar edhe nga posti i kryetarit t\u00eb Shoqat\u00ebs Komb\u00ebtare t\u00eb Bashkive n\u00eb vend.<\/p>\n<p class=\"TableParagraph\">Vendimi \u00ebsht\u00eb marr\u00eb n\u00eb mbledhjen e djeshme t\u00eb k\u00ebsaj shoqate, ku shumica e kryebashkiak\u00ebve socialist\u00eb ka votuar pro shkarkimit t\u00eb Erion Veliajt dhe em\u00ebrimit t\u00eb kryetares s\u00eb Bashkis\u00eb s\u00eb Durr\u00ebsit, Emiriana Sako n\u00eb postin e drejtueses s\u00eb Shoqat\u00ebs s\u00eb Bashkive.<\/p>\n<p class=\"TableParagraph\">Nd\u00ebrkoh\u00eb, dit\u00ebn e mart\u00eb, m\u00eb 23 shtator, Erion Veliajt pritet t\u00eb shkarkohet edhe nga posti i kryetarit t\u00eb Bashkis\u00eb s\u00eb Tiran\u00ebs me vendim t\u00eb K\u00ebshillit Bashkiak.<\/p>\n<p class=\"TableParagraph\">Socialist\u00ebt kan\u00eb iniciuar shkarkimin e Veliajt pas urdhrit t\u00eb dh\u00ebn\u00eb nga Edi Rama, i cili ka shpallur zgjedhje t\u00eb reja p\u00ebr Tiran\u00ebn dhe ka caktuar Ogerta Manastirliun si kandidate.<\/p>\n","protected":false},"excerpt":{"rendered":"<p>Kur e \u201cl\u00ebshon\u201d i pari, e \u201cl\u00ebshojn\u00eb\u201d dhe t\u00eb tjer\u00ebt t\u00eb gjith\u00eb me radh\u00eb. Kjo \u00ebsht\u00eb situata q\u00eb po ndodh me Erion Veliajn, i cili ndodhet n\u00eb burg q\u00eb prej 10 Shkurtit. Para se t\u00eb shkarkohet nga posti i kryebashkiakut t\u00eb Tiran\u00ebs, Veliaj \u00ebsht\u00eb shkarkuar edhe nga posti i kryetarit t\u00eb Shoqat\u00ebs Komb\u00ebtare t\u00eb Bashkive &hellip;<\/p>\n","protected":false},"author":4,"featured_media":123747,"comment_status":"closed","ping_status":"closed","sticky":false,"template":"","format":"standard","meta":{"footnotes":""},"categories":[37],"tags":[],"class_list":["post-123746","post","type-post","status-publish","format-standard","has-post-thumbnail","","category-politike"],"_links":{"self":[{"href":"https:\/\/rdnews.al\/index.php\/wp-json\/wp\/v2\/posts\/123746","targetHints":{"allow":["GET"]}}],"collection":[{"href":"https:\/\/rdnews.al\/index.php\/wp-json\/wp\/v2\/posts"}],"about":[{"href":"https:\/\/rdnews.al\/index.php\/wp-json\/wp\/v2\/types\/post"}],"author":[{"embeddable":true,"href":"https:\/\/rdnews.al\/index.php\/wp-json\/wp\/v2\/users\/4"}],"replies":[{"embeddable":true,"href":"https:\/\/rdnews.al\/index.php\/wp-json\/wp\/v2\/comments?post=123746"}],"version-history":[{"count":1,"href":"https:\/\/rdnews.al\/index.php\/wp-json\/wp\/v2\/posts\/123746\/revisions"}],"predecessor-version":[{"id":123748,"href":"https:\/\/rdnews.al\/index.php\/wp-json\/wp\/v2\/posts\/123746\/revisions\/123748"}],"wp:featuredmedia":[{"embeddable":true,"href":"https:\/\/rdnews.al\/index.php\/wp-json\/wp\/v2\/media\/123747"}],"wp:attachment":[{"href":"https:\/\/rdnews.al\/index.php\/wp-json\/wp\/v2\/media?parent=123746"}],"wp:term":[{"taxonomy":"category","embeddable":true,"href":"https:\/\/rdnews.al\/index.php\/wp-json\/wp\/v2\/categories?post=123746"},{"taxonomy":"post_tag","embeddable":true,"href":"https:\/\/rdnews.al\/index.php\/wp-json\/wp\/v2\/tags?post=123746"}],"curies":[{"name":"wp","href":"https:\/\/api.w.org\/{rel}","templated":true}]}}