{"id":123749,"date":"2025-09-20T16:47:46","date_gmt":"2025-09-20T16:47:46","guid":{"rendered":"https:\/\/rdnews.al\/?p=123749"},"modified":"2025-09-20T16:47:46","modified_gmt":"2025-09-20T16:47:46","slug":"paloka-berisha-sot-eshte-i-pazevendesueshem-ne-kete-beteje","status":"publish","type":"post","link":"https:\/\/rdnews.al\/index.php\/2025\/09\/20\/paloka-berisha-sot-eshte-i-pazevendesueshem-ne-kete-beteje\/","title":{"rendered":"Paloka: Berisha sot \u00ebsht\u00eb i paz\u00ebvend\u00ebsuesh\u00ebm n\u00eb k\u00ebt\u00eb betej\u00eb!"},"content":{"rendered":"<p>Kryetari i K\u00ebshillit Komb\u00ebtar t\u00eb Partis\u00eb Demokratike, Edi Paloka, ka deklaruar se Sali Berisha mbetet figura ky\u00e7e dhe e domosdoshme p\u00ebr PD-n\u00eb, n\u00eb kushtet aktuale politike n\u00eb vend.<\/p>\n<p>Gjat\u00eb nj\u00eb interviste p\u00ebr emisionin \u2018Kjo Jav\u00eb\u2019 n\u00eb News24, Paloka iu p\u00ebrgjigj pyetjes n\u00ebse Berisha duhet t\u00eb vijoj\u00eb t\u00eb drejtoj\u00eb partin\u00eb, duke theksuar se largimi i tij nuk do t\u00eb zgjidhte problemin kryesor: manipulimin e zgjedhjeve nga mazhoranca.<\/p>\n<p>\u201cI thash\u00eb Agron Shehajt kur garoi me Lulzim Bash\u00ebn n\u00eb zgjedhjet n\u00eb PD: Si e zgjidh ti problemin e manipulimit t\u00eb zgjedhjeve nga Rama? Ik\u00ebn Berisha, vjen nj\u00eb tjet\u00ebr, por Rama prap\u00eb do i vjedh\u00eb. Nuk \u00ebsht\u00eb se po iku Berisha, Rama nuk do i vjedh\u00eb m\u00eb zgjedhjet\u201d, u shpreh Paloka.<\/p>\n<p>Sipas tij, Berisha ka qen\u00eb njeriu q\u00eb ka punuar m\u00eb shum\u00eb se kushdo tjet\u00ebr brenda PD-s\u00eb dhe ka marr\u00eb p\u00ebrsip\u00ebr barr\u00ebn kryesore t\u00eb denoncimit t\u00eb asaj q\u00eb e cil\u00ebsoi si \u2018fars\u00eb elektorale\u2019.<\/p>\n<p>\u201cE kam th\u00ebn\u00eb dhe m\u00eb par\u00eb: Berisha \u00ebsht\u00eb i domosdosh\u00ebm p\u00ebr partin\u00eb. Nuk e them se \u00ebsht\u00eb Berisha, por sepse sot \u00ebsht\u00eb i paz\u00ebvend\u00ebsuesh\u00ebm n\u00eb k\u00ebt\u00eb betej\u00eb\u201d, theksoi Paloka.<\/p>\n<p>Duke komentuar z\u00ebrat brenda partis\u00eb q\u00eb i referohen statutit t\u00eb PD-s\u00eb, sipas t\u00eb cilit kryetari duhet t\u00eb largohet pas humbjes s\u00eb zgjedhjeve, Paloka tha se vendimet duhet t\u00eb bazohen n\u00eb interesin real t\u00eb partis\u00eb dhe jo thjesht n\u00eb interpretime formale t\u00eb rregullave.<\/p>\n<p>\u201cAta q\u00eb na tregojn\u00eb statutin, harrojn\u00eb se ne jemi njer\u00ebz q\u00eb gjykojm\u00eb. N\u00ebse prej statutit do b\u00ebjm\u00eb nj\u00eb zgjedhje q\u00eb i b\u00ebn d\u00ebm partis\u00eb, kot jemi aty\u201d, deklaroi ai.<\/p>\n<p>Paloka nuk p\u00ebrjashtoi mund\u00ebsin\u00eb q\u00eb Berisha, n\u00eb nj\u00eb moment t\u00eb p\u00ebrshtatsh\u00ebm, mund t\u00eb marr\u00eb vet\u00eb nj\u00eb vendim p\u00ebr t\u00ebrheqje, por n\u00ebnvizoi se \u2018ky moment nuk \u00ebsht\u00eb tani\u2019.<\/p>\n<p>N\u00eb intervist\u00ebn e tij, Paloka u ndal edhe te sfida m\u00eb e madhe p\u00ebr opozit\u00ebn: mungesa e garancive p\u00ebr zgjedhje t\u00eb ndershme. Ai tha se problemi nuk q\u00ebndron te emri i kryetarit, por te sistemi q\u00eb, sipas tij, lejon manipulimin sistematik t\u00eb vot\u00ebs nga qeveria.<\/p>\n","protected":false},"excerpt":{"rendered":"<p>Kryetari i K\u00ebshillit Komb\u00ebtar t\u00eb Partis\u00eb Demokratike, Edi Paloka, ka deklaruar se Sali Berisha mbetet figura ky\u00e7e dhe e domosdoshme p\u00ebr PD-n\u00eb, n\u00eb kushtet aktuale politike n\u00eb vend. Gjat\u00eb nj\u00eb interviste p\u00ebr emisionin \u2018Kjo Jav\u00eb\u2019 n\u00eb News24, Paloka iu p\u00ebrgjigj pyetjes n\u00ebse Berisha duhet t\u00eb vijoj\u00eb t\u00eb drejtoj\u00eb partin\u00eb, duke theksuar se largimi i tij &hellip;<\/p>\n","protected":false},"author":4,"featured_media":123750,"comment_status":"closed","ping_status":"closed","sticky":false,"template":"","format":"standard","meta":{"footnotes":""},"categories":[37],"tags":[],"class_list":["post-123749","post","type-post","status-publish","format-standard","has-post-thumbnail","","category-politike"],"_links":{"self":[{"href":"https:\/\/rdnews.al\/index.php\/wp-json\/wp\/v2\/posts\/123749","targetHints":{"allow":["GET"]}}],"collection":[{"href":"https:\/\/rdnews.al\/index.php\/wp-json\/wp\/v2\/posts"}],"about":[{"href":"https:\/\/rdnews.al\/index.php\/wp-json\/wp\/v2\/types\/post"}],"author":[{"embeddable":true,"href":"https:\/\/rdnews.al\/index.php\/wp-json\/wp\/v2\/users\/4"}],"replies":[{"embeddable":true,"href":"https:\/\/rdnews.al\/index.php\/wp-json\/wp\/v2\/comments?post=123749"}],"version-history":[{"count":1,"href":"https:\/\/rdnews.al\/index.php\/wp-json\/wp\/v2\/posts\/123749\/revisions"}],"predecessor-version":[{"id":123751,"href":"https:\/\/rdnews.al\/index.php\/wp-json\/wp\/v2\/posts\/123749\/revisions\/123751"}],"wp:featuredmedia":[{"embeddable":true,"href":"https:\/\/rdnews.al\/index.php\/wp-json\/wp\/v2\/media\/123750"}],"wp:attachment":[{"href":"https:\/\/rdnews.al\/index.php\/wp-json\/wp\/v2\/media?parent=123749"}],"wp:term":[{"taxonomy":"category","embeddable":true,"href":"https:\/\/rdnews.al\/index.php\/wp-json\/wp\/v2\/categories?post=123749"},{"taxonomy":"post_tag","embeddable":true,"href":"https:\/\/rdnews.al\/index.php\/wp-json\/wp\/v2\/tags?post=123749"}],"curies":[{"name":"wp","href":"https:\/\/api.w.org\/{rel}","templated":true}]}}