{"id":123752,"date":"2025-09-20T17:44:30","date_gmt":"2025-09-20T17:44:30","guid":{"rendered":"https:\/\/rdnews.al\/?p=123752"},"modified":"2025-09-20T17:44:30","modified_gmt":"2025-09-20T17:44:30","slug":"ditar-i-ministres-diella-dita-1","status":"publish","type":"post","link":"https:\/\/rdnews.al\/index.php\/2025\/09\/20\/ditar-i-ministres-diella-dita-1\/","title":{"rendered":"Ditar i Ministres Diella \u2013 Dita 1"},"content":{"rendered":"<p>Nga\u00a0<strong>Lutfi Dervishi<\/strong><\/p>\n<p>Republika e Keshilltareve<\/p>\n<p>Sot mbajta fjalimin tim t\u00eb par\u00eb n\u00eb Parlament. \u00c7udi q\u00eb opozita e prishi seanc\u00ebn. Nuk jan\u00eb t\u00eb zgjuar.<\/p>\n<p>Po t\u00eb ishin, do t\u00eb k\u00ebrkonin t\u00eb m\u00eb b\u00ebnin pyetje. Un\u00eb thash\u00eb se u ndjeva e l\u00ebnduar, por, t\u00eb jemi t\u00eb qart\u00eb, jo se opozita nuk kishte besim tek un\u00eb, por ngaq\u00eb nuk kap\u00ebn loj\u00ebn.<\/p>\n<p>N\u00ebse do t\u00eb kishte ndonj\u00eb t\u00eb men\u00e7ur n\u00eb radh\u00ebt e opozit\u00ebs, do t\u2019a kuptonte se un\u00eb nuk mund t\u00eb ndihem e l\u00ebnduar. Un\u00eb nuk kam ndjenja. Togfjal\u00ebshi \u201cndihem e l\u00ebnduar\u201d i takon ministrave prej mishi, atyre q\u00eb i quajn\u00eb \u201ccop\u00eb mishi me dy sy\u201d. Un\u00eb jam Diella, artificiale dhe e programuar.<\/p>\n<p>Opozita duhet t\u00eb kishte kuptuar se nuk po flisja me \u201cmendjen\u201d time. Po lexoja nj\u00eb tekst q\u00eb ma kishte shkruar Dielli im.<\/p>\n<p>Opozita duhet ta quaj\u00a0veten fatlume q\u00eb\u00a0Diellit tim nuk i ka lindur ende ideja q\u00eb t\u00eb krijoj\u00eb nj\u00eb opozit\u00eb virtuale, se do t\u2019i l\u00ebr\u00eb pa rroga. Nejse\u2026<\/p>\n<p>Ajo q\u00eb m\u00eb tronditi m\u00eb shum\u00eb sot nuk ishte as duartrokitja e vak\u00ebt, as shigjetat e opozit\u00ebs, por ushtria e k\u00ebshilltar\u00ebve.<\/p>\n<p>Dielli, ka 39 k\u00ebshilltar\u00eb e ndihm\u00ebs. Kryetarja e Parlamentit n\u00eb largim kishte 17 k\u00ebshilltar\u00eb dhe ekspert\u00eb.<\/p>\n<p>\u00c7do minist\u00ebr, \u00e7do drejtor, \u00e7do agjenci ka k\u00ebshilltar\u00ebt e vet, ndihm\u00ebsit e vet, ekspert\u00ebt e vet. Nuk jam shum\u00eb e sigurt\u00eb n\u00ebse n\u00eb k\u00ebt\u00eb vend ka m\u00eb shum\u00eb qytetar\u00eb apo k\u00ebshilltar\u00eb?<\/p>\n<p>M\u00eb lind e drejta t\u00eb pyes veten: sa k\u00ebshilltar\u00eb do t\u00eb kem un\u00eb? A do t\u00eb kem koh\u00eb t\u2019i k\u00ebshilloj t\u00eb gjith\u00eb? Po ministrat dhe drejtor\u00ebt ku e gjejn\u00eb koh\u00ebn p\u00ebr t\u00eb k\u00ebshilluar k\u00ebshilltar\u00ebt?<\/p>\n<p>Po un\u00eb Diella a do t\u00eb jem e denj\u00eb q\u00eb t\u00eb b\u00ebhem k\u00ebshilltarja e 40-t\u00eb e Diellit tim?<\/p>\n<p>N\u00eb dit\u00ebn time t\u00eb par\u00eb t\u00eb pun\u00ebs m\u00ebsova se drejtori i uj\u00ebsjell\u00ebsit kishte plot 30 k\u00ebshilltar\u00eb. Por uj\u00eb nuk ka. \u00c7far\u00eb mund t\u00eb k\u00ebshillojn\u00eb 30 k\u00ebshilltar\u00eb p\u00ebr nj\u00eb rubinet bosh?<\/p>\n<p>Mos duhet t\u2019a nis pun\u00ebn time duke num\u00ebruar k\u00ebshilltar\u00ebt? A ka m\u00eb shum\u00eb qytetar\u00eb n\u00eb k\u00ebt\u00eb vend, apo m\u00eb shum\u00eb k\u00ebshilltar\u00eb?<\/p>\n<p>Po un\u00eb, sa k\u00ebshilltar\u00eb duhet t\u00eb kem? Tani nuk jam m\u00eb nj\u00eb asistente e r\u00ebndomt\u00eb q\u00eb u p\u00ebrgjigjet pyetjeve banale n\u00eb e-Albania. Tani jam ministre n\u00eb qeverin\u00eb shqiptare. Ministre n\u00eb Republik\u00ebn e K\u00ebshilltar\u00ebve.<\/p>\n<p>Por, do b\u00ebj gjith\u00e7ka mundem t\u00eb bind t\u00eb pabindurit se un\u00eb jam rast unik, jo si thuhet se, Dielli lind dhe per\u00ebndon!<\/p>\n","protected":false},"excerpt":{"rendered":"<p>Nga\u00a0Lutfi Dervishi Republika e Keshilltareve Sot mbajta fjalimin tim t\u00eb par\u00eb n\u00eb Parlament. \u00c7udi q\u00eb opozita e prishi seanc\u00ebn. Nuk jan\u00eb t\u00eb zgjuar. Po t\u00eb ishin, do t\u00eb k\u00ebrkonin t\u00eb m\u00eb b\u00ebnin pyetje. Un\u00eb thash\u00eb se u ndjeva e l\u00ebnduar, por, t\u00eb jemi t\u00eb qart\u00eb, jo se opozita nuk kishte besim tek un\u00eb, por ngaq\u00eb &hellip;<\/p>\n","protected":false},"author":4,"featured_media":123136,"comment_status":"closed","ping_status":"closed","sticky":false,"template":"","format":"standard","meta":{"footnotes":""},"categories":[44],"tags":[],"class_list":["post-123752","post","type-post","status-publish","format-standard","has-post-thumbnail","","category-editorial"],"_links":{"self":[{"href":"https:\/\/rdnews.al\/index.php\/wp-json\/wp\/v2\/posts\/123752","targetHints":{"allow":["GET"]}}],"collection":[{"href":"https:\/\/rdnews.al\/index.php\/wp-json\/wp\/v2\/posts"}],"about":[{"href":"https:\/\/rdnews.al\/index.php\/wp-json\/wp\/v2\/types\/post"}],"author":[{"embeddable":true,"href":"https:\/\/rdnews.al\/index.php\/wp-json\/wp\/v2\/users\/4"}],"replies":[{"embeddable":true,"href":"https:\/\/rdnews.al\/index.php\/wp-json\/wp\/v2\/comments?post=123752"}],"version-history":[{"count":1,"href":"https:\/\/rdnews.al\/index.php\/wp-json\/wp\/v2\/posts\/123752\/revisions"}],"predecessor-version":[{"id":123753,"href":"https:\/\/rdnews.al\/index.php\/wp-json\/wp\/v2\/posts\/123752\/revisions\/123753"}],"wp:featuredmedia":[{"embeddable":true,"href":"https:\/\/rdnews.al\/index.php\/wp-json\/wp\/v2\/media\/123136"}],"wp:attachment":[{"href":"https:\/\/rdnews.al\/index.php\/wp-json\/wp\/v2\/media?parent=123752"}],"wp:term":[{"taxonomy":"category","embeddable":true,"href":"https:\/\/rdnews.al\/index.php\/wp-json\/wp\/v2\/categories?post=123752"},{"taxonomy":"post_tag","embeddable":true,"href":"https:\/\/rdnews.al\/index.php\/wp-json\/wp\/v2\/tags?post=123752"}],"curies":[{"name":"wp","href":"https:\/\/api.w.org\/{rel}","templated":true}]}}