{"id":123757,"date":"2025-09-20T18:59:11","date_gmt":"2025-09-20T18:59:11","guid":{"rendered":"https:\/\/rdnews.al\/?p=123757"},"modified":"2025-09-20T18:59:11","modified_gmt":"2025-09-20T18:59:11","slug":"ish-kryenegociatori-kunder-rames-shkrirja-e-komisionit-te-integrimit-e-gabuar","status":"publish","type":"post","link":"https:\/\/rdnews.al\/index.php\/2025\/09\/20\/ish-kryenegociatori-kunder-rames-shkrirja-e-komisionit-te-integrimit-e-gabuar\/","title":{"rendered":"Ish-kryenegociatori kund\u00ebr Ram\u00ebs: Shkrirja e Komisionit t\u00eb Integrimit e gabuar!"},"content":{"rendered":"<p>Ish-kryenegociatori i Shqip\u00ebris\u00eb p\u00ebr an\u00ebtar\u00ebsimin n\u00eb Bashkimin Europian, Zef Mazi, ka reaguar ashp\u00ebr ndaj vendimit p\u00ebr shkrirjen e Komisionit t\u00eb Integrimit, duke e konsideruar nj\u00eb sinjal negativ p\u00ebr prioritetin q\u00eb qeveria \u201cRama\u201d i jep k\u00ebtij procesi.<\/p>\n<p><em>\u201cNuk \u00ebsht\u00eb vepruar drejt me shkrirjen e Komisionit t\u00eb Integrimit. T\u00eb bashkosh nj\u00eb komision q\u00eb duhet t\u00eb jet\u00eb prioritet, do t\u00eb thot\u00eb se nuk e ke n\u00eb zem\u00ebr. Ky vendim sjell pasoja dhe mbart probleme q\u00eb duhen par\u00eb me kujdes,\u201d tha Mazi, duke e lidhur vendimin me munges\u00ebn e nj\u00eb qasjeje serioze t\u00eb qeveris\u00eb ndaj integrimit\u201d<\/em><em>,<\/em>\u00a0tha Mazi.<\/p>\n<p>N\u00eb nj\u00eb intervist\u00eb p\u00ebr emisionin \u2019Kjo Jav\u00eb\u2019 n\u00eb News 24, Mazi analizon dhe problematik\u00ebn q\u00eb mbart kjo shkrirje duke paralajm\u00ebruar dhe rrezikun.<\/p>\n<p><em>\u201cShkrirja e Komisionit, p\u00ebr ta b\u00ebr\u00eb nj\u00eb praktik\u00eb t\u00eb gjer\u00eb, mbart nj\u00eb problem tjet\u00ebr q\u00eb duhet par\u00eb me kujdes. Ministria e Jashtme do t\u00eb merret me marr\u00ebdh\u00ebniet e dy shteteve, apo vet\u00ebm m\u00eb \u00e7\u00ebshtje t\u00eb unionit? Mendimi im \u00ebsht\u00eb q\u00eb mund t\u00eb jepen justifikime, por duhej t\u00eb ishte si\u00e7 ishte. Nuk \u00ebsht\u00eb mir\u00eb q\u00eb t\u00eb ndahen. \u00cbsht\u00eb nj\u00ebsoj si t\u00eb hap\u00ebsh grup-kapitujsh. Sa m\u00eb shum\u00eb kapituj t\u00eb hapen, aq m\u00eb shum\u00eb v\u00ebshtir\u00ebsi ka p\u00ebr t\u2019i mbyllur. Ekipet e m\u00ebdha duhet t\u00eb jen\u00eb t\u00eb specializuar. Duhet t\u00eb mbyllim t\u00eb pakt\u00ebn 1. A do t\u00eb mbyllet n\u00eb 2026. Un\u00eb dyshoj se mbyllet\u201d<\/em>, tha ai.<\/p>\n<p>Mazi rr\u00ebzon dhe propagand\u00ebn e Ram\u00ebs p\u00ebr integrimin e Shqip\u00ebris\u00eb brenda 2030.<\/p>\n<p><em>\u201cIntegrimi varet kryesisht nga rezultatet q\u00eb duhet t\u00eb arrijm\u00eb ne, por edhe nga shtetet an\u00ebtare q\u00eb duhet t\u00eb jen\u00eb dakord q\u00eb nj\u00eb grup kapitujsh t\u00eb konsiderohet i mbyllur,\u201d<\/em>\u00a0tha Mazi, duke shtuar se nuk ka vend p\u00ebr optimiz\u00ebm t\u00eb tepruar.\u00a0<em>\u201cNuk \u00ebsht\u00eb e thjesht\u00eb t\u00eb mendosh se k\u00ebto probleme do zgjidhen p\u00ebr 2, 3 apo 4 vjet. Rezultatet nuk jan\u00eb aq t\u00eb shpejta.\u201d<\/em><\/p>\n<p>Mazi solli n\u00eb v\u00ebmendje shembuj konkret\u00eb nga vendet e rajonit p\u00ebr t\u00eb ilustruar sfidat e integrimit<\/p>\n<p><em>\u201cMali i Zi i hapi negociatat n\u00eb 2012 dhe, p\u00ebr arsye gjeopolitike, iu hap\u00ebn menj\u00ebher\u00eb 32 kapituj. Pas 13 vitesh, ka mbyllur vet\u00ebm 3. Serbia ka hapur 24 kapituj dhe ka mbyllur vet\u00ebm 2 \u2013 edhe pse ka nj\u00eb administrat\u00eb <\/em><em>t\u00eb madhe dhe mb\u00ebshtetje teknike\u201d<\/em><em>.<\/em><\/p>\n<p>Ai theksoi se procesi i negociatave \u00ebsht\u00eb thell\u00ebsisht teknik dhe k\u00ebrkon p\u00ebrgatitje t\u00eb strukturuar dhe bashk\u00ebpunim t\u00eb gjer\u00eb politik dhe institucional.<\/p>\n<p><em>\u201cKy proces k\u00ebrkon mb\u00ebshtetje t\u00eb gjithanshme nga t\u00eb gjitha partit\u00eb, grupet e interesit, mediat, dhe shoq\u00ebria civile. \u00cbsht\u00eb nj\u00eb p\u00ebrpjekje komb\u00ebtare,\u201d<\/em>\u00a0theksoi Mazi.<\/p>\n<p>P\u00ebr t\u00eb ilustruar dimensionin teknik t\u00eb procesit, ai p\u00ebrmendi p\u00ebrmasat e korpusit ligjor prej 185 mij\u00eb faqesh t\u00eb BE, nga t\u00eb cilat 83 mij\u00eb jan\u00eb t\u00eb negociueshme.<\/p>\n<p><em>\u201cSi mund t\u00eb negociojm\u00eb 83 mij\u00eb faqe p\u00ebr dy vite? Teknikisht, e shoh shum\u00eb t\u00eb v\u00ebshtir\u00eb,\u201d<\/em>\u00a0u shpreh ai.<\/p>\n<p>Ish-kryenegociatori gjithashtu kritikoi q\u00ebndrimin e Komisioneres p\u00ebr Zgjerim t\u00eb BE, Marta Kos, p\u00ebr t\u00eb cil\u00ebn tha se i jep proceseve nj\u00eb ngjyrim politik dhe jo teknik.<\/p>\n<p><em>\u201cMarta Kos i sheh \u00e7\u00ebshtjet politikisht. Ajo do t\u2019i b\u00ebj\u00eb qejfin elit\u00ebs q\u00eb e drejton dhe shteteve kandidate,\u201d<\/em>\u00a0deklaroi Mazi.<\/p>\n<p>Ai shtoi se deklaratat q\u00eb nxisin pritshm\u00ebri t\u00eb larta tek qytetar\u00ebt jan\u00eb t\u00eb d\u00ebmshme:\u00a0<em>\u201cUn\u00eb do t\u00eb doja q\u00eb vendi im t\u00eb hynte nes\u00ebr n\u00eb BE, por realiteti \u00ebsht\u00eb ndryshe. Marta Kos nuk duhet t\u00eb jap\u00eb mesazhe q\u00eb ngrejn\u00eb mendjen njer\u00ebzve se do hyjm\u00eb nes\u00ebr apo pasnes\u00ebr.\u201d<\/em><\/p>\n<p>Mazi p\u00ebrfundoi duke theksuar se integrimi n\u00eb BE nuk \u00ebsht\u00eb vet\u00ebm \u00e7\u00ebshtje vullneti, por mbi t\u00eb gjitha nd\u00ebrtimi i strukturave q\u00eb mund t\u00eb zbatojn\u00eb at\u00eb q\u00eb negociohet. Ai i b\u00ebri thirrje politik\u00ebs q\u00eb t\u00eb flas\u00eb me p\u00ebrgjegj\u00ebsi dhe qytetar\u00ebve q\u00eb t\u00eb mos ushqehen me iluzione t\u00eb rreme, por t\u00eb p\u00ebrfshihen n\u00eb nj\u00eb proces t\u00eb gjat\u00eb dhe t\u00eb q\u00ebndruesh\u00ebm transformimi.<\/p>\n","protected":false},"excerpt":{"rendered":"<p>Ish-kryenegociatori i Shqip\u00ebris\u00eb p\u00ebr an\u00ebtar\u00ebsimin n\u00eb Bashkimin Europian, Zef Mazi, ka reaguar ashp\u00ebr ndaj vendimit p\u00ebr shkrirjen e Komisionit t\u00eb Integrimit, duke e konsideruar nj\u00eb sinjal negativ p\u00ebr prioritetin q\u00eb qeveria \u201cRama\u201d i jep k\u00ebtij procesi. \u201cNuk \u00ebsht\u00eb vepruar drejt me shkrirjen e Komisionit t\u00eb Integrimit. T\u00eb bashkosh nj\u00eb komision q\u00eb duhet t\u00eb jet\u00eb prioritet, &hellip;<\/p>\n","protected":false},"author":4,"featured_media":123758,"comment_status":"closed","ping_status":"closed","sticky":false,"template":"","format":"standard","meta":{"footnotes":""},"categories":[37],"tags":[],"class_list":["post-123757","post","type-post","status-publish","format-standard","has-post-thumbnail","","category-politike"],"_links":{"self":[{"href":"https:\/\/rdnews.al\/index.php\/wp-json\/wp\/v2\/posts\/123757","targetHints":{"allow":["GET"]}}],"collection":[{"href":"https:\/\/rdnews.al\/index.php\/wp-json\/wp\/v2\/posts"}],"about":[{"href":"https:\/\/rdnews.al\/index.php\/wp-json\/wp\/v2\/types\/post"}],"author":[{"embeddable":true,"href":"https:\/\/rdnews.al\/index.php\/wp-json\/wp\/v2\/users\/4"}],"replies":[{"embeddable":true,"href":"https:\/\/rdnews.al\/index.php\/wp-json\/wp\/v2\/comments?post=123757"}],"version-history":[{"count":1,"href":"https:\/\/rdnews.al\/index.php\/wp-json\/wp\/v2\/posts\/123757\/revisions"}],"predecessor-version":[{"id":123759,"href":"https:\/\/rdnews.al\/index.php\/wp-json\/wp\/v2\/posts\/123757\/revisions\/123759"}],"wp:featuredmedia":[{"embeddable":true,"href":"https:\/\/rdnews.al\/index.php\/wp-json\/wp\/v2\/media\/123758"}],"wp:attachment":[{"href":"https:\/\/rdnews.al\/index.php\/wp-json\/wp\/v2\/media?parent=123757"}],"wp:term":[{"taxonomy":"category","embeddable":true,"href":"https:\/\/rdnews.al\/index.php\/wp-json\/wp\/v2\/categories?post=123757"},{"taxonomy":"post_tag","embeddable":true,"href":"https:\/\/rdnews.al\/index.php\/wp-json\/wp\/v2\/tags?post=123757"}],"curies":[{"name":"wp","href":"https:\/\/api.w.org\/{rel}","templated":true}]}}