{"id":123760,"date":"2025-09-20T19:08:53","date_gmt":"2025-09-20T19:08:53","guid":{"rendered":"https:\/\/rdnews.al\/?p=123760"},"modified":"2025-09-20T19:08:53","modified_gmt":"2025-09-20T19:08:53","slug":"bardhi-edi-rama-i-ka-vene-vetes-objektiv-te-kete-nen-kontroll-te-plote-te-gjitha-pushtetet","status":"publish","type":"post","link":"https:\/\/rdnews.al\/index.php\/2025\/09\/20\/bardhi-edi-rama-i-ka-vene-vetes-objektiv-te-kete-nen-kontroll-te-plote-te-gjitha-pushtetet\/","title":{"rendered":"Bardhi: Edi Rama i ka v\u00ebn\u00eb vetes objektiv t\u00eb ket\u00eb n\u00ebn kontroll t\u00eb plot\u00eb t\u00eb gjitha pushtetet!"},"content":{"rendered":"<p>Kreu i grupit parlamentar t\u00eb PD, Gazment Bardhi ka reaguar ndaj deklaratave t\u00eb Edi Ram\u00ebs p\u00ebr gjyq\u00ebsorin, duke e akuzuar kryeministrin se sulmon gjyqtar\u00eb e prokuror\u00eb q\u00eb tregojn\u00eb integritet dhe guxim qytetar.<\/p>\n<p>Bardhi shprehet se, historia e shkurt\u00ebr e atij institucioni ka d\u00ebshmuar se ata q\u00eb vendosin t\u00eb n\u00ebnshtrohen e konformohen para pushtetit, enden rrug\u00ebve duke u lutur pas dyerve t\u00eb institucioneve p\u00ebr nj\u00eb vend pune.<\/p>\n<p><strong>Reagimi<\/strong><\/p>\n<p>Edi Rama paska deklaruar para stafit t\u00eb Ministris\u00eb s\u00eb Drejt\u00ebsis\u00eb se \u201cduhet t\u2019i mbajm\u00eb duart larg vendimmarrjes s\u00eb gjyqtar\u00ebve dhe prokuror\u00ebve\u201d. T\u00eb pranishmit mbet\u00ebn jo pak t\u00eb habitur nga kjo hipokrizi e kryeministrit teksa muajin e fundit ka sulmuar pandalur prokuror\u00eb rrethesh dhe gjyqtar\u00eb t\u00eb Gjykat\u00ebs Administrative q\u00eb me integritet profesional dhe kurajo qytetare i v\u00ebn\u00eb fre abuzimit dhe arbitraritetit t\u00eb paligjshm\u00ebris\u00eb s\u00eb Edi Ram\u00ebs dhe vart\u00ebsve t\u00eb tij.<\/p>\n<p>I fundit n\u00eb rradh\u00ebn e sulmeve t\u00eb p\u00ebrroit psikik t\u00eb Edi Ram\u00ebs ishte magjistrati i ri Marko Boshku, p\u00ebr t\u00eb cilin n\u00eb sistem ka vet\u00ebm fjal\u00eb t\u00eb mira p\u00ebr pun\u00ebn dhe profesionalizmin e tij. Por, p\u00ebr Edi Ram\u00ebn, njeriun q\u00eb i ka v\u00ebn\u00eb vetes objektiv t\u00eb ket\u00eb n\u00ebn kontroll t\u00eb plot\u00eb t\u00eb gjitha pushtetet, gjyqtar\u00eb dhe prokuror\u00eb t\u00eb mir\u00eb jan\u00eb vet\u00ebm ata q\u00eb i binden urdh\u00ebrave dhe k\u00ebrc\u00ebnimeve t\u00eb tij me telefon apo ata q\u00eb p\u00ebrndjekin politikisht lider\u00ebt e opozit\u00ebs.<\/p>\n<p>Autokrati i Tiran\u00ebs nuk arrin dot ta kuptoj\u00eb se si mund t\u00eb ket\u00eb akoma njer\u00ebz t\u00eb ndersh\u00ebm dhe me integritet n\u00eb k\u00ebt\u00eb vend q\u00eb ia p\u00ebrplasin n\u00eb fytyr\u00eb pa\u00e7avuret e tij t\u00eb paligjshme dhe korruptive, si\u00e7 ishte rasti i uzurpimit t\u00eb nj\u00eb prone private p\u00ebr gjoja q\u00ebllimin e shpallur t\u00eb transferimit t\u00eb stafit t\u00eb Agjencis\u00eb Shtet\u00ebrore t\u00eb Kadastr\u00ebs, kur n\u00eb fakt q\u00ebllimi i v\u00ebrtet\u00eb ishte prishja e godin\u00ebs s\u00eb Kadastr\u00ebs pran\u00eb liqenit p\u00ebr t\u2019i hapur rrug\u00eb nj\u00eb kulle shum\u00ebkat\u00ebshe p\u00ebr oligark\u00ebt e tij.<\/p>\n<p>Nd\u00ebrkoh\u00eb q\u00eb reagimi i gjyqtar\u00ebve t\u00eb Tiran\u00ebs, Durr\u00ebsit, Kuk\u00ebsit dhe Shoqat\u00ebs s\u00eb Gjyqtar\u00ebve kund\u00ebr sulmeve t\u00eb kryeministrit ndaj gjyqtarit Boshku meriton respekt si prov\u00eb e qart\u00eb e refuzimit p\u00ebr t\u2019u n\u00ebnshtruar para sulmeve t\u00eb tilla, heshtja e qeveris\u00eb s\u00eb gjyq\u00ebsorit, K\u00ebshillit t\u00eb Lart\u00eb Gjyq\u00ebsor duhet t\u00eb b\u00ebj\u00eb me turp secilin prej 11 an\u00ebtar\u00ebve t\u00eb asaj trupe, 6 prej t\u00eb cil\u00ebve gjyqtar\u00eb dhe koleg\u00eb t\u00eb Marko Boshkut.<\/p>\n<p>P\u00ebr fat t\u00eb keq, KLGJ-ja d\u00ebshmon edhe nj\u00ebher\u00eb se nuk \u00ebsht\u00eb n\u00eb lart\u00ebsin\u00eb e detyr\u00ebs s\u00eb saj kushtetuese p\u00ebr t\u00eb garantuar pavar\u00ebsin\u00eb e sistemit gjyq\u00ebsor. N\u00ebse kan\u00eb filluar q\u00eb tani t\u00eb mendojn\u00eb p\u00ebr vendin e tyre t\u00eb pun\u00ebs pas p\u00ebrfundimit t\u00eb detyr\u00ebs do t\u00eb thot\u00eb q\u00eb nuk ka qen\u00eb asnj\u00ebher\u00eb t\u00eb denj\u00eb p\u00ebr at\u00eb detyr\u00eb t\u00eb nderuar q\u00eb iu \u00ebsht\u00eb besuar. Historia e shkurt\u00ebr e vet\u00eb atij institucioni ka d\u00ebshmuar se ata q\u00eb vendosin t\u00eb n\u00ebnshtrohen e konformohen para pushtetit, enden rrug\u00ebve duke u lutur pas dyerve t\u00eb institucioneve p\u00ebr nj\u00eb vend pune.<\/p>\n","protected":false},"excerpt":{"rendered":"<p>Kreu i grupit parlamentar t\u00eb PD, Gazment Bardhi ka reaguar ndaj deklaratave t\u00eb Edi Ram\u00ebs p\u00ebr gjyq\u00ebsorin, duke e akuzuar kryeministrin se sulmon gjyqtar\u00eb e prokuror\u00eb q\u00eb tregojn\u00eb integritet dhe guxim qytetar. Bardhi shprehet se, historia e shkurt\u00ebr e atij institucioni ka d\u00ebshmuar se ata q\u00eb vendosin t\u00eb n\u00ebnshtrohen e konformohen para pushtetit, enden rrug\u00ebve &hellip;<\/p>\n","protected":false},"author":4,"featured_media":123735,"comment_status":"closed","ping_status":"closed","sticky":false,"template":"","format":"standard","meta":{"footnotes":""},"categories":[37],"tags":[],"class_list":["post-123760","post","type-post","status-publish","format-standard","has-post-thumbnail","","category-politike"],"_links":{"self":[{"href":"https:\/\/rdnews.al\/index.php\/wp-json\/wp\/v2\/posts\/123760","targetHints":{"allow":["GET"]}}],"collection":[{"href":"https:\/\/rdnews.al\/index.php\/wp-json\/wp\/v2\/posts"}],"about":[{"href":"https:\/\/rdnews.al\/index.php\/wp-json\/wp\/v2\/types\/post"}],"author":[{"embeddable":true,"href":"https:\/\/rdnews.al\/index.php\/wp-json\/wp\/v2\/users\/4"}],"replies":[{"embeddable":true,"href":"https:\/\/rdnews.al\/index.php\/wp-json\/wp\/v2\/comments?post=123760"}],"version-history":[{"count":1,"href":"https:\/\/rdnews.al\/index.php\/wp-json\/wp\/v2\/posts\/123760\/revisions"}],"predecessor-version":[{"id":123761,"href":"https:\/\/rdnews.al\/index.php\/wp-json\/wp\/v2\/posts\/123760\/revisions\/123761"}],"wp:featuredmedia":[{"embeddable":true,"href":"https:\/\/rdnews.al\/index.php\/wp-json\/wp\/v2\/media\/123735"}],"wp:attachment":[{"href":"https:\/\/rdnews.al\/index.php\/wp-json\/wp\/v2\/media?parent=123760"}],"wp:term":[{"taxonomy":"category","embeddable":true,"href":"https:\/\/rdnews.al\/index.php\/wp-json\/wp\/v2\/categories?post=123760"},{"taxonomy":"post_tag","embeddable":true,"href":"https:\/\/rdnews.al\/index.php\/wp-json\/wp\/v2\/tags?post=123760"}],"curies":[{"name":"wp","href":"https:\/\/api.w.org\/{rel}","templated":true}]}}