{"id":123767,"date":"2025-09-21T16:36:19","date_gmt":"2025-09-21T16:36:19","guid":{"rendered":"https:\/\/rdnews.al\/?p=123767"},"modified":"2025-09-22T11:52:59","modified_gmt":"2025-09-22T11:52:59","slug":"cfare-del-nga-pergjimet-e-ballukut-kercenohet-prokurori","status":"publish","type":"post","link":"https:\/\/rdnews.al\/index.php\/2025\/09\/21\/cfare-del-nga-pergjimet-e-ballukut-kercenohet-prokurori\/","title":{"rendered":"\u00c7far\u00eb del nga p\u00ebrgjimet e Ballukut\/ K\u00ebrc\u00ebnohet prokurori"},"content":{"rendered":"<p>Kreu i Grupit Parlamentar t\u00eb Partis\u00eb Demokratike, Gazment Bardhi, ka l\u00ebshuar akuza t\u00eb r\u00ebnda ndaj zv.kryeministres Belinda Balluku, duke e cil\u00ebsuar si zyrtaren m\u00eb t\u00eb korruptuar n\u00eb 35 vitet e fundit n\u00eb shtetin shqiptar.<\/p>\n<p>N\u00eb nj\u00eb deklarat\u00eb p\u00ebr mediat, Bardhi tha se n\u00eb SPAK jan\u00eb depozituar \u201ckilogram\u00eb prova\u201d p\u00ebr aferat ku, sipas tij, \u00ebsht\u00eb e p\u00ebrfshir\u00eb Balluku, por se organi i drejt\u00ebsis\u00eb nuk ka treguar guxim p\u00ebr t\u00eb hetuar me profesionaliz\u00ebm dhe paan\u00ebsi.<\/p>\n<p>\u201cBelinda Balluku \u00ebsht\u00eb zyrtari m\u00eb i korruptuar n\u00eb k\u00ebto 35 vite t\u00eb shtetit shqiptar, me prova t\u00eb pakund\u00ebrshtueshme t\u00eb dor\u00ebzuara n\u00eb SPAK. P\u00ebr fat t\u00eb keq, deri m\u00eb tani, SPAK na ka treguar se nuk ka guxim t\u00eb p\u00ebrballet me t\u00eb,\u201d u shpreh Bardhi.<\/p>\n<div class=\"mobile_ad ad_bottom_space\">\n<div id=\"beacon_7263fc3d0e\"><img loading=\"lazy\" decoding=\"async\" src=\"https:\/\/ads.balkanweb.com\/www\/delivery\/lg.php?bannerid=0&amp;campaignid=0&amp;zoneid=470&amp;loc=https%3A%2F%2Fwww.balkanweb.com%2Fzyrtarja-me-e-korruptuar-ne-35-vite-bardhi-akuza-ndaj-ballukut-ka-kerkuar-nje-shume-te-majme-per-te-akorduar-tendera%2F&amp;referer=https%3A%2F%2Fwww.balkanweb.com%2F&amp;cb=7263fc3d0e\" alt=\"\" width=\"0\" height=\"0\" \/>Duke iu referuar denoncimit t\u00eb fundit t\u00eb kryetarit t\u00eb opozit\u00ebs, Bardhi ngriti dyshime serioze mbi shantazhin dhe sulmet ndaj prokurorit t\u00eb posa\u00e7\u00ebm, Dritan Pren\u00e7i.<\/div>\n<div><\/div>\n<\/div>\n<div class=\"mobile_ad ad_bottom_space\">\n<div id=\"beacon_2609bcffe6\"><img loading=\"lazy\" decoding=\"async\" src=\"https:\/\/ads.balkanweb.com\/www\/delivery\/lg.php?bannerid=0&amp;campaignid=0&amp;zoneid=616&amp;loc=https%3A%2F%2Fwww.balkanweb.com%2Fzyrtarja-me-e-korruptuar-ne-35-vite-bardhi-akuza-ndaj-ballukut-ka-kerkuar-nje-shume-te-majme-per-te-akorduar-tendera%2F&amp;referer=https%3A%2F%2Fwww.balkanweb.com%2F&amp;cb=2609bcffe6\" alt=\"\" width=\"0\" height=\"0\" \/>\u201cQytetari dixhital informon se Lubi Balluku lakohet shum\u00eb n\u00eb bised\u00ebn telefonike t\u00eb nj\u00eb biznesmeni me nj\u00eb person tjet\u00ebr. Lakohet p\u00ebr nj\u00eb tender n\u00eb t\u00eb cil\u00ebn Lubi Balluku, sipas biznesmenit ka k\u00ebrkuar nj\u00eb p\u00ebrqindje t\u00eb majme p\u00ebr t\u00eb akorduar tenderin\u201d, tha Berisha m\u00eb par\u00eb.<\/div>\n<p>&nbsp;<\/p>\n<\/div>\n<p>&nbsp;<\/p>\n","protected":false},"excerpt":{"rendered":"<p>Kreu i Grupit Parlamentar t\u00eb Partis\u00eb Demokratike, Gazment Bardhi, ka l\u00ebshuar akuza t\u00eb r\u00ebnda ndaj zv.kryeministres Belinda Balluku, duke e cil\u00ebsuar si zyrtaren m\u00eb t\u00eb korruptuar n\u00eb 35 vitet e fundit n\u00eb shtetin shqiptar. N\u00eb nj\u00eb deklarat\u00eb p\u00ebr mediat, Bardhi tha se n\u00eb SPAK jan\u00eb depozituar \u201ckilogram\u00eb prova\u201d p\u00ebr aferat ku, sipas tij, \u00ebsht\u00eb e &hellip;<\/p>\n","protected":false},"author":3,"featured_media":123711,"comment_status":"closed","ping_status":"closed","sticky":false,"template":"","format":"standard","meta":{"footnotes":""},"categories":[40],"tags":[],"class_list":["post-123767","post","type-post","status-publish","format-standard","has-post-thumbnail","","category-aktualitet"],"_links":{"self":[{"href":"https:\/\/rdnews.al\/index.php\/wp-json\/wp\/v2\/posts\/123767","targetHints":{"allow":["GET"]}}],"collection":[{"href":"https:\/\/rdnews.al\/index.php\/wp-json\/wp\/v2\/posts"}],"about":[{"href":"https:\/\/rdnews.al\/index.php\/wp-json\/wp\/v2\/types\/post"}],"author":[{"embeddable":true,"href":"https:\/\/rdnews.al\/index.php\/wp-json\/wp\/v2\/users\/3"}],"replies":[{"embeddable":true,"href":"https:\/\/rdnews.al\/index.php\/wp-json\/wp\/v2\/comments?post=123767"}],"version-history":[{"count":3,"href":"https:\/\/rdnews.al\/index.php\/wp-json\/wp\/v2\/posts\/123767\/revisions"}],"predecessor-version":[{"id":123838,"href":"https:\/\/rdnews.al\/index.php\/wp-json\/wp\/v2\/posts\/123767\/revisions\/123838"}],"wp:featuredmedia":[{"embeddable":true,"href":"https:\/\/rdnews.al\/index.php\/wp-json\/wp\/v2\/media\/123711"}],"wp:attachment":[{"href":"https:\/\/rdnews.al\/index.php\/wp-json\/wp\/v2\/media?parent=123767"}],"wp:term":[{"taxonomy":"category","embeddable":true,"href":"https:\/\/rdnews.al\/index.php\/wp-json\/wp\/v2\/categories?post=123767"},{"taxonomy":"post_tag","embeddable":true,"href":"https:\/\/rdnews.al\/index.php\/wp-json\/wp\/v2\/tags?post=123767"}],"curies":[{"name":"wp","href":"https:\/\/api.w.org\/{rel}","templated":true}]}}