{"id":123773,"date":"2025-09-21T19:05:55","date_gmt":"2025-09-21T19:05:55","guid":{"rendered":"https:\/\/rdnews.al\/?p=123773"},"modified":"2025-09-21T19:05:55","modified_gmt":"2025-09-21T19:05:55","slug":"fshati-mursi-simbol-i-qendreses-antikomuniste","status":"publish","type":"post","link":"https:\/\/rdnews.al\/index.php\/2025\/09\/21\/fshati-mursi-simbol-i-qendreses-antikomuniste\/","title":{"rendered":"\u00a0Fshati Mursi, simbol i Q\u00ebndres\u00ebs Antikomuniste"},"content":{"rendered":"<p><em><strong>Nga Bujar Leskaj<\/strong><\/em><\/p>\n<p>Dje, m\u00eb 20 shtator 2025, u zhvillua nj\u00eb p\u00ebrkujtimore solemne n\u00eb fshatin Mursi, Konispol, e organizuar nga dega e Shoqat\u00ebs s\u00eb Ish-T\u00eb P\u00ebrndjekurve Politike Antikomuniste t\u00eb Shqip\u00ebris\u00eb, dega Konispol.<\/p>\n<p>U p\u00ebrul\u00ebm me nderim dhe vendos\u00ebm kurora me lule p\u00ebrpara memorialit n\u00eb fshatin Mursi kushtuar heronjve t\u00eb q\u00ebndres\u00ebs antikomuniste, p\u00ebr ata q\u00eb humb\u00ebn jet\u00ebn dhe p\u00ebr ata q\u00eb rezistuan n\u00eb burgjet e <a href=\"http:\/\/komunizmit.ky\/\" target=\"_blank\" rel=\"noopener\">komunizmit.Ky<\/a> memorial, i nd\u00ebrtuar nga vet banor\u00ebt e fshatit Mursi k\u00ebt\u00eb vit shenjon 17 vjetorin e vendosjes s\u00eb tij.<\/p>\n<p>Organizator\u00ebt e k\u00ebsaj p\u00ebrkujtimore ishin z.Kristo Gogo, z.Loli G\u00ebrbura, z.Petrit Ali Mulla n\u00eb cil\u00ebsin\u00eb e Kryetarit t\u00eb Shoqat\u00ebs s\u00eb ish-t\u00eb p\u00ebrndjekurve Konispol e Mursi, si dhe n\u00ebnkryetar i PD Konispol.<\/p>\n<p>N\u00eb k\u00ebt\u00eb p\u00ebrkujtimore morr\u00ebn pjes\u00eb dhe drejtues nga Shoqata Komb\u00ebtare e t\u00eb P\u00ebrndjekurve Politike, si z. Arben Dosti (n\u00ebnkryetar), z. Simon Miraka dhe z. \u00c7elo Hoxha.<\/p>\n<p>N\u00eb k\u00ebt\u00eb ceremoni p\u00ebrkujtimore mbajt\u00ebn fjal\u00ebn e tyre z.Kristo Gogo, z.Loli G\u00ebrbura, z.Kozma Gogo, z.Arben Dosti, z.Petriti Mulla, znj.Matilda Qurku dhe z.Shp\u00ebtim Ahmeti.<\/p>\n<p>Nga diskutimet e zhvilluara gjat\u00eb ceremonis\u00eb, do t\u00eb ve\u00e7oja dy diskutimet kryesore t\u00eb z.Kristo Goga dhe z. Loli Gerbura, dy diskutime t\u00eb spikatura me vler\u00eb karakteriale, mesazhet e t\u00eb cil\u00ebve p\u00ebrb\u00ebjn\u00eb nj\u00eb thirrje p\u00ebr reflektim p\u00ebr t\u00eb gjith\u00eb ne q\u00eb jemi t\u00eb angazhuar n\u00eb politik\u00eb. Fjal\u00ebt e tyre jan\u00eb nj\u00eb burim m\u00ebsimi.<\/p>\n<p>N\u00eb fjal\u00ebn time theksova r\u00ebnd\u00ebsin\u00eb e kujtes\u00ebs historike, sepse nj\u00eb demokraci pa kujtes\u00eb \u00ebsht\u00eb e destinuar t\u00eb shuhet. Kujtesa \u00ebsht\u00eb ve\u00e7an\u00ebrisht thelb\u00ebsore kur b\u00ebhet fjal\u00eb p\u00ebr nderimin e heronjve antikomunist\u00eb, dhe n\u00eb k\u00ebt\u00eb kontekst, fshati Mursi q\u00ebndron si nj\u00eb simbol i gjall\u00eb i q\u00ebndres\u00ebs kund\u00ebr diktatur\u00ebs dhe luft\u00ebs p\u00ebr liri e demokraci.<\/p>\n<p>Ky fshat mbetet nj\u00eb emblem\u00eb e sakrific\u00ebs dhe rezistenc\u00ebs, i cili p\u00ebr m\u00eb shum\u00eb se pes\u00eb dekada e pagoi q\u00ebndres\u00ebn e tij me dhjet\u00ebra t\u00eb burgosur, t\u00eb pushkatuar dhe t\u00eb internuar nga regjimi komunist. Gjithashtu, solla n\u00eb v\u00ebmendje vlerat e jasht\u00ebzakonshme t\u00eb fshatit Mursi, rolin e tij t\u00eb spikatur n\u00eb q\u00ebndres\u00ebn antikomuniste dhe kontributin e paharruesh\u00ebm n\u00eb nd\u00ebrtimin e demokracis\u00eb n\u00eb vendin ton\u00eb. Propozova gjithashtu dhe ngritjen e nj\u00eb Muzeu kushtuar ish-t\u00eb p\u00ebrndjekurve t\u00eb k\u00ebtij fshati, gj\u00eb p\u00ebr t\u00eb cil\u00ebn duhet t\u00eb punojm\u00eb t\u00eb gjith\u00eb n\u00eb realizimin e tij.<\/p>\n<p>N\u00eb k\u00ebt\u00eb p\u00ebrkujtimore, nderimi iu dha emrave t\u00eb atyre q\u00eb dhan\u00eb jet\u00ebn dhe vuajt\u00ebn persekutimin e regjimit komunist.<\/p>\n<p>Fshati Mursi, gjat\u00eb periudh\u00ebs s\u00eb diktatur\u00ebs, u b\u00eb nj\u00eb prej epiqendrave t\u00eb q\u00ebndres\u00ebs antikomuniste. Me 32 burra dhe gra t\u00eb burgosur politik\u00eb, 27 familje t\u00eb internuara, dhe 43 individ\u00eb t\u00eb arratisur jasht\u00eb vendit, Mursia vuajti p\u00ebrtej \u00e7do kufiri t\u00eb mundsh\u00ebm. Ky ishte nj\u00eb fshat q\u00eb nuk u dor\u00ebzua, nuk u p\u00ebrkul para dhun\u00ebs dhe persekutimit t\u00eb regjimit gjakatar komunist.<\/p>\n<p>Me 1200 vite burg, internime dhe vuajtje, fshati Mursi q\u00ebndroi i fort\u00eb dhe i patundur. Ai ishte nj\u00eb simbol i heronjve antikomunist, nj\u00eb fshat q\u00eb nuk pranoi kurr\u00eb t\u2019i dor\u00ebzohej diktatur\u00ebs.<\/p>\n<p>Ky memorial i q\u00ebndron si nj\u00eb d\u00ebshmi e guximit t\u00eb nj\u00eb populli t\u00eb thjesht\u00eb, por t\u00eb fort\u00eb, q\u00eb p\u00ebrballoi mizorin\u00eb e regjimit pa u thyer.<\/p>\n<p>Memoriali n\u00eb Mursi sh\u00ebnon emrat e martir\u00ebve nga ky fshat, t\u00eb vrar\u00eb apo humbur jet\u00ebn n\u00ebp\u00ebr burgje:<\/p>\n<p>Vasil Dhimo Gjika \u2013 i vrar\u00eb n\u00eb kufi<\/p>\n<p>Sotir Nikolla Konomi \u2013 i vdekur n\u00eb burg politik<\/p>\n<p>Kostandin Petro Vaso \u2013 i vdekur n\u00eb burg politik<\/p>\n<p>Vasil Ko\u00e7o Mello \u2013 i vdekur n\u00eb burg politik<\/p>\n<p>Thoma Jani Koloj \u2013 i vdekur n\u00eb burg politik<\/p>\n<p>Vangjel Anastas Dhjamanti \u2013 i vdekur n\u00eb burg politik<\/p>\n<p>Sotir Theodhori Taho \u2013 i vdekur n\u00eb burg politik<\/p>\n<p>Jani Ko\u00e7o Danga \u2013 i vdekur n\u00eb burg politik<\/p>\n<p>Vangjel Dhimo Gjika \u2013 i vdekur n\u00eb internim<\/p>\n<p>Katerina Lole \u00c7ifteli \u2013 i vdekur n\u00eb internim<\/p>\n<p>Q\u00ebndresa antikomuniste e Mursit nuk \u00ebsht\u00eb thjesht nj\u00eb element i historis\u00eb lokale, por \u00ebsht\u00eb pjes\u00eb e nj\u00eb tradite m\u00eb t\u00eb gjer\u00eb t\u00eb q\u00ebndres\u00ebs shqiptare ndaj regjimit komunist.<\/p>\n<p>Memoriali i Mursit \u00ebsht\u00eb nj\u00eb kujtes\u00eb e p\u00ebrjetshme e k\u00ebtyre heronjve dhe e betej\u00ebs s\u00eb paepur q\u00eb ata zhvilluan p\u00ebr t\u00eb mbrojtur vlerat m\u00eb t\u00eb shenjta t\u00eb nj\u00eb shoq\u00ebrie t\u00eb lir\u00eb dhe demokratike.<\/p>\n<p>Mbas k\u00ebsaj ceremonie p\u00ebrkujtimore, aktiviteti vazhdoi me biseda me familjar\u00eb t\u00eb familjeve t\u00eb persekutuara nga regjimi komunist, t\u00eb cil\u00ebt ishin t\u00eb pranish\u00ebm n\u00eb k\u00ebt\u00eb p\u00ebrkujtimore.<\/p>\n<p>Fshati Mursi mbetet nj\u00eb simbol i q\u00ebndres\u00ebs antikomuniste dhe i forc\u00ebs s\u00eb nj\u00eb populli q\u00eb, p\u00ebrkund\u00ebr t\u00eb gjitha p\u00ebrpjekjeve p\u00ebr ta thyer, q\u00ebndroi e pap\u00ebrkulur p\u00ebrball\u00eb s\u00eb keqes.<\/p>\n<p>T\u00eb pranish\u00ebm ishin gjithashtu drejtues t\u00eb Partis\u00eb Demokratike, znj.Matilda Qurku, ish-kandidate p\u00ebr deputete e Partis\u00eb Demokratike, znj.Manjola Cikuli, ish-kryetare e PD Sarand\u00eb, z. Shp\u00ebtim Ahmeti, kryetar i PD Sarand\u00eb, z. Shp\u00ebtim Iljazi, kryetar i PD Finiq.<\/p>\n<p><img loading=\"lazy\" decoding=\"async\" class=\"alignnone  wp-image-123775\" src=\"https:\/\/rdnews.al\/wp-content\/uploads\/2025\/09\/111-2-1-300x200.jpg\" alt=\"\" width=\"375\" height=\"250\" srcset=\"https:\/\/rdnews.al\/wp-content\/uploads\/2025\/09\/111-2-1-300x200.jpg 300w, https:\/\/rdnews.al\/wp-content\/uploads\/2025\/09\/111-2-1.jpg 600w\" sizes=\"auto, (max-width: 375px) 100vw, 375px\" \/><\/p>\n","protected":false},"excerpt":{"rendered":"<p>Nga Bujar Leskaj Dje, m\u00eb 20 shtator 2025, u zhvillua nj\u00eb p\u00ebrkujtimore solemne n\u00eb fshatin Mursi, Konispol, e organizuar nga dega e Shoqat\u00ebs s\u00eb Ish-T\u00eb P\u00ebrndjekurve Politike Antikomuniste t\u00eb Shqip\u00ebris\u00eb, dega Konispol. U p\u00ebrul\u00ebm me nderim dhe vendos\u00ebm kurora me lule p\u00ebrpara memorialit n\u00eb fshatin Mursi kushtuar heronjve t\u00eb q\u00ebndres\u00ebs antikomuniste, p\u00ebr ata q\u00eb humb\u00ebn &hellip;<\/p>\n","protected":false},"author":4,"featured_media":123774,"comment_status":"closed","ping_status":"closed","sticky":false,"template":"","format":"standard","meta":{"footnotes":""},"categories":[37],"tags":[],"class_list":["post-123773","post","type-post","status-publish","format-standard","has-post-thumbnail","","category-politike"],"_links":{"self":[{"href":"https:\/\/rdnews.al\/index.php\/wp-json\/wp\/v2\/posts\/123773","targetHints":{"allow":["GET"]}}],"collection":[{"href":"https:\/\/rdnews.al\/index.php\/wp-json\/wp\/v2\/posts"}],"about":[{"href":"https:\/\/rdnews.al\/index.php\/wp-json\/wp\/v2\/types\/post"}],"author":[{"embeddable":true,"href":"https:\/\/rdnews.al\/index.php\/wp-json\/wp\/v2\/users\/4"}],"replies":[{"embeddable":true,"href":"https:\/\/rdnews.al\/index.php\/wp-json\/wp\/v2\/comments?post=123773"}],"version-history":[{"count":1,"href":"https:\/\/rdnews.al\/index.php\/wp-json\/wp\/v2\/posts\/123773\/revisions"}],"predecessor-version":[{"id":123776,"href":"https:\/\/rdnews.al\/index.php\/wp-json\/wp\/v2\/posts\/123773\/revisions\/123776"}],"wp:featuredmedia":[{"embeddable":true,"href":"https:\/\/rdnews.al\/index.php\/wp-json\/wp\/v2\/media\/123774"}],"wp:attachment":[{"href":"https:\/\/rdnews.al\/index.php\/wp-json\/wp\/v2\/media?parent=123773"}],"wp:term":[{"taxonomy":"category","embeddable":true,"href":"https:\/\/rdnews.al\/index.php\/wp-json\/wp\/v2\/categories?post=123773"},{"taxonomy":"post_tag","embeddable":true,"href":"https:\/\/rdnews.al\/index.php\/wp-json\/wp\/v2\/tags?post=123773"}],"curies":[{"name":"wp","href":"https:\/\/api.w.org\/{rel}","templated":true}]}}