{"id":123780,"date":"2025-09-22T08:20:32","date_gmt":"2025-09-22T08:20:32","guid":{"rendered":"https:\/\/rdnews.al\/?p=123780"},"modified":"2025-09-22T08:23:22","modified_gmt":"2025-09-22T08:23:22","slug":"123780","status":"publish","type":"post","link":"https:\/\/rdnews.al\/index.php\/2025\/09\/22\/123780\/","title":{"rendered":"\u201cN\u00eb kujtim t\u00eb Charlie Kirk\u201d\/ Berisha: Luft\u00ebtar\u00ebt e fjal\u00ebs s\u00eb lir\u00eb, t\u00eb pavdeksh\u00ebm!"},"content":{"rendered":"<p>Kryetari i PD, Sali Berisha ka ndar\u00eb pamje nga vigjilja n\u00eb kujtim t\u00eb Charlie Kirk, n\u00eb Tiran\u00eb, themeluesit t\u00eb Turning Point USA dhe nj\u00eb prej z\u00ebrave m\u00eb t\u00eb fort\u00eb t\u00eb konservatorizmit modern.<\/p>\n<p>N\u00eb nj\u00eb postim n\u00eb Facebook Berisha shkruan se,\u00a0Kirk u vra duke ushtruar lirin\u00eb e fjal\u00ebs n\u00eb Universitetin e Utah nga nj\u00eb ekstremist i majt\u00eb.<\/p>\n<p><strong>Postimi <\/strong><\/p>\n<p>T\u00eb diel\u00ebn, n\u00eb Tiran\u00eb, u mbajt nj\u00eb vigjilje n\u00eb kujtim t\u00eb Charlie Kirk, themeluesit t\u00eb Turning Point USA dhe nj\u00eb prej z\u00ebrave m\u00eb t\u00eb fort\u00eb t\u00eb konservatorizmit modern. Ai u vra duke ushtruar lirin\u00eb e fjal\u00ebs n\u00eb Universitetin e Utah nga nj\u00eb ekstremist i majt\u00eb. Partia Demokratike iu bashkua p\u00ebrkujtimores s\u00eb organizuar nga Institute for Liberty and Heritage, me besimin se luft\u00ebtar\u00ebt e fjal\u00ebs s\u00eb lir\u00eb jan\u00eb t\u00eb pavdeksh\u00ebm.<\/p>\n<p>Today in Tirana, a vigil \u00ebas held in memory of Charlie Kirk, founder of Turning Point USA and one of the strongest voices of modern conservatism. He \u00ebas killed \u00ebhile exercising freedom of speech at the University of Utah by a left-\u00ebing extremist. The Democratic Party joined the memorial organized by the Institute for Liberty and Heritage, believing that fighters for free speech are immortal.<\/p>\n<p><iframe loading=\"lazy\" src=\"https:\/\/www.facebook.com\/plugins\/video.php?height=476&amp;href=https%3A%2F%2Fwww.facebook.com%2Freel%2F2566476323739282%2F&amp;show_text=false&amp;width=267&amp;t=0\" width=\"267\" height=\"476\" frameborder=\"0\" scrolling=\"no\" allowfullscreen=\"allowfullscreen\" data-mce-fragment=\"1\"><\/iframe><\/p>\n<div class=\"jeg_ad jeg_ad_article jnews_content_inline_3_ads  \">\n<div class=\"ads-wrapper align-center \">\n<div class=\"ads_code\">\n<div class=\"desktopi\" align=\"center\"><ins id=\"revive-0-3\" data-revive-zoneid=\"138\" data-revive-id=\"2581c650fb61ab0cf7e084114e7ddb41\" data-revive-seq=\"3\" data-revive-loaded=\"1\"><\/p>\n<div id=\"beacon_a6328ad991\"><img loading=\"lazy\" decoding=\"async\" src=\"https:\/\/ads.adsense.al\/www\/delivery\/lg.php?bannerid=0&amp;campaignid=0&amp;zoneid=138&amp;loc=https%3A%2F%2Fboldnews.al%2F2025%2F09%2F21%2Fne-kujtim-te-charlie-kirk-berisha-luftetaret-e-fjales-se-lire-te-pavdekshem%2F&amp;referer=https%3A%2F%2Fboldnews.al%2Fcategory%2Faktualitet%2Fpage%2F2%2F&amp;cb=a6328ad991\" alt=\"\" width=\"0\" height=\"0\" \/><\/div>\n<p><\/ins><\/div>\n<\/div>\n<\/div>\n<\/div>\n","protected":false},"excerpt":{"rendered":"<p>Kryetari i PD, Sali Berisha ka ndar\u00eb pamje nga vigjilja n\u00eb kujtim t\u00eb Charlie Kirk, n\u00eb Tiran\u00eb, themeluesit t\u00eb Turning Point USA dhe nj\u00eb prej z\u00ebrave m\u00eb t\u00eb fort\u00eb t\u00eb konservatorizmit modern. N\u00eb nj\u00eb postim n\u00eb Facebook Berisha shkruan se,\u00a0Kirk u vra duke ushtruar lirin\u00eb e fjal\u00ebs n\u00eb Universitetin e Utah nga nj\u00eb ekstremist i &hellip;<\/p>\n","protected":false},"author":4,"featured_media":123781,"comment_status":"closed","ping_status":"closed","sticky":false,"template":"","format":"standard","meta":{"footnotes":""},"categories":[37],"tags":[],"class_list":["post-123780","post","type-post","status-publish","format-standard","has-post-thumbnail","","category-politike"],"_links":{"self":[{"href":"https:\/\/rdnews.al\/index.php\/wp-json\/wp\/v2\/posts\/123780","targetHints":{"allow":["GET"]}}],"collection":[{"href":"https:\/\/rdnews.al\/index.php\/wp-json\/wp\/v2\/posts"}],"about":[{"href":"https:\/\/rdnews.al\/index.php\/wp-json\/wp\/v2\/types\/post"}],"author":[{"embeddable":true,"href":"https:\/\/rdnews.al\/index.php\/wp-json\/wp\/v2\/users\/4"}],"replies":[{"embeddable":true,"href":"https:\/\/rdnews.al\/index.php\/wp-json\/wp\/v2\/comments?post=123780"}],"version-history":[{"count":3,"href":"https:\/\/rdnews.al\/index.php\/wp-json\/wp\/v2\/posts\/123780\/revisions"}],"predecessor-version":[{"id":123784,"href":"https:\/\/rdnews.al\/index.php\/wp-json\/wp\/v2\/posts\/123780\/revisions\/123784"}],"wp:featuredmedia":[{"embeddable":true,"href":"https:\/\/rdnews.al\/index.php\/wp-json\/wp\/v2\/media\/123781"}],"wp:attachment":[{"href":"https:\/\/rdnews.al\/index.php\/wp-json\/wp\/v2\/media?parent=123780"}],"wp:term":[{"taxonomy":"category","embeddable":true,"href":"https:\/\/rdnews.al\/index.php\/wp-json\/wp\/v2\/categories?post=123780"},{"taxonomy":"post_tag","embeddable":true,"href":"https:\/\/rdnews.al\/index.php\/wp-json\/wp\/v2\/tags?post=123780"}],"curies":[{"name":"wp","href":"https:\/\/api.w.org\/{rel}","templated":true}]}}