{"id":123788,"date":"2025-09-22T08:35:17","date_gmt":"2025-09-22T08:35:17","guid":{"rendered":"https:\/\/rdnews.al\/?p=123788"},"modified":"2025-09-22T09:31:38","modified_gmt":"2025-09-22T09:31:38","slug":"nese-mendojne-se-do-te-me-mbyllin-gojen-gabohen-une-nuk-hesht","status":"publish","type":"post","link":"https:\/\/rdnews.al\/index.php\/2025\/09\/22\/nese-mendojne-se-do-te-me-mbyllin-gojen-gabohen-une-nuk-hesht\/","title":{"rendered":"N\u00ebse mendojn\u00eb se do t\u00eb m\u00eb mbyllin goj\u00ebn, gabohen! Un\u00eb nuk hesht!"},"content":{"rendered":"<p>Deputetja e PD, Albana Vokshi ka reaguar pas kall\u00ebzimit t\u00eb b\u00ebr\u00eb n\u00eb SPAK nga nj\u00eb anonim. N\u00eb nj\u00eb postim n\u00eb Facebook, Vokshi thekson se nuk do t\u00eb ndalet nga letra anonime, shpifjet apo presionet e SPAK-ut. Vokshi shkruan se nuk ka frik\u00eb dhe do t\u00eb vazhdoj\u00eb t\u00eb flas\u00eb kund\u00ebr korrupsionit, padrejt\u00ebsive dhe abuzimeve me pushtetin.<\/p>\n<p><strong>Reagimi i Vokshit<\/strong><\/p>\n<p>N\u00ebse mendojn\u00eb se do t\u00eb m\u00eb mbyllin goj\u00ebn me shpifje e letra anonime, gabohen!<\/p>\n<p>N\u00ebse mendojn\u00eb se do t\u00eb m\u00eb trembin me SPAK-un, gabohen!<\/p>\n<p>Un\u00eb nuk hesht. Un\u00eb nuk dor\u00ebzohem. Do t\u00eb flas edhe m\u00eb fort!<\/p>\n<p>Kund\u00ebr korrupsionit.<\/p>\n<p>Kund\u00ebr padrejt\u00ebsive.<\/p>\n<p>Kund\u00ebr abuzimit me pushtetin.<\/p>\n<p>Ata, q\u00eb k\u00ebt\u00eb her\u00eb nuk guxuan as t\u00eb dalin hapur, duhet ta m\u00ebsojm\u00eb: Sa m\u00eb shum\u00eb t\u00eb m\u00eb sulmojn\u00eb, aq m\u00eb fort do t\u00eb m\u00eb d\u00ebgjojn\u00eb! As paraja, as Rama nuk i shp\u00ebton dot nga e v\u00ebrteta!<\/p>\n","protected":false},"excerpt":{"rendered":"<p>Deputetja e PD, Albana Vokshi ka reaguar pas kall\u00ebzimit t\u00eb b\u00ebr\u00eb n\u00eb SPAK nga nj\u00eb anonim. N\u00eb nj\u00eb postim n\u00eb Facebook, Vokshi thekson se nuk do t\u00eb ndalet nga letra anonime, shpifjet apo presionet e SPAK-ut. Vokshi shkruan se nuk ka frik\u00eb dhe do t\u00eb vazhdoj\u00eb t\u00eb flas\u00eb kund\u00ebr korrupsionit, padrejt\u00ebsive dhe abuzimeve me pushtetin. &hellip;<\/p>\n","protected":false},"author":4,"featured_media":123790,"comment_status":"closed","ping_status":"closed","sticky":false,"template":"","format":"standard","meta":{"footnotes":""},"categories":[37],"tags":[],"class_list":["post-123788","post","type-post","status-publish","format-standard","has-post-thumbnail","","category-politike"],"_links":{"self":[{"href":"https:\/\/rdnews.al\/index.php\/wp-json\/wp\/v2\/posts\/123788","targetHints":{"allow":["GET"]}}],"collection":[{"href":"https:\/\/rdnews.al\/index.php\/wp-json\/wp\/v2\/posts"}],"about":[{"href":"https:\/\/rdnews.al\/index.php\/wp-json\/wp\/v2\/types\/post"}],"author":[{"embeddable":true,"href":"https:\/\/rdnews.al\/index.php\/wp-json\/wp\/v2\/users\/4"}],"replies":[{"embeddable":true,"href":"https:\/\/rdnews.al\/index.php\/wp-json\/wp\/v2\/comments?post=123788"}],"version-history":[{"count":2,"href":"https:\/\/rdnews.al\/index.php\/wp-json\/wp\/v2\/posts\/123788\/revisions"}],"predecessor-version":[{"id":123794,"href":"https:\/\/rdnews.al\/index.php\/wp-json\/wp\/v2\/posts\/123788\/revisions\/123794"}],"wp:featuredmedia":[{"embeddable":true,"href":"https:\/\/rdnews.al\/index.php\/wp-json\/wp\/v2\/media\/123790"}],"wp:attachment":[{"href":"https:\/\/rdnews.al\/index.php\/wp-json\/wp\/v2\/media?parent=123788"}],"wp:term":[{"taxonomy":"category","embeddable":true,"href":"https:\/\/rdnews.al\/index.php\/wp-json\/wp\/v2\/categories?post=123788"},{"taxonomy":"post_tag","embeddable":true,"href":"https:\/\/rdnews.al\/index.php\/wp-json\/wp\/v2\/tags?post=123788"}],"curies":[{"name":"wp","href":"https:\/\/api.w.org\/{rel}","templated":true}]}}