{"id":123791,"date":"2025-09-22T08:41:16","date_gmt":"2025-09-22T08:41:16","guid":{"rendered":"https:\/\/rdnews.al\/?p=123791"},"modified":"2025-09-22T08:41:16","modified_gmt":"2025-09-22T08:41:16","slug":"pse-po-i-vjen-verdall-i-nervozuar-presidentit-donald-trump-regjimtari-shqiptar-i-tiranes","status":"publish","type":"post","link":"https:\/\/rdnews.al\/index.php\/2025\/09\/22\/pse-po-i-vjen-verdall-i-nervozuar-presidentit-donald-trump-regjimtari-shqiptar-i-tiranes\/","title":{"rendered":"Pse po i vjen v\u00ebrdall i nervozuar presidentit Donald Trump regjimtari shqiptar i Tiran\u00ebs"},"content":{"rendered":"<p><strong>Nga\u00a0Ndri\u00e7im KULLA<\/strong><\/p>\n<p>K\u00ebrkon q\u00eb ti thot\u00eb shum\u00eb, por mezi belb\u00ebzon di\u00e7ka n\u00ebp\u00ebr dh\u00ebmb\u00eb.<\/p>\n<p>N\u00eb Bled t\u00eb Sllovenis\u00eb, mori rolin e guximtarit t\u00eb keq, ku n\u00ebp\u00ebrmjet nj\u00eb shigjete t\u00eb helmatisur deshte q\u00eb te godiste nga larg presidentin Donald Tramp.<\/p>\n<p>\u201cNato nuk ka shtyll\u00eb vertebrale\u201d- u shpreh mujshari\u00a0 i zem\u00ebruar n\u00eb kontekstin e q\u00ebndrimeve t\u00eb m\u00ebtejshme euroatlantike mbi luft\u00ebn n\u00eb Ukrain\u00eb.<\/p>\n<p>Pra sipas gjuh\u00ebs s\u00eb tij, pa p\u00ebrgjegj\u00ebsi dhe pa diplomaci, Trampi \u00ebsht\u00eb p\u00ebrgjegj\u00ebsi kryesor i problemeve t\u00eb luft\u00ebs n\u00eb Ukrain\u00eb !<\/p>\n<p>Ka vijuar me tej me retorik\u00ebn kund\u00ebr Presidentit Donald Trump edhe gjat\u00eb nj\u00eb fjalimi q\u00eb mbajti para Kolegjit t\u00eb Evrop\u00ebs n\u00eb Bryzh t\u00eb Belgjik\u00ebs. Kryeministri shqiptare u shpreh, se Bashkimi Evropian dhe vendet aspirante kan\u00eb nevoj\u00eb p\u00ebr nj\u00eb plan konkret, duhet t\u00eb ofrojn\u00eb garanci sigurie p\u00ebr Ukrain\u00ebn, t\u00eb l\u00ebn\u00eb t\u00eb hapur der\u00ebn p\u00ebr Rusin\u00eb dhe t\u00eb mos presin nga dikush jasht\u00eb k\u00ebtij perimetri q\u00eb t\u00eb gjej\u00eb zgjidhje, duke n\u00ebnkuptuar qart\u00eb Shtetet e Bashkuara t\u00eb Amerik\u00ebs dhe Presidentin Donald Trump.<\/p>\n<p>\u00cbsht\u00eb shprehur edhe shum\u00eb here\u00a0 t\u00eb tjera publikisht me\u00a0 moton:\u201cne, dmth evropian\u00ebt nuk duhet t\u00eb pyesim\u00a0 gjithmon\u00eb Amerik\u00ebn\u201d.<\/p>\n<p>As nj\u00eb vend evropian me kontribute t\u00eb m\u00ebdha euroatlantike si Gjermani, Franca apo Italia n\u00eb \u00e7do situat\u00eb mosmarr\u00ebveshjesh q\u00eb mund t\u00eb ken\u00eb qen\u00eb,\u00a0 nuk ka arritur deri aty sa t\u00eb k\u00ebrkojn\u00eb nj\u00eb busull t\u00eb re n\u00eb marr\u00ebdh\u00ebniet nd\u00ebratlantike.<\/p>\n<p>P\u00ebr arsyen e thjesht\u00eb, sepse\u00a0 at\u00eb q\u00eb b\u00ebn Amerika nuk e b\u00ebn dot\u00eb askush.<\/p>\n<p>Pse nuk po e mbajn\u00eb m\u00eb nervat liderin ?<\/p>\n<p>Pse kaq\u00a0 zem\u00ebruar udh\u00ebheq\u00ebsi yn\u00eb\u00a0 me presidentin e SHBA ?!<\/p>\n<p>Sepse presidenti amerikan i ka shpallur luft\u00eb frontale kauz\u00ebs radikale t\u00eb ekstremit t\u00eb majt\u00eb, e cila sot k\u00ebrkon llogore p\u00ebr tu mbrojtur nga m\u00ebkatet q\u00eb ka i ka b\u00ebr\u00eb Amerik\u00ebs<\/p>\n<p>Edi Rama si\u00e7 njihet , \u00ebsht\u00eb jo vet\u00ebm nj\u00eb nga eksponent\u00ebt e kultur\u00ebs wokiste\u00a0 por edhe nj\u00eb kryeminist\u00ebr q\u00eb i ka\u00a0 sh\u00ebrbyer\u00a0 k\u00ebsaj kulture n\u00eb ideologji dhe n\u00eb praktik\u00eb me potencialin q\u00eb ai ka shfryt\u00ebzuar si kryeminist\u00ebr i Shqip\u00ebris\u00eb\u00a0 .<\/p>\n<p>Ai ka dh\u00ebn\u00eb shembullin i pari n\u00eb praktik, duke krijuar\u00a0 eksperimentin e\u00a0 madh makab\u00ebr, at\u00eb t\u00eb\u00a0 krijimit t\u00eb shtetit t\u00eb narkosdiktatur\u00ebs shqiptare n\u00eb mes t\u00eb Evrop\u00ebs.<\/p>\n<p>Ka m\u00eb shum\u00eb se tre kat\u00ebr her\u00eb q\u00eb regjimtari shqiptar Edi Rama ndjehet shum\u00eb i zem\u00ebruar ndaj presidentit amerikan Donald Tramp. Kjo q\u00eb po themi nuk \u00ebsht\u00eb nj\u00eb konsiderat\u00eb e muajve dhe dit\u00ebve te fundit. Sepse si\u00e7 e dim\u00eb t\u00eb gjith\u00eb, dikur, n\u00eb koh\u00ebn paraprake t\u00eb kandidimit t\u00eb par\u00eb , ai n\u00eb rolin e kasandr\u00ebs donte t\u00eb parashikonte\u00a0 nj\u00eb bot apokaliptike n\u00eb se Tramp do t\u00eb fitonte zgjedhjet. U fut n\u00eb zemr\u00ebn ideologjizuar t\u00eb propagand\u00ebs majtiste antiTramp duke filluar nga bastioni i saj amerikan, kanali televiziv CNN dhe duke p\u00ebrfunduar tek studiot e Baton Haxhiut n\u00eb Kosov\u00eb.<\/p>\n<p>Edi Rama \u00ebsht\u00eb nga ato kafsh\u00eb politike, q\u00eb megjith\u00ebse t\u00eb k\u00ebqijat q\u00eb ka b\u00ebr\u00eb n\u00eb politik\u00eb me shkat\u00ebrrimet n\u00eb m\u00ebnyr\u00eb shembullore q\u00eb i ka b\u00ebr\u00eb kultur\u00ebs politike shqiptare, ka frik\u00eb dhe i ndjen\u00a0 tmerr\u00ebsisht hijet e s\u00eb kaluar\u00ebs q\u00eb lidhet me t\u00eb.<\/p>\n<p>N\u00eb rast se do k\u00ebrkohej p\u00ebr t\u00eb gjetur nj\u00eb ekzemplar\u00eb, q\u00eb nuk e ndan\u00a0 kurr\u00eb p\u00ebrgjegj\u00ebsin\u00eb me\u00a0 pushtetin e\u00a0 tij, jam plot\u00ebsisht i bindur se p\u00ebrpara do tu dilte Edi Rama si prototip, duke ia mbathur ma t\u00eb kat\u00ebrta\u00a0 p\u00ebr tu fshehur. Atij i p\u00eblqen pushteti, e shijon, shull\u00ebhet me t\u00eb, e p\u00ebrdor dhe joshet me instinktet e vetes, por barra e p\u00ebrgjegj\u00ebsis\u00eb \u00ebsht\u00eb nj\u00eb fatalitet q\u00eb e tmerron dhe e k\u00ebrc\u00ebnon. Prandaj ai ka p\u00ebrvet\u00ebsuar mire\u00a0 l\u00ebkur\u00ebn e kameleonit, p\u00ebr t\u00eb jetuar p\u00ebrtej s\u00eb majt\u00ebs dhe s\u00eb djatht\u00ebs, ndon\u00ebse ka sjelljen e politike dhe praktike sakt\u00ebsisht t\u00eb nj\u00eb regjimtari t\u00eb majt\u00eb.<\/p>\n<p>Parimet politike dhe normat qeveris\u00ebse jan\u00eb vet\u00ebm fasad\u00eb dhe nuk mund t\u00eb respektohen nga nj\u00eb regjimtar si Edi Rama.<\/p>\n<p>Parat\u00eb dhe korruptimi mbeten filozofia q\u00eb mund ti\u00a0 ndryshojn\u00eb gjith\u00e7ka sipas tij. Mund t\u00eb palosin \u00e7far\u00ebdo m\u00ebkat q\u00eb\u00a0\u00a0 ka b\u00ebr\u00eb\u00a0 dhe mund ta b\u00ebjn\u00eb flugerin q\u00eb t\u00eb rrotullohet p\u00ebrs\u00ebri edhe n\u00eb administrat\u00ebn e Donald Tramp dhe m\u00ebkatari t\u00eb vazhdoj\u00a0 si m\u00eb par\u00eb rrug\u00ebn e paudh\u00ebsive politike. Po a mund t\u00eb besohet n\u00eb \u00e7do moment, se marr\u00ebdh\u00ebniet dhe qasja\u00a0 e regjimtarit t\u00eb Tiran\u00ebs kudo dhe kurdoher\u00eb funksionojn\u00eb thjesht si nj\u00eb fluger\u00eb q\u00eb rrotullohet sipas drejtimit nga fryn\u00eb era, \u00e7ka n\u00ebnkupton drejtimin e interesave?<\/p>\n<p>Ka edhe\u00a0 nj\u00eb romanc\u00eb virtuale n\u00eb mes, t\u00eb fantazuar me regji dhe aktrim prej tij, (nd\u00ebrmjet kryeministrit shqiptar dhe dh\u00ebnd\u00ebrrit t\u00eb Donald Tramp Jared Kushner), i cili \u00ebsht\u00eb nj\u00eb biznesmen si t\u00eb gjith\u00eb t\u00eb tjer\u00ebt n\u00eb bot\u00ebn e madhe, ku lideri global hidhet dhe p\u00ebrdridhet i jargavitur q\u00eb ti jap\u00eb nj\u00eb status imagjinar ndryshe nga t\u00eb tjer\u00ebt.<\/p>\n<p>Por p\u00ebrfundimi i k\u00ebtyre historive bizantine i nj\u00eb\u00a0 regjisori dhe aktori paranojak t\u00eb Ballkanit q\u00eb sundon Shqip\u00ebrin\u00eb, tashti kan\u00eb rezultate t\u00eb kund\u00ebrta me prit\u00ebshm\u00ebrit\u00eb e bojaxhiut.<\/p>\n<p>Dhe regjimtari shqiptar shqiptar\u00eb prandaj rrotullohet i nervozuar rreth hijes s\u00eb presidentit amerikan Donald Tramp.<\/p>\n<p>K\u00ebto histori m\u00eb shum\u00eb kan\u00eb dh\u00ebn\u00eb efekt t\u00eb kund\u00ebrta, se sa kan\u00eb arritur di\u00e7ka. Flugeri nuk po rrotullohet m\u00eb sipas drejtimit q\u00eb Edi Rama e d\u00ebshironte me ankth.<\/p>\n<p>Ngadal\u00eb \u2013 ngadal\u00eb, po merr nd\u00ebshkimin e politikave t\u00eb gabuara dhe korruptive q\u00eb ka b\u00ebr\u00eb p\u00ebr 12 vjet me radh\u00eb.<\/p>\n<p>Nuk ka m\u00eb, as fotografi, as imazhe, as ftesa, as urime dhe as udh\u00ebtime.<\/p>\n<p>Ka vet\u00ebm dim\u00ebr vetmie, heshtje dhe ftoht\u00ebsi t\u00eb frikshme .<\/p>\n<p>Krimet korruptive t\u00eb politikave t\u00eb Edi Ram\u00ebs q\u00ebndrojn\u00eb pezull mbi hap\u00ebsir\u00ebn e marr\u00ebdh\u00ebnieve shqiptaro\u00a0 &#8211; amerikane, kundrejt nj\u00eb rivler\u00ebsimi korrekt q\u00eb po b\u00ebhet tashti nga ana amerikane.. Kanakarit spekulativ t\u00eb administrat\u00ebs Biden po i vjen m\u00ebndja v\u00ebrdall\u00eb nga q\u00eb Sht\u00ebpia e Bardh\u00eb jo vet\u00ebm q\u00eb \u00ebsht\u00eb b\u00ebr\u00eb e ftoht\u00eb n\u00eb raportet nd\u00ebrqeveritare me Shqip\u00ebrin\u00eb dhe personalisht me liderin global, por ka shprehur hapur n\u00eb m\u00ebnyr\u00eb diplomatike rezerva\u00a0 t\u00eb m\u00ebdha q\u00eb ka mbi t\u00eb shkuar\u00ebn por edhe t\u00eb sotmen e koh\u00ebs personale t\u00eb Edi Ram\u00ebs.<\/p>\n<p>Edi Rama jo vet\u00ebm si kryeminist\u00ebr por edhe si person ka b\u00ebr\u00eb gabime\u00a0 dhe\u00a0 akte t\u00eb kundraligjshme, q\u00eb kan\u00eb ndikuar mbi sh\u00ebndetin e k\u00ebtyre marr\u00ebdh\u00ebnieve por dhe cenimin e siguris\u00eb t\u00eb SHBA. Kryeministri shqiptar nuk mund\u00a0 ta kap\u00ebrcej\u00eb kurr\u00eb arroganc\u00ebn e p\u00ebrk\u00ebdhelur nga klani Soros dhe qeverisja e demokrat\u00ebve n\u00eb Amerik\u00eb.\u00a0 Nuk mund t\u00eb merret kollaj me m\u00ebnd sa i vet\u00ebdijsh\u00ebm \u00ebsht\u00eb b\u00ebr\u00eb ai, se \u00e7far\u00eb ka b\u00ebr\u00eb, por koha dhe e v\u00ebrteta, tek t\u00eb cilat cila ai nuk ka besuar kurr\u00eb, do ta bindin me arsye dhe nd\u00ebshkim, se n\u00eb pushtet nuk mund t\u00eb q\u00ebndrosh kurr\u00eb me krime dhe para, sado para t\u00eb kesh grumbulluar nga droga dhe korrupsioni.<\/p>\n","protected":false},"excerpt":{"rendered":"<p>Nga\u00a0Ndri\u00e7im KULLA K\u00ebrkon q\u00eb ti thot\u00eb shum\u00eb, por mezi belb\u00ebzon di\u00e7ka n\u00ebp\u00ebr dh\u00ebmb\u00eb. N\u00eb Bled t\u00eb Sllovenis\u00eb, mori rolin e guximtarit t\u00eb keq, ku n\u00ebp\u00ebrmjet nj\u00eb shigjete t\u00eb helmatisur deshte q\u00eb te godiste nga larg presidentin Donald Tramp. \u201cNato nuk ka shtyll\u00eb vertebrale\u201d- u shpreh mujshari\u00a0 i zem\u00ebruar n\u00eb kontekstin e q\u00ebndrimeve t\u00eb m\u00ebtejshme euroatlantike &hellip;<\/p>\n","protected":false},"author":4,"featured_media":113574,"comment_status":"closed","ping_status":"closed","sticky":false,"template":"","format":"standard","meta":{"footnotes":""},"categories":[44],"tags":[],"class_list":["post-123791","post","type-post","status-publish","format-standard","has-post-thumbnail","","category-editorial"],"_links":{"self":[{"href":"https:\/\/rdnews.al\/index.php\/wp-json\/wp\/v2\/posts\/123791","targetHints":{"allow":["GET"]}}],"collection":[{"href":"https:\/\/rdnews.al\/index.php\/wp-json\/wp\/v2\/posts"}],"about":[{"href":"https:\/\/rdnews.al\/index.php\/wp-json\/wp\/v2\/types\/post"}],"author":[{"embeddable":true,"href":"https:\/\/rdnews.al\/index.php\/wp-json\/wp\/v2\/users\/4"}],"replies":[{"embeddable":true,"href":"https:\/\/rdnews.al\/index.php\/wp-json\/wp\/v2\/comments?post=123791"}],"version-history":[{"count":1,"href":"https:\/\/rdnews.al\/index.php\/wp-json\/wp\/v2\/posts\/123791\/revisions"}],"predecessor-version":[{"id":123792,"href":"https:\/\/rdnews.al\/index.php\/wp-json\/wp\/v2\/posts\/123791\/revisions\/123792"}],"wp:featuredmedia":[{"embeddable":true,"href":"https:\/\/rdnews.al\/index.php\/wp-json\/wp\/v2\/media\/113574"}],"wp:attachment":[{"href":"https:\/\/rdnews.al\/index.php\/wp-json\/wp\/v2\/media?parent=123791"}],"wp:term":[{"taxonomy":"category","embeddable":true,"href":"https:\/\/rdnews.al\/index.php\/wp-json\/wp\/v2\/categories?post=123791"},{"taxonomy":"post_tag","embeddable":true,"href":"https:\/\/rdnews.al\/index.php\/wp-json\/wp\/v2\/tags?post=123791"}],"curies":[{"name":"wp","href":"https:\/\/api.w.org\/{rel}","templated":true}]}}