{"id":123799,"date":"2025-09-22T10:12:55","date_gmt":"2025-09-22T10:12:55","guid":{"rendered":"https:\/\/rdnews.al\/?p=123799"},"modified":"2025-09-22T10:33:13","modified_gmt":"2025-09-22T10:33:13","slug":"gjekmarkaj-mazhoranca-po-tenton-te-asgjesoje-opoziten-kerkojme-riperseritjen-e-seances","status":"publish","type":"post","link":"https:\/\/rdnews.al\/index.php\/2025\/09\/22\/gjekmarkaj-mazhoranca-po-tenton-te-asgjesoje-opoziten-kerkojme-riperseritjen-e-seances\/","title":{"rendered":"Mazhoranca, arrogante!\/ Gjekmarkaj: K\u00ebrkuam p\u00ebrs\u00ebritjen e seanc\u00ebs dhe shkarkimin e Peleshit!"},"content":{"rendered":"<p>Deputeti i PD, nj\u00ebkoh\u00ebsisht n\u00ebkryetar i Kuvendit, Agron Gjekmarkaj, n\u00eb nj\u00eb deklarat\u00eb p\u00ebr mediat n\u00eb p\u00ebrfundim t\u00eb konferenc\u00ebs s\u00eb kryetar\u00ebve<\/p>\n<p>u shpreh se, dy seancat e para t\u00eb Parlamentit shqiptar sh\u00ebnuan nj\u00eb p\u00ebrpjekje t\u00eb hapur p\u00ebr t\u00eb asgj\u00ebsuar parlamentarizmin n\u00eb vend.<\/p>\n<p>Ai akuzoi mazhoranc\u00ebn se po vepronte me q\u00ebllim p\u00ebr t\u00eb eliminuar \u00e7do mund\u00ebsi p\u00ebr opozit\u00ebn dhe p\u00ebr t\u00eb minuar t\u00eb drejtat e saj, duke shtuar se vet\u00eb zoti Peleshi, u shfaq si kryetentator i k\u00ebtij procesi. Gjekmarkaj theksoi se seancat e para t\u00eb Kuvendit soll\u00ebn shkelje flagrante t\u00eb rregullores, heqjen e komisioneve dhe zvog\u00eblimin e hap\u00ebsirave p\u00ebr opozit\u00ebn.<\/p>\n<p>\u201cDy seancat e para t\u00eb Parlamentit shqiptar\u00eb ishin nj\u00eb p\u00ebrpjekje e suksesshme p\u00ebr t\u00eb asgj\u00ebsuar parlamentarizmin n\u00eb vend, ku vet\u00eb zoti Peleshi u paraqit si nj\u00eb kryeatentator i parlamentarizmit, duke provokuar dhe mohuar \u00e7do t\u00eb drejt\u00eb t\u00eb opozit\u00ebs.<\/p>\n<p>N\u00eb seanc\u00ebn e par\u00eb, destrukturuan rregulloren e Kuvendit, hoq\u00ebn komisionet dhe zvog\u00ebluan hap\u00ebsirat p\u00ebr opozit\u00ebn. N\u00eb seanc\u00ebn e dyt\u00eb, vet\u00eb Kryeministri erdhi me tendenca provokuese, n\u00eb m\u00ebnyr\u00eb q\u00eb t\u00eb mos kishte transparenc\u00eb, t\u00eb mos zhvillohej debat dhe t\u00eb paraqiteshin vet\u00ebm ministrat e tij anonim\u00eb, pa pasur mund\u00ebsi feedback-u nga qytetar\u00ebt shqiptar\u00eb, ambasador\u00ebt e pranish\u00ebm q\u00eb erdh\u00ebn dhe mbet\u00ebn t\u00eb shushatur.<\/p>\n<p>K\u00ebrkova rip\u00ebrs\u00ebritjen e seanc\u00ebs, k\u00ebrkova mbledhjen e Komisionit t\u00eb Legjislacionit p\u00ebr t\u00eb shqyrtuar sa m\u00eb shpejt mund\u00ebsin\u00eb p\u00ebr nj\u00eb mocion ndaj zotit Peleshi, p\u00ebr t\u00eb anuluar d\u00ebnimet absurde t\u00eb k\u00ebsaj mazhorance ndaj deputet\u00ebve t\u00eb opozit\u00ebs dhe p\u00ebr t\u00eb hequr \u00e7do penges\u00eb p\u00ebr mediat n\u00eb sall\u00ebn e Parlamentit.<\/p>\n<p>Hap pas hapi, do t&#8217;i drejtohemi Gjykat\u00ebs Kushtetuese, do t\u00eb vendosim dhe do t&#8217;ju informojm\u00eb. Ende nuk kemi marr\u00eb nj\u00eb vendim.<\/p>\n<p>Ne do t\u00eb shfryt\u00ebzojm\u00eb \u00e7do hap\u00ebsir\u00eb q\u00eb ofron Parlamenti dhe kudo tjet\u00ebr p\u00ebr t\u00eb komunikuar t\u00eb v\u00ebrtet\u00ebn dhe p\u00ebr t&#8217;u p\u00ebrballur me k\u00ebt\u00eb mazhoranc\u00eb arrogante\u201d, tha Gjekmarkaj.<\/p>\n","protected":false},"excerpt":{"rendered":"<p>Deputeti i PD, nj\u00ebkoh\u00ebsisht n\u00ebkryetar i Kuvendit, Agron Gjekmarkaj, n\u00eb nj\u00eb deklarat\u00eb p\u00ebr mediat n\u00eb p\u00ebrfundim t\u00eb konferenc\u00ebs s\u00eb kryetar\u00ebve u shpreh se, dy seancat e para t\u00eb Parlamentit shqiptar sh\u00ebnuan nj\u00eb p\u00ebrpjekje t\u00eb hapur p\u00ebr t\u00eb asgj\u00ebsuar parlamentarizmin n\u00eb vend. Ai akuzoi mazhoranc\u00ebn se po vepronte me q\u00ebllim p\u00ebr t\u00eb eliminuar \u00e7do mund\u00ebsi p\u00ebr &hellip;<\/p>\n","protected":false},"author":4,"featured_media":123802,"comment_status":"closed","ping_status":"closed","sticky":false,"template":"","format":"standard","meta":{"footnotes":""},"categories":[37],"tags":[],"class_list":["post-123799","post","type-post","status-publish","format-standard","has-post-thumbnail","","category-politike"],"_links":{"self":[{"href":"https:\/\/rdnews.al\/index.php\/wp-json\/wp\/v2\/posts\/123799","targetHints":{"allow":["GET"]}}],"collection":[{"href":"https:\/\/rdnews.al\/index.php\/wp-json\/wp\/v2\/posts"}],"about":[{"href":"https:\/\/rdnews.al\/index.php\/wp-json\/wp\/v2\/types\/post"}],"author":[{"embeddable":true,"href":"https:\/\/rdnews.al\/index.php\/wp-json\/wp\/v2\/users\/4"}],"replies":[{"embeddable":true,"href":"https:\/\/rdnews.al\/index.php\/wp-json\/wp\/v2\/comments?post=123799"}],"version-history":[{"count":5,"href":"https:\/\/rdnews.al\/index.php\/wp-json\/wp\/v2\/posts\/123799\/revisions"}],"predecessor-version":[{"id":123805,"href":"https:\/\/rdnews.al\/index.php\/wp-json\/wp\/v2\/posts\/123799\/revisions\/123805"}],"wp:featuredmedia":[{"embeddable":true,"href":"https:\/\/rdnews.al\/index.php\/wp-json\/wp\/v2\/media\/123802"}],"wp:attachment":[{"href":"https:\/\/rdnews.al\/index.php\/wp-json\/wp\/v2\/media?parent=123799"}],"wp:term":[{"taxonomy":"category","embeddable":true,"href":"https:\/\/rdnews.al\/index.php\/wp-json\/wp\/v2\/categories?post=123799"},{"taxonomy":"post_tag","embeddable":true,"href":"https:\/\/rdnews.al\/index.php\/wp-json\/wp\/v2\/tags?post=123799"}],"curies":[{"name":"wp","href":"https:\/\/api.w.org\/{rel}","templated":true}]}}