{"id":123806,"date":"2025-09-22T11:11:30","date_gmt":"2025-09-22T11:11:30","guid":{"rendered":"https:\/\/rdnews.al\/?p=123806"},"modified":"2025-09-22T12:07:20","modified_gmt":"2025-09-22T12:07:20","slug":"berisha-petrit-malaj-anetar-i-klanit-te-gjoleke-malajt-u-be-minister-financash-diten-qe-certifikoi-censusin-e-falsifikuar-me-kompanine-e-tij","status":"publish","type":"post","link":"https:\/\/rdnews.al\/index.php\/2025\/09\/22\/berisha-petrit-malaj-anetar-i-klanit-te-gjoleke-malajt-u-be-minister-financash-diten-qe-certifikoi-censusin-e-falsifikuar-me-kompanine-e-tij\/","title":{"rendered":"&#8220;Gjoleke Malaj&#8221; minist\u00ebr Financash\/ Rama e b\u00ebri minist\u00ebr dit\u00ebn q\u00eb kompania e tij fallsifikoi censusin"},"content":{"rendered":"<p>Kryetari i PD, Sali Berisha n\u00eb nj\u00eb konferenc\u00eb p\u00ebr mediat tha se, Petrit Malaj, an\u00ebtar i klanit t\u00eb Gjolek\u00eb Malajt, u b\u00eb minist\u00ebr Financash dit\u00ebn q\u00eb \u00e7ertifikoi censusin e falsifikuar me kompanin\u00eb e tij<strong>.<\/strong><\/p>\n<p>\u201cLidhjet me krimin jan\u00eb leva e Arkimedit p\u00ebr postet ministrore dhe t\u00eb gjitha postet n\u00eb administrat\u00ebn e narkoshtetit.<\/p>\n<p>Ministri i Financave, Petrit Malaj, an\u00ebtar efektiv i klanit Gjolek\u00eb Malaj, vjen n\u00eb detyr\u00ebn e k\u00ebsaj ministrie tejet t\u00eb r\u00ebnd\u00ebsishme pasi kompania e tij BDO Albania, n\u00eb t\u00eb cil\u00ebn ky ka qen\u00eb administrator, i ati dhe e motra, aksioner\u00eb t\u00eb r\u00ebnd\u00ebsish\u00ebm, k\u00ebsaj kompanie i besohet auditi i censusit t\u00eb p\u00ebrgjithsh\u00ebm t\u00eb falsifikuar nga Edi Rama.<\/p>\n<p>Kompania BDO, e vjehrrit, motr\u00ebs dhe e k\u00ebtij, se ky ishte administrator, pra certifikoi censusin e falsifikuar n\u00eb shifra kolosale.<\/p>\n<p>Dhe, dit\u00ebn q\u00eb ka dor\u00ebzuar certifikimin e censusit, klani Malaj, klani Gjolek\u00eb Malaj, ky p\u00ebrfaq\u00ebsues i tyre em\u00ebrohet minist\u00ebr i Financave.<\/p>\n<p>Ministri i Financave vjen n\u00eb at\u00eb detyr\u00eb pasi kishte detyr\u00eb shtet\u00ebrore drejtor i AKBN-s\u00eb.<\/p>\n<p>Para tij, drejtor i AKBN-s\u00eb ishte kunati i tij, Doda, Doda, i cili shkarkohet dhe ndiqet penalisht p\u00ebr shp\u00ebrdorime dhe abuzime, por pavar\u00ebsisht nga ajo, ai punon n\u00eb nj\u00eb detyr\u00eb t\u00eb r\u00ebnd\u00ebsishme dhe sot.<\/p>\n<p>Vet\u00eb ministri, n\u00eb deklaratat e tij, ka paraqitur veten si profesionist i lir\u00eb, n\u00eb nj\u00eb koh\u00eb kur ai ka qen\u00eb me dokumente zyrtare drejtor ekzekutiv i kompanis\u00eb BDO. Pra ka kryer mashtrim.<\/p>\n<p>Ka qen\u00eb drejtor ekzekutiv, si\u00e7 ka pranuar vet\u00eb n\u00eb CV, i BDO q\u00eb prej vitit 2014. N\u00eb regjistrin e pagave figuron deri n\u00eb vitin 2021 si profesionist i lir\u00eb, me NIPT, jo si drejtor ekzekutiv.<\/p>\n<p>Pra, ky \u00ebsht\u00eb nj\u00eb fsheh\u00ebs, nj\u00eb evazor. Dhe ky sot drejton financat e vendit me t\u00eb nj\u00ebjtat parime q\u00eb drejtojn\u00eb bandat\u201d, tha Berisha.<\/p>\n","protected":false},"excerpt":{"rendered":"<p>Kryetari i PD, Sali Berisha n\u00eb nj\u00eb konferenc\u00eb p\u00ebr mediat tha se, Petrit Malaj, an\u00ebtar i klanit t\u00eb Gjolek\u00eb Malajt, u b\u00eb minist\u00ebr Financash dit\u00ebn q\u00eb \u00e7ertifikoi censusin e falsifikuar me kompanin\u00eb e tij. \u201cLidhjet me krimin jan\u00eb leva e Arkimedit p\u00ebr postet ministrore dhe t\u00eb gjitha postet n\u00eb administrat\u00ebn e narkoshtetit. Ministri i Financave, &hellip;<\/p>\n","protected":false},"author":4,"featured_media":123840,"comment_status":"closed","ping_status":"closed","sticky":false,"template":"","format":"standard","meta":{"footnotes":""},"categories":[37],"tags":[],"class_list":["post-123806","post","type-post","status-publish","format-standard","has-post-thumbnail","","category-politike"],"_links":{"self":[{"href":"https:\/\/rdnews.al\/index.php\/wp-json\/wp\/v2\/posts\/123806","targetHints":{"allow":["GET"]}}],"collection":[{"href":"https:\/\/rdnews.al\/index.php\/wp-json\/wp\/v2\/posts"}],"about":[{"href":"https:\/\/rdnews.al\/index.php\/wp-json\/wp\/v2\/types\/post"}],"author":[{"embeddable":true,"href":"https:\/\/rdnews.al\/index.php\/wp-json\/wp\/v2\/users\/4"}],"replies":[{"embeddable":true,"href":"https:\/\/rdnews.al\/index.php\/wp-json\/wp\/v2\/comments?post=123806"}],"version-history":[{"count":4,"href":"https:\/\/rdnews.al\/index.php\/wp-json\/wp\/v2\/posts\/123806\/revisions"}],"predecessor-version":[{"id":123842,"href":"https:\/\/rdnews.al\/index.php\/wp-json\/wp\/v2\/posts\/123806\/revisions\/123842"}],"wp:featuredmedia":[{"embeddable":true,"href":"https:\/\/rdnews.al\/index.php\/wp-json\/wp\/v2\/media\/123840"}],"wp:attachment":[{"href":"https:\/\/rdnews.al\/index.php\/wp-json\/wp\/v2\/media?parent=123806"}],"wp:term":[{"taxonomy":"category","embeddable":true,"href":"https:\/\/rdnews.al\/index.php\/wp-json\/wp\/v2\/categories?post=123806"},{"taxonomy":"post_tag","embeddable":true,"href":"https:\/\/rdnews.al\/index.php\/wp-json\/wp\/v2\/tags?post=123806"}],"curies":[{"name":"wp","href":"https:\/\/api.w.org\/{rel}","templated":true}]}}