{"id":123843,"date":"2025-09-22T12:17:06","date_gmt":"2025-09-22T12:17:06","guid":{"rendered":"https:\/\/rdnews.al\/?p=123843"},"modified":"2025-09-22T12:17:06","modified_gmt":"2025-09-22T12:17:06","slug":"mungese-transparence-dhe-censure-tjeter-mocion-mosbesimi-per-ursula-von-der-leyen-ne-pe","status":"publish","type":"post","link":"https:\/\/rdnews.al\/index.php\/2025\/09\/22\/mungese-transparence-dhe-censure-tjeter-mocion-mosbesimi-per-ursula-von-der-leyen-ne-pe\/","title":{"rendered":"Munges\u00eb transparence dhe censur\u00eb\/ Tjet\u00ebr mocion mosbesimi p\u00ebr Ursula von der Leyen n\u00eb PE"},"content":{"rendered":"<div class=\"chapo\">Komisioni Evropian i\u00a0Ursula von der Leyen\u00a0do t\u00eb p\u00ebrballet me nj\u00eb tjet\u00ebr vot\u00eb mosbesimi n\u00eb Parlamentin Evropian n\u00eb fillim t\u00eb tetorit.<\/div>\n<p>Sipas agjencis\u00eb gjermane t\u00eb lajmeve DPA, Kryetarja e\u00a0Parlamentit\u00a0Roberta Mezzola i informoi eurodeputet\u00ebt p\u00ebr k\u00ebt\u00eb. Votimi \u00ebsht\u00eb planifikuar t\u00eb zhvillohet midis 6 dhe 9 tetorit.<\/p>\n<p>Mocionet jan\u00eb siguruar tashm\u00eb me t\u00eb pakt\u00ebn 72 eurodeputet\u00eb, ose nj\u00eb e dhjeta e 720 eurodeputet\u00ebve, si\u00e7 k\u00ebrkohet nga rregullat.<\/p>\n<p><strong>Politika e klim\u00ebs dhe marr\u00ebveshjet tregtare<\/strong><\/p>\n<p>Kritikat n\u00eb mocionet e mosbesimit, t\u00eb paraqitura nga grupi i krahut t\u00eb djatht\u00eb Patriot\u00ebt p\u00ebr Evrop\u00ebn (PfE) dhe grupi parlamentar i majt\u00eb, drejtohen kryesisht kund\u00ebr\u00a0von der Leyen, por nj\u00eb vot\u00eb mosbesimi mund t\u00eb zbatohet vet\u00ebm p\u00ebr t\u00eb gjith\u00eb Komisionin Evropian.<\/p>\n<p>Mocioni i PfE kritikon, nd\u00ebr t\u00eb tjera, politikat e von der Leyen p\u00ebr klim\u00ebn dhe migracionin.<\/p>\n<p>Eurodeputet\u00ebt e akuzojn\u00eb m\u00eb tej von der Leyen p\u00ebr munges\u00eb transparence dhe censur\u00eb dhe kritikojn\u00eb marr\u00ebveshjet tregtare me Mercosur dhe SHBA-n\u00eb.<\/p>\n<p>\u201cEvropa \u00ebsht\u00eb sot m\u00eb e dob\u00ebt se kurr\u00eb, sepse Presidentja e\u00a0\u00a0Komisionitvazhdimisht d\u00ebshton t\u00eb adresoj\u00eb sfidat m\u00eb urgjente\u201d, thuhet n\u00eb propozimin e Patriot\u00ebve, t\u00eb cilin \u201cPolitico\u201d e ka par\u00eb.<\/p>\n<p>Kreu i grupit t\u00eb majt\u00eb n\u00eb Parlamentin Evropian, eurodeputeti gjerman Martin Schirdevan, tha nd\u00ebr t\u00eb tjera: \u201cKomisioni ka b\u00ebr\u00eb nj\u00eb marr\u00ebveshje katastrofike doganore me Trumpin\u201d.<\/p>\n<p>Pakti, tha ai, \u00ebsht\u00eb nj\u00eb sulm ndaj industris\u00eb evropiane dhe do t\u00eb shkat\u00ebrroj\u00eb mij\u00ebra vende pune. P\u00ebrve\u00e7 k\u00ebsaj,\u00a0Komisioni\u00a0ka heshtur p\u00ebr shum\u00eb koh\u00eb n\u00eb lidhje me katastrof\u00ebn humanitare n\u00eb Rripin e Gaz\u00ebs.<\/p>\n<p><strong>V\u00ebshtir\u00eb se do t\u00eb ket\u00eb sukses<\/strong><\/p>\n<p>Megjithat\u00eb, nj\u00eb vot\u00eb mosbesimi konsiderohet e pamundur t\u00eb ket\u00eb sukses, pasi do t\u00eb k\u00ebrkonte nj\u00eb shumic\u00eb prej dy t\u00eb tretat e numrit t\u00eb p\u00ebrgjithsh\u00ebm t\u00eb votave t\u00eb hedhura, si dhe shumic\u00ebn e t\u00eb gjith\u00eb an\u00ebtar\u00ebve t\u00eb Parlamentit. Kjo do t\u00eb thot\u00eb se duhet t\u00eb sigurohen t\u00eb pakt\u00ebn 361 vota, e n\u00ebse t\u00eb gjith\u00eb eurodeputet\u00ebt jan\u00eb t\u00eb pranish\u00ebm dhe votojn\u00eb, deri n\u00eb 480.<\/p>\n<p>N\u00eb zgjedhjet e n\u00ebntorit t\u00eb kaluar, Komisioni i Ursula von der Leyen mori 370 nga 688 votat e hedhura.<\/p>\n<p>Komisioni Evropian \u00ebsht\u00eb p\u00ebrballur tashm\u00eb me nj\u00eb mocion t\u00eb ngjash\u00ebm mosbesimi n\u00eb korrik: Von der Leyen u akuzua p\u00ebr munges\u00eb transparence n\u00eb prokurimin e vaksinave gjat\u00eb pandemis\u00eb s\u00eb koronavirusit, p\u00ebr p\u00ebrmbysjen e mesazheve q\u00eb ajo shk\u00ebmbeu me kreun e grupit farmaceutik amerikan Pfizer dhe p\u00ebr nj\u00eb stil udh\u00ebheq\u00ebs centralist.<\/p>\n<p><strong>Mocionet e mosbesimit \u2013 t\u00eb rralla<\/strong><\/p>\n<p>Mocionet e mosbesimit ndaj Komisionit Evropian jan\u00eb n\u00eb t\u00eb v\u00ebrtet\u00eb t\u00eb rralla. Para korrikut, populist\u00ebt e krahut t\u00eb djatht\u00eb u p\u00ebrpoq\u00ebn n\u00eb vitin 2014 t\u00eb shkarkonin Komisionin e at\u00ebhersh\u00ebm t\u00eb Jean-Claude Juncker, por pa sukses.<\/p>\n<p>N\u00eb at\u00eb koh\u00eb, vet\u00ebm 101 eurodeputet\u00eb euroskeptik\u00eb votuan n\u00eb favor t\u00eb propozimit, 461 kund\u00ebr dhe 88 abstenuan.<\/p>\n<p>E vetmja her\u00eb q\u00eb Komisioni Evropian ka r\u00ebn\u00eb ishte n\u00eb vitin 1999, kur Komisioni i Jacques Santer dha dor\u00ebheqjen para kohe pasi u botua nj\u00eb raport mbi mashtrimin, keqmenaxhimin dhe nepotizmin.\/DW<\/p>\n","protected":false},"excerpt":{"rendered":"<p>Komisioni Evropian i\u00a0Ursula von der Leyen\u00a0do t\u00eb p\u00ebrballet me nj\u00eb tjet\u00ebr vot\u00eb mosbesimi n\u00eb Parlamentin Evropian n\u00eb fillim t\u00eb tetorit. Sipas agjencis\u00eb gjermane t\u00eb lajmeve DPA, Kryetarja e\u00a0Parlamentit\u00a0Roberta Mezzola i informoi eurodeputet\u00ebt p\u00ebr k\u00ebt\u00eb. Votimi \u00ebsht\u00eb planifikuar t\u00eb zhvillohet midis 6 dhe 9 tetorit. Mocionet jan\u00eb siguruar tashm\u00eb me t\u00eb pakt\u00ebn 72 eurodeputet\u00eb, ose nj\u00eb &hellip;<\/p>\n","protected":false},"author":3,"featured_media":123844,"comment_status":"closed","ping_status":"closed","sticky":false,"template":"","format":"standard","meta":{"footnotes":""},"categories":[38],"tags":[],"class_list":["post-123843","post","type-post","status-publish","format-standard","has-post-thumbnail","","category-bota"],"_links":{"self":[{"href":"https:\/\/rdnews.al\/index.php\/wp-json\/wp\/v2\/posts\/123843","targetHints":{"allow":["GET"]}}],"collection":[{"href":"https:\/\/rdnews.al\/index.php\/wp-json\/wp\/v2\/posts"}],"about":[{"href":"https:\/\/rdnews.al\/index.php\/wp-json\/wp\/v2\/types\/post"}],"author":[{"embeddable":true,"href":"https:\/\/rdnews.al\/index.php\/wp-json\/wp\/v2\/users\/3"}],"replies":[{"embeddable":true,"href":"https:\/\/rdnews.al\/index.php\/wp-json\/wp\/v2\/comments?post=123843"}],"version-history":[{"count":1,"href":"https:\/\/rdnews.al\/index.php\/wp-json\/wp\/v2\/posts\/123843\/revisions"}],"predecessor-version":[{"id":123845,"href":"https:\/\/rdnews.al\/index.php\/wp-json\/wp\/v2\/posts\/123843\/revisions\/123845"}],"wp:featuredmedia":[{"embeddable":true,"href":"https:\/\/rdnews.al\/index.php\/wp-json\/wp\/v2\/media\/123844"}],"wp:attachment":[{"href":"https:\/\/rdnews.al\/index.php\/wp-json\/wp\/v2\/media?parent=123843"}],"wp:term":[{"taxonomy":"category","embeddable":true,"href":"https:\/\/rdnews.al\/index.php\/wp-json\/wp\/v2\/categories?post=123843"},{"taxonomy":"post_tag","embeddable":true,"href":"https:\/\/rdnews.al\/index.php\/wp-json\/wp\/v2\/tags?post=123843"}],"curies":[{"name":"wp","href":"https:\/\/api.w.org\/{rel}","templated":true}]}}