{"id":123854,"date":"2025-09-22T15:45:25","date_gmt":"2025-09-22T15:45:25","guid":{"rendered":"https:\/\/rdnews.al\/?p=123854"},"modified":"2025-09-22T15:45:25","modified_gmt":"2025-09-22T15:45:25","slug":"degradimi-i-dumanit-ministri-e-prezanton-si-zarin-e-qeverise-reagon-bardhi","status":"publish","type":"post","link":"https:\/\/rdnews.al\/index.php\/2025\/09\/22\/degradimi-i-dumanit-ministri-e-prezanton-si-zarin-e-qeverise-reagon-bardhi\/","title":{"rendered":"Degradimi i Dumanit\/ Ministri e prezanton si zarin e qeveris\u00eb, reagon Bardhi"},"content":{"rendered":"<p>Gazment BARDHI<\/p>\n<p>Marr\u00ebdh\u00ebnia e Drejtuesit t\u00eb Prokuroris\u00eb s\u00eb Posa\u00e7me SPAK me segmente t\u00eb Ekzekutivit, p\u00ebrfshir\u00eb Ministrin e Drejt\u00ebsis\u00eb, duhet t\u00eb udh\u00ebhiqet vet\u00ebm nga ligji. Marr\u00ebdh\u00ebnie t\u00eb tilla institucionale nuk duhet t\u00eb ndodhin p\u00ebr nevoja propagande t\u00eb Ekzekutivit, sepse SPAK nuk mund t\u00eb jet\u00eb mekaniz\u00ebm propagande i Qeveris\u00eb, por institucioni ky\u00e7 q\u00eb lufton korrupsionin qeveritar dhe krimin e organizuar.<\/p>\n<p>Askund, por askund nuk parashikohet se me drejtuesin e SPAK ndahen prioritetet e Qeveris\u00eb dhe aq m\u00eb pak q\u00eb ky i fundit d\u00ebgjon prioritetet e programit t\u00eb Qeveris\u00eb. \u00c7&#8217;lidhje ka SPAK me prioritetet e Qeveris\u00eb s\u00eb korruptuar t\u00eb Edi Ram\u00ebs, kur n\u00eb fakt prioritet i saj duhet t\u00eb jet\u00eb lufta ndaj korrupsionit qeveritar?<\/p>\n<p>SPAK nuk \u00ebsht\u00eb institucion n\u00ebn var\u00ebsin\u00eb e ekzekutivit dhe nuk duhet t\u00eb sillet n\u00eb publik si i till\u00eb, sepse pavar\u00ebsia e sistemit gjyq\u00ebsor duhet edhe t\u00eb duket q\u00eb ekziston. Kjo poz\u00eb n\u00eb zyr\u00ebn e Ministrit t\u00eb Drejt\u00ebsis\u00eb dhe njoftimi i Ministrit t\u00eb Drejt\u00ebsis\u00eb q\u00eb ka ndar\u00eb prioritetet e programit qeveris\u00ebs, \u00ebsht\u00eb nj\u00eb akt propagande i pandodhur kurr\u00eb m\u00eb par\u00eb.<\/p>\n","protected":false},"excerpt":{"rendered":"<p>Gazment BARDHI Marr\u00ebdh\u00ebnia e Drejtuesit t\u00eb Prokuroris\u00eb s\u00eb Posa\u00e7me SPAK me segmente t\u00eb Ekzekutivit, p\u00ebrfshir\u00eb Ministrin e Drejt\u00ebsis\u00eb, duhet t\u00eb udh\u00ebhiqet vet\u00ebm nga ligji. Marr\u00ebdh\u00ebnie t\u00eb tilla institucionale nuk duhet t\u00eb ndodhin p\u00ebr nevoja propagande t\u00eb Ekzekutivit, sepse SPAK nuk mund t\u00eb jet\u00eb mekaniz\u00ebm propagande i Qeveris\u00eb, por institucioni ky\u00e7 q\u00eb lufton korrupsionin qeveritar dhe &hellip;<\/p>\n","protected":false},"author":3,"featured_media":123855,"comment_status":"closed","ping_status":"closed","sticky":false,"template":"","format":"standard","meta":{"footnotes":""},"categories":[37],"tags":[],"class_list":["post-123854","post","type-post","status-publish","format-standard","has-post-thumbnail","","category-politike"],"_links":{"self":[{"href":"https:\/\/rdnews.al\/index.php\/wp-json\/wp\/v2\/posts\/123854","targetHints":{"allow":["GET"]}}],"collection":[{"href":"https:\/\/rdnews.al\/index.php\/wp-json\/wp\/v2\/posts"}],"about":[{"href":"https:\/\/rdnews.al\/index.php\/wp-json\/wp\/v2\/types\/post"}],"author":[{"embeddable":true,"href":"https:\/\/rdnews.al\/index.php\/wp-json\/wp\/v2\/users\/3"}],"replies":[{"embeddable":true,"href":"https:\/\/rdnews.al\/index.php\/wp-json\/wp\/v2\/comments?post=123854"}],"version-history":[{"count":1,"href":"https:\/\/rdnews.al\/index.php\/wp-json\/wp\/v2\/posts\/123854\/revisions"}],"predecessor-version":[{"id":123856,"href":"https:\/\/rdnews.al\/index.php\/wp-json\/wp\/v2\/posts\/123854\/revisions\/123856"}],"wp:featuredmedia":[{"embeddable":true,"href":"https:\/\/rdnews.al\/index.php\/wp-json\/wp\/v2\/media\/123855"}],"wp:attachment":[{"href":"https:\/\/rdnews.al\/index.php\/wp-json\/wp\/v2\/media?parent=123854"}],"wp:term":[{"taxonomy":"category","embeddable":true,"href":"https:\/\/rdnews.al\/index.php\/wp-json\/wp\/v2\/categories?post=123854"},{"taxonomy":"post_tag","embeddable":true,"href":"https:\/\/rdnews.al\/index.php\/wp-json\/wp\/v2\/tags?post=123854"}],"curies":[{"name":"wp","href":"https:\/\/api.w.org\/{rel}","templated":true}]}}