{"id":123857,"date":"2025-09-22T15:53:47","date_gmt":"2025-09-22T15:53:47","guid":{"rendered":"https:\/\/rdnews.al\/?p=123857"},"modified":"2025-09-22T15:53:47","modified_gmt":"2025-09-22T15:53:47","slug":"e-pa-duke-pire-cigare-shkarkohet-zv-ministri","status":"publish","type":"post","link":"https:\/\/rdnews.al\/index.php\/2025\/09\/22\/e-pa-duke-pire-cigare-shkarkohet-zv-ministri\/","title":{"rendered":"E pa duke pir\u00eb cigare\/ Shkarkohet zv.ministri"},"content":{"rendered":"<p>Ministrja e re e Ministris\u00eb s\u00eb Pun\u00ebve t\u00eb Brendshme, Albana Ko\u00e7iu i ka propozuar Qeveris\u00eb shkarkimin nga detyra t\u00eb z\u00ebvend\u00ebsministrit Andi Mahila. Sipas burimeve t\u00eb Top Channel, Mahila \u00ebsht\u00eb fotografuar duke konsumuar cigare n\u00eb nj\u00eb ambient t\u00eb mbyllur, n\u00eb kund\u00ebrshtim me ligjin, dhe kjo \u00ebsht\u00eb arsyeja pse Ko\u00e7iu ka k\u00ebrkuar shkarkimin e tij.<\/p>\n<p>Ky \u00ebsht\u00eb nj\u00eb nd\u00ebr vendimet e para t\u00eb Albana Ko\u00e7iut n\u00eb detyr\u00ebn e ministres s\u00eb Brendshme, teksa raportohet se ajo ka njoftuar edhe qytetarin q\u00eb ka denoncuar rastin.<\/p>\n<p>Andi Mahila mbante detyr\u00ebn si z\u00ebv\u00ebnd\u00ebsminist\u00ebr i Pun\u00ebve t\u00eb Brendshme q\u00eb nga janari 2021.<\/p>\n","protected":false},"excerpt":{"rendered":"<p>Ministrja e re e Ministris\u00eb s\u00eb Pun\u00ebve t\u00eb Brendshme, Albana Ko\u00e7iu i ka propozuar Qeveris\u00eb shkarkimin nga detyra t\u00eb z\u00ebvend\u00ebsministrit Andi Mahila. Sipas burimeve t\u00eb Top Channel, Mahila \u00ebsht\u00eb fotografuar duke konsumuar cigare n\u00eb nj\u00eb ambient t\u00eb mbyllur, n\u00eb kund\u00ebrshtim me ligjin, dhe kjo \u00ebsht\u00eb arsyeja pse Ko\u00e7iu ka k\u00ebrkuar shkarkimin e tij. Ky \u00ebsht\u00eb &hellip;<\/p>\n","protected":false},"author":3,"featured_media":123858,"comment_status":"closed","ping_status":"closed","sticky":false,"template":"","format":"standard","meta":{"footnotes":""},"categories":[37],"tags":[],"class_list":["post-123857","post","type-post","status-publish","format-standard","has-post-thumbnail","","category-politike"],"_links":{"self":[{"href":"https:\/\/rdnews.al\/index.php\/wp-json\/wp\/v2\/posts\/123857","targetHints":{"allow":["GET"]}}],"collection":[{"href":"https:\/\/rdnews.al\/index.php\/wp-json\/wp\/v2\/posts"}],"about":[{"href":"https:\/\/rdnews.al\/index.php\/wp-json\/wp\/v2\/types\/post"}],"author":[{"embeddable":true,"href":"https:\/\/rdnews.al\/index.php\/wp-json\/wp\/v2\/users\/3"}],"replies":[{"embeddable":true,"href":"https:\/\/rdnews.al\/index.php\/wp-json\/wp\/v2\/comments?post=123857"}],"version-history":[{"count":1,"href":"https:\/\/rdnews.al\/index.php\/wp-json\/wp\/v2\/posts\/123857\/revisions"}],"predecessor-version":[{"id":123859,"href":"https:\/\/rdnews.al\/index.php\/wp-json\/wp\/v2\/posts\/123857\/revisions\/123859"}],"wp:featuredmedia":[{"embeddable":true,"href":"https:\/\/rdnews.al\/index.php\/wp-json\/wp\/v2\/media\/123858"}],"wp:attachment":[{"href":"https:\/\/rdnews.al\/index.php\/wp-json\/wp\/v2\/media?parent=123857"}],"wp:term":[{"taxonomy":"category","embeddable":true,"href":"https:\/\/rdnews.al\/index.php\/wp-json\/wp\/v2\/categories?post=123857"},{"taxonomy":"post_tag","embeddable":true,"href":"https:\/\/rdnews.al\/index.php\/wp-json\/wp\/v2\/tags?post=123857"}],"curies":[{"name":"wp","href":"https:\/\/api.w.org\/{rel}","templated":true}]}}