{"id":123860,"date":"2025-09-22T16:29:06","date_gmt":"2025-09-22T16:29:06","guid":{"rendered":"https:\/\/rdnews.al\/?p=123860"},"modified":"2025-09-22T22:55:25","modified_gmt":"2025-09-22T22:55:25","slug":"bashkia-e-vlores-eshte-shnderruar-ne-nje-dege-lokale-te-partise-socialiste","status":"publish","type":"post","link":"https:\/\/rdnews.al\/index.php\/2025\/09\/22\/bashkia-e-vlores-eshte-shnderruar-ne-nje-dege-lokale-te-partise-socialiste\/","title":{"rendered":"Bashkia e Vlor\u00ebs \u00ebsht\u00eb shnd\u00ebrruar n\u00eb nj\u00eb deg\u00eb lokale t\u00eb Partis\u00eb Socialiste!"},"content":{"rendered":"<p><strong>Deklarat\u00eb e Partis\u00eb Demokratike Vlor\u00eb,<\/strong><br \/>\n<strong>nga Sekretari p\u00ebr marr\u00ebdh\u00ebniet me publikun, Rezenbrik Serjani<\/strong><\/p>\n<p>T\u00eb nderuar qytetar\u00eb vlonjat\u00eb,\u2028N\u00eb em\u00ebr t\u00eb Partis\u00eb Demokratike Vlor\u00eb, jam sot p\u00ebr t\u00eb denoncuar nj\u00eb tjet\u00ebr akt politik t\u00eb turpsh\u00ebm n\u00eb K\u00ebshillin Bashkiak t\u00eb Vlor\u00ebs.<br \/>\nSot, K\u00ebshilli Bashkiak i Vlor\u00ebs, me votat e shumic\u00ebs socialiste, shfaqi edhe nj\u00eb her\u00eb fytyr\u00ebn e v\u00ebrtet\u00eb t\u00eb kapjes politike dhe shkeljes s\u00eb \u00e7do norme demokratike.<br \/>\nMe nj\u00eb zell t\u00eb verb\u00ebr, paligjshm\u00ebri e serviliz\u00ebm, p\u00ebr t\u00eb zbatuar urdhrat e sektit politik t\u00eb Edi Ram\u00ebs dhe komisarit t\u00eb tij lokal, Bledi \u00c7u\u00e7i, ky k\u00ebshill jo vet\u00ebm q\u00eb injoroi rregulloren e funksionimit t\u00eb vet, por shkeli Kushtetut\u00ebn dhe ligjin p\u00ebr vet\u00ebqeverisjen vendore.<br \/>\nEm\u00ebrimi politik i nj\u00eb kryetari t\u00eb komanduar p\u00ebr Bashkin\u00eb e Vlor\u00ebs \u00ebsht\u00eb d\u00ebshmi e qart\u00eb se ky K\u00ebshill nuk \u00ebsht\u00eb asgj\u00eb tjet\u00ebr ve\u00e7se nj\u00eb noter i fundit q\u00eb vulos vendimet e parap\u00ebrgatitura n\u00eb zyrat e Partis\u00eb Socialiste.<br \/>\nKryetari i votuar me kartonat e turpit socialist pa legjitimitet dhe n\u00eb kund\u00ebrshtim me ligjin, u promovua nga propaganda socialiste si nj\u00eb \u201cudh\u00ebheq\u00ebs\u201d i pun\u00ebve publike, nd\u00ebrkoh\u00eb q\u00eb n\u00eb t\u00eb v\u00ebrtet\u00eb \u00ebsht\u00eb nj\u00eb zbatues i projekteve m\u00eb t\u00eb d\u00ebmshme p\u00ebr qytetin: ngushtimi i rrug\u00ebve, kaosi n\u00eb projektin e uj\u00ebsjell\u00ebsit, betonizimi pa kriter, shkat\u00ebrrimi i Sheshit t\u00eb Flamurit, ngushtimi i Bulevardit Vlor\u00eb-Skel\u00eb, t\u00eb cilat jan\u00eb nd\u00ebrhyrje t\u00eb pseudoprojekteve q\u00eb kan\u00eb rr\u00ebmbyer miliona euro nga taksat e qytetar\u00ebve vlonjat\u00eb dhe e kan\u00eb b\u00ebr\u00eb Vlor\u00ebn t\u00eb mos jet\u00eb m\u00eb Vlor\u00eb.<br \/>\nBashkia e Vlor\u00ebs, n\u00ebn sundimin e k\u00ebtij klani politik, \u00ebsht\u00eb shnd\u00ebrruar n\u00eb nj\u00eb deg\u00eb lokale t\u00eb Partis\u00eb Socialiste, nj\u00eb zyr\u00eb ku interesi publik \u00ebsht\u00eb z\u00ebvend\u00ebsuar nga pazaret e pushtetit dhe korrupsioni urbanistik.<br \/>\nKryetari i sot\u00ebm, i votuar me \u201cjeshile\u201d nga karton\u00ebt e shumic\u00ebs socialiste, nuk p\u00ebrfaq\u00ebson qytetar\u00ebt e Vlor\u00ebs, por vullnetin e nj\u00eb grupi t\u00eb ngusht\u00eb q\u00eb synon t\u00eb vazhdoj\u00eb projektet grabitqare t\u00eb mbetura pezull nga paraardh\u00ebsi i tij t\u00eb njohura tashm\u00eb p\u00ebr d\u00ebshtime e abuzime si\u00e7 jan\u00eb: grabitja e tokave n\u00eb Kanin\u00eb, vazhdimi i shkat\u00ebrrimit t\u00eb Portit Detar, grabitja e pron\u00ebs publike n\u00eb Plazhin e Vjet\u00ebr dhe n\u00eb stadiumin e qytetit, e dhjet\u00ebra projekte t\u00eb tjera prej nga qytetar\u00ebt vlonjat\u00eb dhe Vlora nuk p\u00ebrfitojn\u00eb asgj\u00eb.<br \/>\nSot, u komandua nj\u00eb kryetar i paligjsh\u00ebm bashkie, p\u00ebr t\u00eb firmosur paligjshm\u00ebri!<br \/>\nBashkia Vlor\u00eb ka nevoj\u00eb p\u00ebr nj\u00eb kryetar t\u00eb mir\u00ebfillt\u00eb bashkie, nj\u00eb njeri q\u00eb e njeh mir\u00eb qytetin dhe k\u00ebrkon t\u00eb jet\u00eb sh\u00ebrbestar i saj dhe jo grabitqar.<br \/>\nVet\u00ebm nj\u00eb kryetar bashkie i zgjedhur nga opozita do t\u00eb jet\u00eb zgjidhja p\u00ebrfundimtare e kapjes s\u00eb Bashkis\u00eb Vlor\u00eb nga kthetrat e abuzimit, d\u00ebshtimit dhe korrupsionit.<\/p>\n","protected":false},"excerpt":{"rendered":"<p>Deklarat\u00eb e Partis\u00eb Demokratike Vlor\u00eb, nga Sekretari p\u00ebr marr\u00ebdh\u00ebniet me publikun, Rezenbrik Serjani T\u00eb nderuar qytetar\u00eb vlonjat\u00eb,\u2028N\u00eb em\u00ebr t\u00eb Partis\u00eb Demokratike Vlor\u00eb, jam sot p\u00ebr t\u00eb denoncuar nj\u00eb tjet\u00ebr akt politik t\u00eb turpsh\u00ebm n\u00eb K\u00ebshillin Bashkiak t\u00eb Vlor\u00ebs. Sot, K\u00ebshilli Bashkiak i Vlor\u00ebs, me votat e shumic\u00ebs socialiste, shfaqi edhe nj\u00eb her\u00eb fytyr\u00ebn e v\u00ebrtet\u00eb &hellip;<\/p>\n","protected":false},"author":4,"featured_media":102162,"comment_status":"closed","ping_status":"closed","sticky":false,"template":"","format":"standard","meta":{"footnotes":""},"categories":[134],"tags":[],"class_list":["post-123860","post","type-post","status-publish","format-standard","has-post-thumbnail","","category-news"],"_links":{"self":[{"href":"https:\/\/rdnews.al\/index.php\/wp-json\/wp\/v2\/posts\/123860","targetHints":{"allow":["GET"]}}],"collection":[{"href":"https:\/\/rdnews.al\/index.php\/wp-json\/wp\/v2\/posts"}],"about":[{"href":"https:\/\/rdnews.al\/index.php\/wp-json\/wp\/v2\/types\/post"}],"author":[{"embeddable":true,"href":"https:\/\/rdnews.al\/index.php\/wp-json\/wp\/v2\/users\/4"}],"replies":[{"embeddable":true,"href":"https:\/\/rdnews.al\/index.php\/wp-json\/wp\/v2\/comments?post=123860"}],"version-history":[{"count":1,"href":"https:\/\/rdnews.al\/index.php\/wp-json\/wp\/v2\/posts\/123860\/revisions"}],"predecessor-version":[{"id":123861,"href":"https:\/\/rdnews.al\/index.php\/wp-json\/wp\/v2\/posts\/123860\/revisions\/123861"}],"wp:featuredmedia":[{"embeddable":true,"href":"https:\/\/rdnews.al\/index.php\/wp-json\/wp\/v2\/media\/102162"}],"wp:attachment":[{"href":"https:\/\/rdnews.al\/index.php\/wp-json\/wp\/v2\/media?parent=123860"}],"wp:term":[{"taxonomy":"category","embeddable":true,"href":"https:\/\/rdnews.al\/index.php\/wp-json\/wp\/v2\/categories?post=123860"},{"taxonomy":"post_tag","embeddable":true,"href":"https:\/\/rdnews.al\/index.php\/wp-json\/wp\/v2\/tags?post=123860"}],"curies":[{"name":"wp","href":"https:\/\/api.w.org\/{rel}","templated":true}]}}