{"id":123903,"date":"2025-09-23T08:54:56","date_gmt":"2025-09-23T08:54:56","guid":{"rendered":"https:\/\/rdnews.al\/?p=123903"},"modified":"2025-09-23T09:01:15","modified_gmt":"2025-09-23T09:01:15","slug":"babai-i-yamal-proteston-per-topin-e-arte-dicka-shume-e-cuditshme-ka-ndodhur-ketu","status":"publish","type":"post","link":"https:\/\/rdnews.al\/index.php\/2025\/09\/23\/babai-i-yamal-proteston-per-topin-e-arte-dicka-shume-e-cuditshme-ka-ndodhur-ketu\/","title":{"rendered":"Babai i Yamal proteston p\u00ebr Topin e Art\u00eb: Di\u00e7ka shum\u00eb e \u00e7uditshme ka ndodhur k\u00ebtu!"},"content":{"rendered":"<p>Babai i Lamine Yamal, Mounir Nasroui, nuk ishte aspak i k\u00ebnaqur me humbjen e t\u00eb birit t\u00eb tij n\u00eb gar\u00ebn p\u00ebr Topin e Art\u00eb 2025.<\/p>\n<p>Pasi m\u00ebsoi se Ousmane Dembele ishte fituesi, Nasroui u ndal shpejt n\u00eb zon\u00ebn e gazetar\u00ebve spanjoll\u00eb p\u00ebr t\u00eb l\u00ebn\u00eb nj\u00eb deklarat\u00eb: &#8220;Viti tjet\u00ebr \u00ebsht\u00eb i yni&#8221;.<\/p>\n<p>Por m\u00eb von\u00eb, nd\u00ebrsa minutat kalonin, zem\u00ebrimi i tij u rrit dhe e shprehu hapur n\u00eb nj\u00eb video-telefonat\u00eb me mediumin\u00a0<em>El Chiringuito<\/em>.<\/p>\n<p>\u201cMendoj se \u00ebsht\u00eb m\u00eb e keqja&#8230; Nuk do t\u00eb them grabitje, por d\u00ebm moral ndaj nj\u00eb qenieje njer\u00ebzore&#8221;, filloi ai ankes\u00ebn e tij.<\/p>\n<div class=\"rm-embed embed-media\">\n<div class=\"twitter-tweet twitter-tweet-rendered\"><iframe id=\"twitter-widget-0\" class=\"\" title=\"X Post\" src=\"https:\/\/platform.twitter.com\/embed\/Tweet.html?dnt=false&amp;embedId=twitter-widget-0&amp;features=eyJ0ZndfdGltZWxpbmVfbGlzdCI6eyJidWNrZXQiOltdLCJ2ZXJzaW9uIjpudWxsfSwidGZ3X2ZvbGxvd2VyX2NvdW50X3N1bnNldCI6eyJidWNrZXQiOnRydWUsInZlcnNpb24iOm51bGx9LCJ0ZndfdHdlZXRfZWRpdF9iYWNrZW5kIjp7ImJ1Y2tldCI6Im9uIiwidmVyc2lvbiI6bnVsbH0sInRmd19yZWZzcmNfc2Vzc2lvbiI6eyJidWNrZXQiOiJvbiIsInZlcnNpb24iOm51bGx9LCJ0ZndfZm9zbnJfc29mdF9pbnRlcnZlbnRpb25zX2VuYWJsZWQiOnsiYnVja2V0Ijoib24iLCJ2ZXJzaW9uIjpudWxsfSwidGZ3X21peGVkX21lZGlhXzE1ODk3Ijp7ImJ1Y2tldCI6InRyZWF0bWVudCIsInZlcnNpb24iOm51bGx9LCJ0ZndfZXhwZXJpbWVudHNfY29va2llX2V4cGlyYXRpb24iOnsiYnVja2V0IjoxMjA5NjAwLCJ2ZXJzaW9uIjpudWxsfSwidGZ3X3Nob3dfYmlyZHdhdGNoX3Bpdm90c19lbmFibGVkIjp7ImJ1Y2tldCI6Im9uIiwidmVyc2lvbiI6bnVsbH0sInRmd19kdXBsaWNhdGVfc2NyaWJlc190b19zZXR0aW5ncyI6eyJidWNrZXQiOiJvbiIsInZlcnNpb24iOm51bGx9LCJ0ZndfdXNlX3Byb2ZpbGVfaW1hZ2Vfc2hhcGVfZW5hYmxlZCI6eyJidWNrZXQiOiJvbiIsInZlcnNpb24iOm51bGx9LCJ0ZndfdmlkZW9faGxzX2R5bmFtaWNfbWFuaWZlc3RzXzE1MDgyIjp7ImJ1Y2tldCI6InRydWVfYml0cmF0ZSIsInZlcnNpb24iOm51bGx9LCJ0ZndfbGVnYWN5X3RpbWVsaW5lX3N1bnNldCI6eyJidWNrZXQiOnRydWUsInZlcnNpb24iOm51bGx9LCJ0ZndfdHdlZXRfZWRpdF9mcm9udGVuZCI6eyJidWNrZXQiOiJvbiIsInZlcnNpb24iOm51bGx9fQ%3D%3D&amp;frame=false&amp;hideCard=false&amp;hideThread=false&amp;id=1970261784285315197&amp;lang=en&amp;origin=https%3A%2F%2Ftelegrafi.com%2Fdicka-shume-e-cuditshme-ka-ndodhur-ketu-babai-i-lamine-yamal-proteston-per-topin-e-arte%2F&amp;sessionId=29a82ba1c6cb06ecf10ada210df38d0d96fd322a&amp;theme=light&amp;widgetsVersion=2615f7e52b7e0%3A1702314776716&amp;width=550px\" frameborder=\"0\" scrolling=\"no\" allowfullscreen=\"allowfullscreen\" data-tweet-id=\"1970261784285315197\" data-mce-fragment=\"1\"><\/iframe><\/div>\n<\/div>\n<p>Dhe ai vazhdoi t\u00eb mbronte arsyet pse beson se sulmuesi i Barcelon\u00ebs duhet t\u00eb ishte larguar nga gala mbr\u00ebmja me Topin e Art\u00eb n\u00eb duar.<\/p>\n<p>\u201cMendoj se Lamine Yamal \u00ebsht\u00eb lojtari m\u00eb i mir\u00eb n\u00eb bot\u00eb tani, me nj\u00eb diferenc\u00eb t\u00eb madhe. Jo sepse \u00ebsht\u00eb djali im, por sepse \u00ebsht\u00eb lojtari m\u00eb i mir\u00eb n\u00eb bot\u00eb. Mendoj se nuk ka rival\u00eb\u201d.<\/p>\n<p>\u201cLamine \u00ebsht\u00eb Lamine Yamal, duhet t\u00eb themi se di\u00e7ka shum\u00eb e \u00e7uditshme ka ndodhur k\u00ebtu &#8220;, shtoi ai, p\u00ebrpara se t\u00eb b\u00ebnte t\u00eb nj\u00ebjtin premtim q\u00eb kishte b\u00ebr\u00eb edhe kur u largua nga ceremonia: &#8220;Vitin tjet\u00ebr Topi i Art\u00eb do t\u00eb jet\u00eb spanjoll&#8221;.<\/p>\n<div id=\"sPost_Default_Layout_0_0_22_0_0_7_1_0\" class=\"article-lead-media\">\n<div id=\"sPost_Default_Layout_0_0_22_0_0_7_1_0_1\" class=\"mb-2 article\">\n<div class=\"posts-custom posts-custom-section section-holder clearfix\" data-block=\"None\" data-format=\"posts-custom\" data-source=\"current_post\" data-source-type=\"current_post\" data-source-unique=\"true\" data-section-id=\"\" data-is-reordable=\"false\" data-using-stickers=\"false\" data-has-more=\"false\" data-attr-format=\"posts-custom\" data-attr-posts_id=\"sPost_Default_Layout_0_0_22_0_0_7_1_0_1\" data-attr-layout_quality=\"1\" data-attr-node_id=\"\/root\/blocks\/block[post_default_layout]\/abtests\/abtest[1]\/element_wrapper\/element_wrapper[1]\/element_wrapper\/current_post-\" data-attr-layout_all_headline_tag=\"h1\" data-attr-layout_all_subheadline_tag=\"h2\" data-attr-all_element_order=\"headline\" data-attr-show_around_the_web=\"true\" data-attr-disable_a_tag=\"true\" data-attr-show_full_post_body=\"true\" data-attr-data-rm-advanced=\"true\" data-attr-use_smart_keep_reading=\"true\" data-attr-element_classes=\"article\" data-attr-all_share_buttons=\"Facebook,Twitter,Linkedin,Separator,Email,Tumblr,GooglePlus,Pinterest,Whatsapp,Reddit,CopyLink,Flipboard,SMS,Slack\" data-attr-layout_linkedin=\"inactive\" data-attr-layout_separator=\"inactive\" data-attr-layout_tumblr=\"inactive\" data-attr-layout_googleplus=\"inactive\" data-attr-layout_pinterest=\"inactive\" data-attr-layout_whatsapp=\"inactive\" data-attr-layout_reddit=\"inactive\" data-attr-layout_copylink=\"active\" data-attr-layout_flipboard=\"inactive\" data-attr-layout_sms=\"inactive\" data-attr-layout_slack=\"inactive\" data-attr-use_tag_image_for_lead_media=\"true\" data-attr-layout_all_image_crop=\"16x9\" data-attr-layout_all_date_format=\"%d\/%m\/%Y\" data-attr-data-rm-ecomerce=\"true\" data-attr-layout_headline=\"top\" data-attr-layout_all_show_video=\"true\" data-attr-filters=\"\" data-attr-section_url=\"\" data-attr-source=\"\" data-attr-is_current_post=\"true\">\n<div class=\"posts-wrapper clearfix\">\n<div class=\"widget post-partial tag-ousmane-dembele tag-lamine-yamal tag-topi-i-arte tag-mounir-nasraoui post-section--sport\/futboll\/futboll-nderkombetare\" data-category=\"Nd\u00ebrkomb\u00ebtare\">\n<article class=\"clearfix image-article sm-mb-1 quality-HD post-2674022644\" data-frozen-sections=\"[]\" data-category=\"Nd\u00ebrkomb\u00ebtare\">\n<div class=\"row px10\">\n<div class=\"rm-col-center col sm-mb-1\">\n<div class=\"widget__head\"><\/div>\n<\/div>\n<\/div>\n<\/article>\n<\/div>\n<\/div>\n<\/div>\n<\/div>\n<div class=\"article-credit-caption\"><\/div>\n<\/div>\n<div id=\"sPost_Default_Layout_0_0_22_0_0_7_1_1\" class=\"post-row-wrapper container_with_sidebar no-divider post-body-wrap row-wrapper clearfix \">\n<div class=\"row px20\">\n<div id=\"sPost_Default_Layout_0_0_22_0_0_7_1_1_0\" class=\"main-column col sm-mb-2 md-mb-4 s12 m12 l8\">\n<div id=\"sPost_Default_Layout_0_0_22_0_0_7_1_1_0_0\" class=\"post-with-sticky-share\">\n<div id=\"sPost_Default_Layout_0_0_22_0_0_7_1_1_0_0_0\" class=\"article-body\">\n<div id=\"sPost_Default_Layout_0_0_22_0_0_7_1_1_0_0_0_0\" class=\"mb-2 article\">\n<div class=\"posts-custom posts-custom-section section-holder clearfix\" data-block=\"None\" data-format=\"posts-custom\" data-source=\"current_post\" data-source-type=\"current_post\" data-source-unique=\"true\" data-section-id=\"\" data-is-reordable=\"false\" data-using-stickers=\"false\" data-has-more=\"false\" data-attr-format=\"posts-custom\" data-attr-posts_id=\"sPost_Default_Layout_0_0_22_0_0_7_1_1_0_0_0_0\" data-attr-layout_quality=\"5\" data-attr-header_template=\"jinja\/post\/custom-css.html\" data-attr-node_id=\"\/root\/blocks\/block[post_default_layout]\/abtests\/abtest[1]\/element_wrapper\/element_wrapper[1]\/row\/column[1]\/element_wrapper\/element_wrapper[1]\/current_post-\" data-attr-layout_all_headline_tag=\"h1\" data-attr-layout_all_subheadline_tag=\"h2\" data-attr-all_element_order=\"body,all_sections\" data-attr-layout_body=\"bottom\" data-attr-disable_a_tag=\"true\" data-attr-show_full_post_body=\"true\" data-attr-data-rm-advanced=\"true\" data-attr-use_smart_keep_reading=\"true\" data-attr-element_classes=\"article\" data-attr-all_share_buttons=\"Facebook,Twitter,Linkedin,Separator,Email,Tumblr,GooglePlus,Pinterest,Whatsapp,Reddit,CopyLink,Flipboard,SMS,Slack\" data-attr-layout_linkedin=\"inactive\" data-attr-layout_separator=\"inactive\" data-attr-layout_tumblr=\"inactive\" data-attr-layout_googleplus=\"inactive\" data-attr-layout_pinterest=\"inactive\" data-attr-layout_whatsapp=\"inactive\" data-attr-layout_reddit=\"inactive\" data-attr-layout_copylink=\"active\" data-attr-layout_flipboard=\"inactive\" data-attr-layout_sms=\"inactive\" data-attr-layout_slack=\"inactive\" data-attr-use_tag_image_for_lead_media=\"true\" data-attr-layout_all_image_crop=\"3x2\" data-attr-layout_all_date_format=\"%d\/%m\/%Y\" data-attr-layout_remove_image=\"true\" data-attr-layout_all_show_video=\"true\" data-attr-layout_all_sections=\"bottom\" data-attr-filters=\"\" data-attr-section_url=\"\" data-attr-source=\"\" data-attr-is_current_post=\"true\">\n<div class=\"posts-wrapper clearfix\">\n<div class=\"widget post-partial tag-ousmane-dembele tag-lamine-yamal tag-topi-i-arte tag-mounir-nasraoui post-section--sport\/futboll\/futboll-nderkombetare\" data-category=\"Nd\u00ebrkomb\u00ebtare\">\n<article class=\"clearfix image-article sm-mb-1 quality-HD post-2674022644\" data-frozen-sections=\"[]\" data-category=\"Nd\u00ebrkomb\u00ebtare\">\n<div class=\"row px10\">\n<div class=\"rm-col-center col sm-mb-1\">\n<div class=\"widget__head\"><\/div>\n<div class=\"widget__body clearfix sm-mt-1\">\n<div id=\"utm_campaign\"><\/div>\n<div class=\"body js-expandable clearfix js-listicle-body css-listicle-body-2674022644\" data-headline=\"\u201cDi\u00e7ka shum\u00eb e \u00e7uditshme ka ndodhur k\u00ebtu\u201d, babai i Lamine Yamal proteston p\u00ebr Topin e Art\u00eb\">\n<div class=\"body-description\" data-rm-calc-width=\"500\"><\/div>\n<\/div>\n<\/div>\n<\/div>\n<\/div>\n<\/article>\n<\/div>\n<\/div>\n<\/div>\n<\/div>\n<\/div>\n<\/div>\n<\/div>\n<\/div>\n<\/div>\n","protected":false},"excerpt":{"rendered":"<p>Babai i Lamine Yamal, Mounir Nasroui, nuk ishte aspak i k\u00ebnaqur me humbjen e t\u00eb birit t\u00eb tij n\u00eb gar\u00ebn p\u00ebr Topin e Art\u00eb 2025. Pasi m\u00ebsoi se Ousmane Dembele ishte fituesi, Nasroui u ndal shpejt n\u00eb zon\u00ebn e gazetar\u00ebve spanjoll\u00eb p\u00ebr t\u00eb l\u00ebn\u00eb nj\u00eb deklarat\u00eb: &#8220;Viti tjet\u00ebr \u00ebsht\u00eb i yni&#8221;. Por m\u00eb von\u00eb, nd\u00ebrsa &hellip;<\/p>\n","protected":false},"author":4,"featured_media":123904,"comment_status":"closed","ping_status":"closed","sticky":false,"template":"","format":"standard","meta":{"footnotes":""},"categories":[39],"tags":[],"class_list":["post-123903","post","type-post","status-publish","format-standard","has-post-thumbnail","","category-sport"],"_links":{"self":[{"href":"https:\/\/rdnews.al\/index.php\/wp-json\/wp\/v2\/posts\/123903","targetHints":{"allow":["GET"]}}],"collection":[{"href":"https:\/\/rdnews.al\/index.php\/wp-json\/wp\/v2\/posts"}],"about":[{"href":"https:\/\/rdnews.al\/index.php\/wp-json\/wp\/v2\/types\/post"}],"author":[{"embeddable":true,"href":"https:\/\/rdnews.al\/index.php\/wp-json\/wp\/v2\/users\/4"}],"replies":[{"embeddable":true,"href":"https:\/\/rdnews.al\/index.php\/wp-json\/wp\/v2\/comments?post=123903"}],"version-history":[{"count":3,"href":"https:\/\/rdnews.al\/index.php\/wp-json\/wp\/v2\/posts\/123903\/revisions"}],"predecessor-version":[{"id":123909,"href":"https:\/\/rdnews.al\/index.php\/wp-json\/wp\/v2\/posts\/123903\/revisions\/123909"}],"wp:featuredmedia":[{"embeddable":true,"href":"https:\/\/rdnews.al\/index.php\/wp-json\/wp\/v2\/media\/123904"}],"wp:attachment":[{"href":"https:\/\/rdnews.al\/index.php\/wp-json\/wp\/v2\/media?parent=123903"}],"wp:term":[{"taxonomy":"category","embeddable":true,"href":"https:\/\/rdnews.al\/index.php\/wp-json\/wp\/v2\/categories?post=123903"},{"taxonomy":"post_tag","embeddable":true,"href":"https:\/\/rdnews.al\/index.php\/wp-json\/wp\/v2\/tags?post=123903"}],"curies":[{"name":"wp","href":"https:\/\/api.w.org\/{rel}","templated":true}]}}