{"id":123912,"date":"2025-09-23T09:14:06","date_gmt":"2025-09-23T09:14:06","guid":{"rendered":"https:\/\/rdnews.al\/?p=123912"},"modified":"2025-09-23T09:14:06","modified_gmt":"2025-09-23T09:14:06","slug":"kellici-bolino-i-favorizuar-nga-rama-grabiti-truallin-e-shkolles-nuk-terhiqem","status":"publish","type":"post","link":"https:\/\/rdnews.al\/index.php\/2025\/09\/23\/kellici-bolino-i-favorizuar-nga-rama-grabiti-truallin-e-shkolles-nuk-terhiqem\/","title":{"rendered":"K\u00eblli\u00e7i: Bolino i favorizuar nga Rama grabiti truallin e shkoll\u00ebs, nuk t\u00ebrhiqem!"},"content":{"rendered":"<p>Deputeti i PD, Belind K\u00eblli\u00e7i \u00ebsht\u00eb shprehur se nuk do t\u00eb t\u00ebrhiqet nga gjyqi p\u00ebr shpifje ndaj gazetarit Carlo Bolino, t\u00eb cilin e ka denoncuar publikisht p\u00ebr grabitjen e pron\u00ebs publike p\u00ebr q\u00ebllime personale dhe kund\u00ebr opozit\u00ebs.<\/p>\n<p>N\u00eb nj\u00eb deklarat\u00eb p\u00ebr mediat nga Dhoma Penale e Gjykat\u00ebs s\u00eb Tiran\u00ebs, pas shtyrjes s\u00eb seanc\u00ebs p\u00ebr shkak t\u00eb nd\u00ebrrimit t\u00eb prokurorit t\u00eb \u00e7\u00ebshtjes, K\u00eblli\u00e7i tha se, u q\u00ebndron deklarimeve t\u00eb tij, dhe k\u00ebt\u00eb e argumenton me faktin se kemi t\u00eb b\u00ebjm\u00eb me nj\u00eb afer\u00eb korrupsioni t\u00eb grabitjes s\u00eb trullit n\u00eb mes t\u00eb kryeqytetit, e cila ishte planifikuar p\u00ebr nd\u00ebrtimin e nj\u00eb shkolle por q\u00eb iu dha nj\u00eb hajduti si Carlo Bolino nga qeveria dhe Ministria e Financave q\u00eb dikur drejtohej nga Anila Denaj.<\/p>\n<p>\u201cQ\u00ebndrimeve tona s\u2019u l\u00ebvizim, kemi t\u00eb b\u00ebjm\u00eb me nj\u00eb rast afere t\u00eb grabitjes s\u00eb truallit n\u00eb mes t\u00eb Tiran\u00ebs, duke l\u00ebn\u00eb Nj\u00ebsin\u00eb 7 pa shkoll\u00eb e 70 mij\u00eb banor\u00ebt pa \u00e7uar f\u00ebmij\u00ebt n\u00eb shkolla. Carlo Bolino i favorizuar nga Rama dhe Ministria e Financave, q\u00eb asokohe drejtohej nga Anila Denaj, ka grabitur nj\u00eb truall publik p\u00ebr t\u00eb ngritur\u00a0 nj\u00eb televizion privat, q\u00eb lin\u00e7on opozit\u00ebn e k\u00ebdo q\u00eb denoncon aferat e korrupsionit n\u00eb Shqip\u00ebri. M\u00eb 11 korrik kemi depozituar nj\u00eb k\u00ebrkes\u00eb n\u00eb SPAK, ku kemi k\u00ebrkuar informacion p\u00ebr dy kall\u00ebzimet e depozituara nga 2 deputet\u00eb t\u00eb PD, p\u00ebr truallin dhe fondet e AKSHI-t, p\u00ebr \u00a0vjedhjet me fondet private. SPAK po kryen veprimet hetimore dhe ka bashkuar dy kall\u00ebzimet n\u00eb nj\u00eb, deri sa t\u00eb marrin p\u00ebrgjigje ne do t\u00eb vijom\u00eb t\u00eb paraqitemi n\u00eb Gjykat\u00ebn Penale\u2019,\u00a0u shpreh K\u00eblli\u00e7i.<\/p>\n<p>Nga ana e saj, Kryetarja e Komisionit t\u00eb Apelimit n\u00eb PD, nj\u00ebkoh\u00ebsisht p\u00ebrfaq\u00ebsuese ligjore e K\u00eblli\u00e7it n\u00eb gjyqin kund\u00ebr tij p\u00ebr shpifje, Adriana Kalaja tha se deklaratat e dy zyrtar\u00ebve t\u00eb PD, Belind K\u00eblli\u00e7i dhe Jamarb\u00ebr Malltezi, q\u00ebndrojn\u00eb, pasi ka prova t\u00eb pakontestueshme q\u00eb i dokumentojn\u00eb akuzat.<\/p>\n<p>\u201cEdhe pse kemi deklaruar se th\u00ebniet e K\u00eblli\u00e7it e Malltezit s\u2019p\u00ebrb\u00ebjn\u00eb shpifje, sa koh\u00eb ka prova t\u00eb pakontestueshme p\u00ebr afer\u00ebn n\u00eb mes t\u00eb Tiran\u00ebs, q\u00eb Carlo Bolino vet\u00ebm titullin gazetar ka, ku ka nd\u00ebrtuar godin\u00ebn q\u00eb i sh\u00ebrben pushtetit duke goditur opozit\u00ebn q\u00eb denoncon korrupsionin. Kemi p\u00ebrcjell\u00eb t\u00eb dh\u00ebna n\u00eb gjykat\u00eb, p\u00ebr 2 kall\u00ebzimet penale q\u00eb kan\u00eb b\u00ebr\u00eb kund\u00ebr shtetasit Carlo Bolino. Nga informacionet e SPAK, kall\u00ebzimet jan\u00eb bashkuar n\u00eb nj\u00eb dosje t\u00eb vetme. Vet\u00eb Gjykata e Tiran\u00ebs i ka d\u00ebrguar shkres\u00eb SPAK p\u00ebr t\u2019i v\u00ebn\u00eb n\u00eb dispozicion dosjen me kall\u00ebzimet e deputet\u00ebve t\u00eb PD. Jo vet\u00ebm q\u00eb \u00ebsht\u00eb fars\u00eb e Bolinos p\u00ebr t\u00eb abuzuar me pron\u00ebn publike dhe tregon se p\u00ebr t\u00eb mbyllur goj\u00ebn e K\u00eblli\u00e7it e t\u00eb tjer\u00ebve, b\u00ebn k\u00ebto manovra ligjore se jemi p\u00ebrball\u00eb vepr\u00ebs penale, shpifja\u2019\u201d, tha Kalaja.<\/p>\n","protected":false},"excerpt":{"rendered":"<p>Deputeti i PD, Belind K\u00eblli\u00e7i \u00ebsht\u00eb shprehur se nuk do t\u00eb t\u00ebrhiqet nga gjyqi p\u00ebr shpifje ndaj gazetarit Carlo Bolino, t\u00eb cilin e ka denoncuar publikisht p\u00ebr grabitjen e pron\u00ebs publike p\u00ebr q\u00ebllime personale dhe kund\u00ebr opozit\u00ebs. N\u00eb nj\u00eb deklarat\u00eb p\u00ebr mediat nga Dhoma Penale e Gjykat\u00ebs s\u00eb Tiran\u00ebs, pas shtyrjes s\u00eb seanc\u00ebs p\u00ebr shkak &hellip;<\/p>\n","protected":false},"author":4,"featured_media":105797,"comment_status":"closed","ping_status":"closed","sticky":false,"template":"","format":"standard","meta":{"footnotes":""},"categories":[37],"tags":[],"class_list":["post-123912","post","type-post","status-publish","format-standard","has-post-thumbnail","","category-politike"],"_links":{"self":[{"href":"https:\/\/rdnews.al\/index.php\/wp-json\/wp\/v2\/posts\/123912","targetHints":{"allow":["GET"]}}],"collection":[{"href":"https:\/\/rdnews.al\/index.php\/wp-json\/wp\/v2\/posts"}],"about":[{"href":"https:\/\/rdnews.al\/index.php\/wp-json\/wp\/v2\/types\/post"}],"author":[{"embeddable":true,"href":"https:\/\/rdnews.al\/index.php\/wp-json\/wp\/v2\/users\/4"}],"replies":[{"embeddable":true,"href":"https:\/\/rdnews.al\/index.php\/wp-json\/wp\/v2\/comments?post=123912"}],"version-history":[{"count":1,"href":"https:\/\/rdnews.al\/index.php\/wp-json\/wp\/v2\/posts\/123912\/revisions"}],"predecessor-version":[{"id":123913,"href":"https:\/\/rdnews.al\/index.php\/wp-json\/wp\/v2\/posts\/123912\/revisions\/123913"}],"wp:featuredmedia":[{"embeddable":true,"href":"https:\/\/rdnews.al\/index.php\/wp-json\/wp\/v2\/media\/105797"}],"wp:attachment":[{"href":"https:\/\/rdnews.al\/index.php\/wp-json\/wp\/v2\/media?parent=123912"}],"wp:term":[{"taxonomy":"category","embeddable":true,"href":"https:\/\/rdnews.al\/index.php\/wp-json\/wp\/v2\/categories?post=123912"},{"taxonomy":"post_tag","embeddable":true,"href":"https:\/\/rdnews.al\/index.php\/wp-json\/wp\/v2\/tags?post=123912"}],"curies":[{"name":"wp","href":"https:\/\/api.w.org\/{rel}","templated":true}]}}