{"id":123914,"date":"2025-09-23T09:40:50","date_gmt":"2025-09-23T09:40:50","guid":{"rendered":"https:\/\/rdnews.al\/?p=123914"},"modified":"2025-09-23T09:40:50","modified_gmt":"2025-09-23T09:40:50","slug":"malltezi-tani-mbetet-qe-te-dale-veliaj-te-deklaroje-partia-ime-me-denon-dhe","status":"publish","type":"post","link":"https:\/\/rdnews.al\/index.php\/2025\/09\/23\/malltezi-tani-mbetet-qe-te-dale-veliaj-te-deklaroje-partia-ime-me-denon-dhe\/","title":{"rendered":"Malltezi: Tani mbetet q\u00eb t\u00eb dal\u00eb Veliaj t\u00eb deklaroj\u00eb, \u201cPartia ime m\u00eb d\u00ebnon\u201d dhe&#8230;"},"content":{"rendered":"<p>Drejtuesi i Departamentit t\u00eb Mjedisit n\u00eb PD, Jamarb\u00ebr Malltezi ka reaguar pas vendimit t\u00eb komisionit t\u00eb ligjeve q\u00eb t\u00eb kaloj\u00eb n\u00eb rendin e dit\u00ebs k\u00ebrkes\u00ebn e k\u00ebshilltar\u00ebve socialist\u00eb p\u00ebr shkarkimin e Erion Veliajt.<\/p>\n<p>\u201cTani mbet\u00ebt vet\u00ebm q\u00eb t\u00eb dal\u00eb Erion Veliaj t\u00eb deklaroj\u00eb, \u201cPartia ime m\u00eb d\u00ebnon\u201d dhe kthehemi 45 vjet prapa\u201d, shkruan Malltezi n\u00eb postimin e tij n\u00eb Facebook.<\/p>\n<p><iframe loading=\"lazy\" src=\"https:\/\/www.facebook.com\/plugins\/post.php?href=https%3A%2F%2Fwww.facebook.com%2Fabi.malltezi%2Fposts%2Fpfbid02MZSmWUHozuLNVRx15NEWi3HJqHg8kntre1Wcwt1zK2HdbLGRY6Zt9PRpUrk4t7tml&amp;show_text=true&amp;width=500\" width=\"500\" height=\"610\" frameborder=\"0\" scrolling=\"no\" allowfullscreen=\"allowfullscreen\" data-mce-fragment=\"1\"><\/iframe><\/p>\n","protected":false},"excerpt":{"rendered":"<p>Drejtuesi i Departamentit t\u00eb Mjedisit n\u00eb PD, Jamarb\u00ebr Malltezi ka reaguar pas vendimit t\u00eb komisionit t\u00eb ligjeve q\u00eb t\u00eb kaloj\u00eb n\u00eb rendin e dit\u00ebs k\u00ebrkes\u00ebn e k\u00ebshilltar\u00ebve socialist\u00eb p\u00ebr shkarkimin e Erion Veliajt. \u201cTani mbet\u00ebt vet\u00ebm q\u00eb t\u00eb dal\u00eb Erion Veliaj t\u00eb deklaroj\u00eb, \u201cPartia ime m\u00eb d\u00ebnon\u201d dhe kthehemi 45 vjet prapa\u201d, shkruan Malltezi n\u00eb &hellip;<\/p>\n","protected":false},"author":4,"featured_media":118590,"comment_status":"closed","ping_status":"closed","sticky":false,"template":"","format":"standard","meta":{"footnotes":""},"categories":[37],"tags":[],"class_list":["post-123914","post","type-post","status-publish","format-standard","has-post-thumbnail","","category-politike"],"_links":{"self":[{"href":"https:\/\/rdnews.al\/index.php\/wp-json\/wp\/v2\/posts\/123914","targetHints":{"allow":["GET"]}}],"collection":[{"href":"https:\/\/rdnews.al\/index.php\/wp-json\/wp\/v2\/posts"}],"about":[{"href":"https:\/\/rdnews.al\/index.php\/wp-json\/wp\/v2\/types\/post"}],"author":[{"embeddable":true,"href":"https:\/\/rdnews.al\/index.php\/wp-json\/wp\/v2\/users\/4"}],"replies":[{"embeddable":true,"href":"https:\/\/rdnews.al\/index.php\/wp-json\/wp\/v2\/comments?post=123914"}],"version-history":[{"count":1,"href":"https:\/\/rdnews.al\/index.php\/wp-json\/wp\/v2\/posts\/123914\/revisions"}],"predecessor-version":[{"id":123915,"href":"https:\/\/rdnews.al\/index.php\/wp-json\/wp\/v2\/posts\/123914\/revisions\/123915"}],"wp:featuredmedia":[{"embeddable":true,"href":"https:\/\/rdnews.al\/index.php\/wp-json\/wp\/v2\/media\/118590"}],"wp:attachment":[{"href":"https:\/\/rdnews.al\/index.php\/wp-json\/wp\/v2\/media?parent=123914"}],"wp:term":[{"taxonomy":"category","embeddable":true,"href":"https:\/\/rdnews.al\/index.php\/wp-json\/wp\/v2\/categories?post=123914"},{"taxonomy":"post_tag","embeddable":true,"href":"https:\/\/rdnews.al\/index.php\/wp-json\/wp\/v2\/tags?post=123914"}],"curies":[{"name":"wp","href":"https:\/\/api.w.org\/{rel}","templated":true}]}}