{"id":123933,"date":"2025-09-23T11:05:06","date_gmt":"2025-09-23T11:05:06","guid":{"rendered":"https:\/\/rdnews.al\/?p=123933"},"modified":"2025-09-23T11:27:54","modified_gmt":"2025-09-23T11:27:54","slug":"zbardhet-deshmia-e-infermierit-te-plagosur-me-thike-ne-spital-arratiset-radiologu","status":"publish","type":"post","link":"https:\/\/rdnews.al\/index.php\/2025\/09\/23\/zbardhet-deshmia-e-infermierit-te-plagosur-me-thike-ne-spital-arratiset-radiologu\/","title":{"rendered":"Zbardhet d\u00ebshmia e infermierit t\u00eb plagosur me thik\u00eb n\u00eb spital, arratiset radiologu"},"content":{"rendered":"<p>Mikel Osmani \u00ebsht\u00eb infermieri q\u00eb u plagos me thik\u00eb nga kolegu Dashamir \u00c7ajka sot n\u00eb spitalin \u201cShefqet Ndroqi\u201d.<\/p>\n<p>32-vje\u00e7ari Dashamir \u00c7ajka, me detyr\u00eb laborant radiolog, \u00ebsht\u00eb shpallur n\u00eb k\u00ebrkim nga policia pasi u arratis menj\u00ebher\u00eb pas ngjarjes.<\/p>\n<p><em>\u201cNe kemi b\u00ebr\u00eb nj\u00eb debat verbal p\u00ebr motive banale\u201d<\/em>, m\u00ebsohet t\u00eb jet\u00eb shprehur infermieri i cili mbeti i plagosur.<\/p>\n<p>Sakaq, Policia dyshon se dy koleg\u00ebt jan\u00eb z\u00ebn\u00eb p\u00ebr nj\u00eb pacient.<\/p>\n","protected":false},"excerpt":{"rendered":"<p>Mikel Osmani \u00ebsht\u00eb infermieri q\u00eb u plagos me thik\u00eb nga kolegu Dashamir \u00c7ajka sot n\u00eb spitalin \u201cShefqet Ndroqi\u201d. 32-vje\u00e7ari Dashamir \u00c7ajka, me detyr\u00eb laborant radiolog, \u00ebsht\u00eb shpallur n\u00eb k\u00ebrkim nga policia pasi u arratis menj\u00ebher\u00eb pas ngjarjes. \u201cNe kemi b\u00ebr\u00eb nj\u00eb debat verbal p\u00ebr motive banale\u201d, m\u00ebsohet t\u00eb jet\u00eb shprehur infermieri i cili mbeti i &hellip;<\/p>\n","protected":false},"author":4,"featured_media":123934,"comment_status":"closed","ping_status":"closed","sticky":false,"template":"","format":"standard","meta":{"footnotes":""},"categories":[37],"tags":[],"class_list":["post-123933","post","type-post","status-publish","format-standard","has-post-thumbnail","","category-politike"],"_links":{"self":[{"href":"https:\/\/rdnews.al\/index.php\/wp-json\/wp\/v2\/posts\/123933","targetHints":{"allow":["GET"]}}],"collection":[{"href":"https:\/\/rdnews.al\/index.php\/wp-json\/wp\/v2\/posts"}],"about":[{"href":"https:\/\/rdnews.al\/index.php\/wp-json\/wp\/v2\/types\/post"}],"author":[{"embeddable":true,"href":"https:\/\/rdnews.al\/index.php\/wp-json\/wp\/v2\/users\/4"}],"replies":[{"embeddable":true,"href":"https:\/\/rdnews.al\/index.php\/wp-json\/wp\/v2\/comments?post=123933"}],"version-history":[{"count":2,"href":"https:\/\/rdnews.al\/index.php\/wp-json\/wp\/v2\/posts\/123933\/revisions"}],"predecessor-version":[{"id":123943,"href":"https:\/\/rdnews.al\/index.php\/wp-json\/wp\/v2\/posts\/123933\/revisions\/123943"}],"wp:featuredmedia":[{"embeddable":true,"href":"https:\/\/rdnews.al\/index.php\/wp-json\/wp\/v2\/media\/123934"}],"wp:attachment":[{"href":"https:\/\/rdnews.al\/index.php\/wp-json\/wp\/v2\/media?parent=123933"}],"wp:term":[{"taxonomy":"category","embeddable":true,"href":"https:\/\/rdnews.al\/index.php\/wp-json\/wp\/v2\/categories?post=123933"},{"taxonomy":"post_tag","embeddable":true,"href":"https:\/\/rdnews.al\/index.php\/wp-json\/wp\/v2\/tags?post=123933"}],"curies":[{"name":"wp","href":"https:\/\/api.w.org\/{rel}","templated":true}]}}