{"id":123947,"date":"2025-09-23T11:45:34","date_gmt":"2025-09-23T11:45:34","guid":{"rendered":"https:\/\/rdnews.al\/?p=123947"},"modified":"2025-09-23T11:45:34","modified_gmt":"2025-09-23T11:45:34","slug":"pse-rama-anulloi-viziten-ne-okb-ne-momentet-e-fundit-del-pista-e-narkoterrorizmit","status":"publish","type":"post","link":"https:\/\/rdnews.al\/index.php\/2025\/09\/23\/pse-rama-anulloi-viziten-ne-okb-ne-momentet-e-fundit-del-pista-e-narkoterrorizmit\/","title":{"rendered":"Pse Rama anulloi vizit\u00ebn n\u00eb OKB n\u00eb momentet e fundit\/ Del pista e narkoterrorizmit"},"content":{"rendered":"<p>N\u00eb mbledhjen e Grupit Parlamentar t\u00eb\u00a0PD-s\u00eb,\u00a0Sali Berisha\u00a0p\u00ebrs\u00ebriti akuzat ndaj kryeministrit\u00a0Edi Rama\u00a0p\u00ebr lidhje me drog\u00ebn, teksa deklaroi se beteja e opozit\u00ebs kund\u00ebr asaj q\u00eb e quan si \u201cnarkoshtet\u201d do hyj\u00eb n\u00eb nj\u00eb faz\u00eb t\u00eb re.<\/p>\n<p>\u201cBeteja jon\u00eb kund\u00ebr narkoshtetit hyn n\u00eb nj\u00eb faz\u00eb t\u00eb re. Se p\u00ebr fat t\u00eb mir\u00eb t\u00eb shqiptar\u00ebve dhe bot\u00ebs, n\u00eb betej\u00ebn kund\u00ebr karteleve \u00ebsht\u00eb hapur nj\u00eb kapitull i ri. Kartelet e drog\u00ebs jan\u00eb shpallur organizata terroriste ndaj dhe tani flitet p\u00ebr narkoterrorist\u00eb, narkoterrorist\u00ebt dhe se cila \u00ebsht\u00eb forca e narkoterrorist\u00ebve t\u00eb drejtuar nga Edi Rama at\u00eb e di m\u00eb mir\u00eb se kushdo tjet\u00ebr tregjet e kokain\u00ebs n\u00eb Europ\u00eb, \u00e7mimin e t\u00eb cil\u00ebs e p\u00ebrcaktojn\u00eb narkokartelet terroriste shqiptare.\u201d, tha Berisha.<\/p>\n<p>P\u00ebrs\u00ebriti s\u00ebrish pretendimet e tij se kryeministri Rama nuk mund t\u00eb shkoj\u00eb n\u00eb SHBA. Sipas tij, ai kishte organizuar dreka dhe darka me udh\u00ebheq\u00ebs rajonal\u00eb n\u00eb New\u00a0York, por iu anuluan p\u00ebr arsye q\u00eb ai i lidh me akuzat q\u00eb hedh ndaj kryeministrit.\u00a0Berisha shkoi edhe m\u00eb tej duke th\u00ebn\u00eb se Rama sillet n\u00eb parlament si Franc \u00c7opja, Elvis Do\u00e7i apo t\u00eb tjer\u00eb eksponent\u00eb t\u00eb krimit, duke iu referuar\u00a0seanc\u00ebs plenare\u00a0ku u vot\u00ebbesua brenda 25 minutave qeveria e re, p\u00ebr shkak t\u00eb kaosit q\u00eb shkaktoi vet\u00eb opozita.<\/p>\n<p>\u201cNuk shkoi dot n\u00eb New York. Kishte fiksuar dreka dhe darka q\u00eb ta din\u00eb shqiptar\u00ebt me udh\u00ebheq\u00ebs rajonal\u00eb, me kryeministra dhe president\u00eb rajonal\u00eb. U anuluan. A jan\u00eb narkolidhjet apo shkaqe t\u00eb tjera un\u00eb nuk mund t\u00eb them, por k\u00ebto t\u00eb gjitha u anuluan. Por q\u00ebndresa jon\u00eb ndaj k\u00ebtij faktori shkat\u00ebrrimtar, mbi qenien shqiptare, mbi ekonomin\u00eb shqiptare, mbi ligjin shqiptar, mbi t\u00eb drejtat e shqiptar\u00ebve \u00ebsht\u00eb gjithnj\u00eb e m\u00eb i vendosur.\u201d, tha ai duke shtuar:<\/p>\n<p>\u201cTani ju keni par\u00eb se si, po gjuhen n\u00eb oqeanin Paq\u00ebsor, flota detare amerikane \u00e7do dit\u00eb, \u00e7do 2-3 dit\u00eb e fundos nga nj\u00eb anije t\u00eb tyre. Por e r\u00ebnd\u00ebsishme shum\u00eb \u00ebsht\u00eb t\u00eb fundosen timonier\u00ebt, kapiten\u00ebt e tyre dhe k\u00ebtu n\u00eb Europ\u00eb \u00ebsht\u00eb Edi Rama. \u00a0N\u00eb Europ\u00eb \u00ebsht\u00eb Edi Rama. Le t\u00eb thot\u00eb kush \u00e7do lavd\u00ebrim, \u00e7do gj\u00eb. Un\u00eb e garantoj se po mbron nj\u00eb kryetar t\u00eb nj\u00eb organizate kriminale. Ndaj dhe ai n\u00eb parlament sillet sikur t\u00eb ishte Franc \u00c7opja, sikur t\u00eb ishte \u00c7ela, Elvis Do\u00e7i apo me radh\u00eb. Asnj\u00eb dallim nuk kan\u00eb q\u00ebndrimet e tyre ndaj rregullave dhe demokracis\u00eb.\u201d, u shpreh Berisha.<br \/>\nSipas Berish\u00ebs, Shqip\u00ebria dhe shqiptar\u00ebt k\u00ebrc\u00ebnohen nga \u201cnarkoterrorizmi\u201d.<\/p>\n<p>\u201cJu lutem, informoni sakt\u00eb shqiptar\u00ebt p\u00ebr narkoterrorizmin. \u00a0Un\u00eb e kuptoj, tani do merreni me udh\u00ebtimin e tij n\u00eb Nju Jork, pun\u00eb e madhe, shkoi e nuk shkoi ai, nuk na duhet asgj\u00eb. \u00a0K\u00ebrc\u00ebnimi i madh serioz p\u00ebr Shqip\u00ebrin\u00eb dhe shqiptar\u00ebt \u00ebsht\u00eb narkoterrorizmi.\u201d, tha kryedemokrati.<\/p>\n","protected":false},"excerpt":{"rendered":"<p>N\u00eb mbledhjen e Grupit Parlamentar t\u00eb\u00a0PD-s\u00eb,\u00a0Sali Berisha\u00a0p\u00ebrs\u00ebriti akuzat ndaj kryeministrit\u00a0Edi Rama\u00a0p\u00ebr lidhje me drog\u00ebn, teksa deklaroi se beteja e opozit\u00ebs kund\u00ebr asaj q\u00eb e quan si \u201cnarkoshtet\u201d do hyj\u00eb n\u00eb nj\u00eb faz\u00eb t\u00eb re. \u201cBeteja jon\u00eb kund\u00ebr narkoshtetit hyn n\u00eb nj\u00eb faz\u00eb t\u00eb re. Se p\u00ebr fat t\u00eb mir\u00eb t\u00eb shqiptar\u00ebve dhe bot\u00ebs, n\u00eb betej\u00ebn &hellip;<\/p>\n","protected":false},"author":3,"featured_media":123948,"comment_status":"closed","ping_status":"closed","sticky":false,"template":"","format":"standard","meta":{"footnotes":""},"categories":[37],"tags":[],"class_list":["post-123947","post","type-post","status-publish","format-standard","has-post-thumbnail","","category-politike"],"_links":{"self":[{"href":"https:\/\/rdnews.al\/index.php\/wp-json\/wp\/v2\/posts\/123947","targetHints":{"allow":["GET"]}}],"collection":[{"href":"https:\/\/rdnews.al\/index.php\/wp-json\/wp\/v2\/posts"}],"about":[{"href":"https:\/\/rdnews.al\/index.php\/wp-json\/wp\/v2\/types\/post"}],"author":[{"embeddable":true,"href":"https:\/\/rdnews.al\/index.php\/wp-json\/wp\/v2\/users\/3"}],"replies":[{"embeddable":true,"href":"https:\/\/rdnews.al\/index.php\/wp-json\/wp\/v2\/comments?post=123947"}],"version-history":[{"count":1,"href":"https:\/\/rdnews.al\/index.php\/wp-json\/wp\/v2\/posts\/123947\/revisions"}],"predecessor-version":[{"id":123949,"href":"https:\/\/rdnews.al\/index.php\/wp-json\/wp\/v2\/posts\/123947\/revisions\/123949"}],"wp:featuredmedia":[{"embeddable":true,"href":"https:\/\/rdnews.al\/index.php\/wp-json\/wp\/v2\/media\/123948"}],"wp:attachment":[{"href":"https:\/\/rdnews.al\/index.php\/wp-json\/wp\/v2\/media?parent=123947"}],"wp:term":[{"taxonomy":"category","embeddable":true,"href":"https:\/\/rdnews.al\/index.php\/wp-json\/wp\/v2\/categories?post=123947"},{"taxonomy":"post_tag","embeddable":true,"href":"https:\/\/rdnews.al\/index.php\/wp-json\/wp\/v2\/tags?post=123947"}],"curies":[{"name":"wp","href":"https:\/\/api.w.org\/{rel}","templated":true}]}}