{"id":123953,"date":"2025-09-23T12:17:28","date_gmt":"2025-09-23T12:17:28","guid":{"rendered":"https:\/\/rdnews.al\/?p=123953"},"modified":"2025-09-23T12:20:42","modified_gmt":"2025-09-23T12:20:42","slug":"priten-zhvillime-porosia-e-vecante-e-berishes-per-deputetet","status":"publish","type":"post","link":"https:\/\/rdnews.al\/index.php\/2025\/09\/23\/priten-zhvillime-porosia-e-vecante-e-berishes-per-deputetet\/","title":{"rendered":"Priten zhvillime\/ Porosia e ve\u00e7ant\u00eb e Berish\u00ebs p\u00ebr deputet\u00ebt"},"content":{"rendered":"<p>Kryetari i PD, Berisha u ka dh\u00eb\u00eb sot nj\u00eb porosi t\u00eb ve\u00e7ant\u00eb deputet\u00ebve n\u00eb mbledhjen e grupit parlamentar. M\u00eb shum\u00eb se nj\u00eb porosi dukej si nj\u00eb detyr\u00eb urgjente p\u00ebr opozit\u00ebn.<\/p>\n<p>\u201cBeteja jon\u00eb \u00ebsht\u00eb gjer n\u00eb faktimin, argumentimin, dokumentimin, e k\u00ebsaj monstre narkoterrorister q\u00eb zhvillohet gjithnj\u00eb e m\u00eb shum\u00eb n\u00eb Europ\u00eb dhe q\u00eb kryesohet nga Edi Rama.\u201d<\/p>\n<p>Berisha ka deklaruar se se rrethanat kan\u00eb ndryshuar dhe se tani \u201ckartelet e drog\u00ebs jan\u00eb shpallur organizata terroriste ndaj dhe tani flitet p\u00ebr narkoterrorist\u00eb, narkoterrorist\u00ebt dhe se cila \u00ebsht\u00eb forca e narkoterrorist\u00ebve t\u00eb drejtuar nga Edi Rama at\u00eb e di m\u00eb mir\u00eb se kushdo tjet\u00ebr tregjet e kokain\u00ebs n\u00eb Europ\u00eb, \u00e7mimin e t\u00eb cil\u00ebs e p\u00ebrcaktojn\u00eb narkokartelet terroriste shqiptare.<\/p>\n<p><strong>Fjala e Berish\u00ebs<\/strong><\/p>\n<p>S\u00eb pari dua t\u00eb d\u00ebnoj edhe nj\u00ebher\u00eb me forc\u00ebn m\u00eb t\u00eb madhe, aktin terrorist ndaj deputetit t\u00eb PD dhe heshtjen mortore t\u00eb autoriteteve \u00e7ka d\u00ebshmojn\u00eb se q\u00ebndrojn\u00eb prapa tij. Aktin terrorist ndaj Xhelal Mziut.<\/p>\n<p>Duke i shprehur solidaritetin dhe mb\u00ebshtetjen e plot\u00eb deputetit Mziu, garantoj terrorist\u00ebt se asgj\u00eb nuk do t\u00eb mund t\u00eb mposht\u00eb q\u00ebndrimin e deputet\u00ebve t\u00eb opozit\u00ebs n\u00eb betej\u00ebn e tyre kund\u00ebr narkoshtetit, kund\u00ebr kreut t\u00eb narkoshtetit t\u00eb par\u00eb dhe t\u00eb vet\u00ebm n\u00eb Europ\u00eb.<\/p>\n<p>Beteja jon\u00eb kund\u00ebr narkoshtetit hyn n\u00eb nj\u00eb faz\u00eb t\u00eb re.<\/p>\n<p>Se p\u00ebr fat t\u00eb mir\u00eb t\u00eb shqiptar\u00ebve dhe bot\u00ebs, n\u00eb betej\u00ebn kund\u00ebr karteleve \u00ebsht\u00eb hapur nj\u00eb kapitull i ri. Kartelet e drog\u00ebs jan\u00eb shpallur organizata terroriste ndaj dhe tani flitet p\u00ebr narkoterrorist\u00eb, narkoterrorist\u00ebt dhe se cila \u00ebsht\u00eb forca e narkoterrorist\u00ebve t\u00eb drejtuar nga Edi Rama at\u00eb e di m\u00eb mir\u00eb se kushdo tjet\u00ebr tregjet e kokain\u00ebs n\u00eb Europ\u00eb, \u00e7mimin e t\u00eb cil\u00ebs e p\u00ebrcaktojn\u00eb narkokartelet terroriste shqiptare.<\/p>\n<p>Jan\u00eb narkoterrorist\u00ebt shqiptar\u00eb ata t\u00eb cil\u00ebt kontrollojn\u00eb dhe t\u00eb kontrollosh \u00e7mimin n\u00eb Europ\u00eb do t\u00eb thot\u00eb t\u00eb jesh aksioner kryesor, do t\u00eb thot\u00eb t\u00eb jesh furnizues kryesor.<\/p>\n<p>Pra n\u00eb k\u00ebt\u00eb betej\u00eb kund\u00ebr kreut t\u00eb organizat\u00ebs kriminale shqiptare q\u00eb e ka shnd\u00ebrruar Shqip\u00ebrin\u00eb n\u00eb parajs\u00ebn e narkoterrorist\u00ebve shqiptar\u00eb dhe nd\u00ebrkomb\u00ebtar p\u00ebr larjen e parave, q\u00eb trup\u00ebzon n\u00eb kulla miliardat e krimit, q\u00eb narkoterrorist\u00ebt shqiptar\u00eb sigurojn\u00eb me narkoterrirost\u00ebt e Venezuel\u00ebs, Brazilit, Bolivis\u00eb, Uruguajt, Meksik\u00ebs, Paraguajt.<\/p>\n<p>Vet\u00ebm Diego Benitez kumbar kryesor q\u00eb sipas dokumenteve zyrtare menaxhon 14 klane shqiptare. Asnj\u00ebri nga ne k\u00ebtu q\u00eb jemi, po t\u00eb na thon\u00eb ulu e shkruani pak 14 klane nuk i shkruajm\u00eb dot se nuk ua dim\u00eb emrin dhe q\u00eb merremi \u00e7do dit\u00eb.<\/p>\n<p>Kurse dokumentet zyrtare tregojn\u00eb se, Diego Benitez bashk\u00ebpunon, e ky \u00ebsht\u00eb vet\u00ebm nj\u00eb i Paraguajt q\u00eb qarkullon 350 ton kokain\u00eb n\u00eb vit. Vet\u00ebm ky menaxhon 14 klane droge shqiptare.<\/p>\n<p>Tani imagjinoni ju Benitazit e tjer\u00eb se sa menaxhojn\u00eb.<\/p>\n<p>Dhe k\u00ebto jan\u00eb grupi Bolivi, Uruguaj, Paraguaj e Brazil. Nuk \u00ebsht\u00eb Kolumbia ku Edi Rama ka rr\u00ebnj\u00eb t\u00eb thella me fam\u00ebziun Genti Xhixha.<\/p>\n<p>Genti Xhixha \u00ebsht\u00eb i dokumentuar i lidhur me kartelet e Bolivis\u00eb, bashk\u00eb me Olsi Ram\u00ebn pastaj, si\u00e7 \u00ebsht\u00eb faktuar nga dosja q\u00eb e fsheh Altin Dumani.<\/p>\n<p><strong>Pra pse u ndala n\u00eb k\u00ebt\u00eb hyrje.<\/strong><\/p>\n<p>Nuk \u00ebsht\u00eb vet\u00ebm akti terrorist ndaj Xhelal Mziu dhe familjes s\u00eb tij, por \u00ebsht\u00eb nj\u00eb problem shum\u00eb m\u00eb madh.<\/p>\n<p>Dhe ky problem madhor \u00ebsht\u00eb n\u00eb q\u00ebndrimin e Ramaduros n\u00eb parlament ndaj opozit\u00ebs.<\/p>\n<p><strong>Ja nga se diktohet.<\/strong><\/p>\n<p>Nuk shkoi dot n\u00eb Nju Jork. Kishte fiksuar dreka dhe darka q\u00eb ta din\u00eb shqiptar\u00ebt me udh\u00ebheq\u00ebs rajonal\u00eb, me kryeministra dhe president\u00eb rajonal\u00eb. U anuluan. A jan\u00eb narkolidhjet apo shkaqe t\u00eb tjera un\u00eb nuk mund t\u00eb them, por k\u00ebto t\u00eb gjitha u anuluan.<\/p>\n<p>Por q\u00ebndresa jon\u00eb ndaj k\u00ebtij faktori shkat\u00ebrrimtar, mbi qenien shqiptare, mbi ekonomin\u00eb shqiptare, mbi ligjin shqiptar, mbi t\u00eb drejtat e shqiptar\u00ebve \u00ebsht\u00eb gjithnj\u00eb e m\u00eb i vendosur.<\/p>\n<p>Ju ftoj t\u00eb lexoni materialet e fundit t\u00eb cilat faktojn\u00eb me dokumente se, n\u00eb \u00e7\u2019shkall\u00eb, se si n\u00eb mes t\u00eb Europ\u00ebs konsolidohet \u00e7do dit\u00eb e m\u00eb shum\u00eb, nj\u00eb shtet kriminal dhe q\u00eb p\u00ebr fatin ton\u00eb, kjo nga nj\u00eb pjes\u00eb e zyrtar\u00ebve europian\u00eb nuk pranohet.<\/p>\n<p>Sepse agjencit\u00eb e zbatimit t\u00eb ligjit t\u00eb Europ\u00ebs e kan\u00eb shum\u00eb t\u00eb qart\u00eb, ua them un\u00eb ju, 100 p\u00ebrqind, por ka burokrat\u00eb, ka zyrtar\u00eb q\u00eb k\u00ebt\u00eb nuk e pranojn\u00eb.<\/p>\n<p>Megjithat\u00eb beteja jon\u00eb \u00ebsht\u00eb gjer n\u00eb faktimin, argumentimin, dokumentimin, e k\u00ebsaj monstre q\u00eb zhvillohet gjithnj\u00eb e m\u00eb shum\u00eb n\u00eb Europ\u00eb dhe q\u00eb kryesohet nga Edi Rama.<\/p>\n<p><strong>\u00c7far\u00eb thot\u00eb dosja e fundit.<\/strong><\/p>\n<p>Dosja e fundit se, Shqip\u00ebria \u00ebsht\u00eb nj\u00ebshi p\u00ebr larjen e parave t\u00eb tyre.<\/p>\n<p>K\u00ebto kulla q\u00eb d\u00ebgjoni ju dhe resorte t\u00eb gjitha, k\u00ebto jan\u00eb dhuratat e Edi Ram\u00ebs p\u00ebr narkoterrorist\u00ebt.<\/p>\n<p>Sepse n\u00ebqoft\u00ebse ti shkon dhe merr 28 tonelata n\u00eb vit nga klanet narkoterroriste, ti je bashk\u00ebpun\u00ebtor i tyre, je narkoterrorist edhe ti.<\/p>\n<p>Tani ju keni par\u00eb se si, po gjuhen n\u00eb oqeanin Paq\u00ebsor, flota detare amerikane \u00e7do dit\u00eb, \u00e7do 2-3 dit\u00eb e fundos nga nj\u00eb anije t\u00eb tyre.<\/p>\n<p>Por e r\u00ebnd\u00ebsishme shum\u00eb \u00ebsht\u00eb t\u00eb fundosen timonier\u00ebt, kapiten\u00ebt e tyre dhe k\u00ebtu n\u00eb Europ\u00eb \u00ebsht\u00eb Edi Rama.<\/p>\n<p>N\u00eb Europ\u00eb \u00ebsht\u00eb Edi Rama. Le t\u00eb thot\u00eb kush \u00e7do lavd\u00ebrim, \u00e7do gj\u00eb. Un\u00eb e garantoj se po mbron nj\u00eb kryetar t\u00eb nj\u00eb organizate kriminale.<\/p>\n<p>Ndaj dhe ai n\u00eb parlament sillet sikur t\u00eb ishte Franc \u00c7opja, sikur t\u00eb ishte \u00c7ela, Elvis Do\u00e7i apo me radh\u00eb. Asnj\u00eb dallim nuk kan\u00eb q\u00ebndrimet e tyre ndaj rregullave dhe demokracis\u00eb.<\/p>\n<p>Ju lutem, informoni sakt\u00eb shqiptar\u00ebt p\u00ebr narkoterrorizmin.<\/p>\n<p>Un\u00eb e kuptoj, tani do merreni me udh\u00ebtimin e tij n\u00eb Nju Jork, pun\u00eb e madhe, shkoi e nuk shkoi ai, nuk na duhet asgj\u00eb.K\u00ebrc\u00ebnimi i madh serioz p\u00ebr Shqip\u00ebrin\u00eb dhe shqiptar\u00ebt \u00ebsht\u00eb narkoterrorizmi.<\/p>\n<p>&nbsp;<\/p>\n","protected":false},"excerpt":{"rendered":"<p>Kryetari i PD, Berisha u ka dh\u00eb\u00eb sot nj\u00eb porosi t\u00eb ve\u00e7ant\u00eb deputet\u00ebve n\u00eb mbledhjen e grupit parlamentar. M\u00eb shum\u00eb se nj\u00eb porosi dukej si nj\u00eb detyr\u00eb urgjente p\u00ebr opozit\u00ebn. \u201cBeteja jon\u00eb \u00ebsht\u00eb gjer n\u00eb faktimin, argumentimin, dokumentimin, e k\u00ebsaj monstre narkoterrorister q\u00eb zhvillohet gjithnj\u00eb e m\u00eb shum\u00eb n\u00eb Europ\u00eb dhe q\u00eb kryesohet nga Edi &hellip;<\/p>\n","protected":false},"author":3,"featured_media":123957,"comment_status":"closed","ping_status":"closed","sticky":false,"template":"","format":"standard","meta":{"footnotes":""},"categories":[37],"tags":[],"class_list":["post-123953","post","type-post","status-publish","format-standard","has-post-thumbnail","","category-politike"],"_links":{"self":[{"href":"https:\/\/rdnews.al\/index.php\/wp-json\/wp\/v2\/posts\/123953","targetHints":{"allow":["GET"]}}],"collection":[{"href":"https:\/\/rdnews.al\/index.php\/wp-json\/wp\/v2\/posts"}],"about":[{"href":"https:\/\/rdnews.al\/index.php\/wp-json\/wp\/v2\/types\/post"}],"author":[{"embeddable":true,"href":"https:\/\/rdnews.al\/index.php\/wp-json\/wp\/v2\/users\/3"}],"replies":[{"embeddable":true,"href":"https:\/\/rdnews.al\/index.php\/wp-json\/wp\/v2\/comments?post=123953"}],"version-history":[{"count":2,"href":"https:\/\/rdnews.al\/index.php\/wp-json\/wp\/v2\/posts\/123953\/revisions"}],"predecessor-version":[{"id":123958,"href":"https:\/\/rdnews.al\/index.php\/wp-json\/wp\/v2\/posts\/123953\/revisions\/123958"}],"wp:featuredmedia":[{"embeddable":true,"href":"https:\/\/rdnews.al\/index.php\/wp-json\/wp\/v2\/media\/123957"}],"wp:attachment":[{"href":"https:\/\/rdnews.al\/index.php\/wp-json\/wp\/v2\/media?parent=123953"}],"wp:term":[{"taxonomy":"category","embeddable":true,"href":"https:\/\/rdnews.al\/index.php\/wp-json\/wp\/v2\/categories?post=123953"},{"taxonomy":"post_tag","embeddable":true,"href":"https:\/\/rdnews.al\/index.php\/wp-json\/wp\/v2\/tags?post=123953"}],"curies":[{"name":"wp","href":"https:\/\/api.w.org\/{rel}","templated":true}]}}