{"id":123974,"date":"2025-09-23T16:44:29","date_gmt":"2025-09-23T16:44:29","guid":{"rendered":"https:\/\/rdnews.al\/?p=123974"},"modified":"2025-09-23T16:44:29","modified_gmt":"2025-09-23T16:44:29","slug":"alimehmeti-socialistet-ne-keshillin-bashkiak-bashkepergjegjes-per-aferat-e-veliajt","status":"publish","type":"post","link":"https:\/\/rdnews.al\/index.php\/2025\/09\/23\/alimehmeti-socialistet-ne-keshillin-bashkiak-bashkepergjegjes-per-aferat-e-veliajt\/","title":{"rendered":"Alimehmeti: Socialist\u00ebt n\u00eb K\u00ebshillin Bashkiak, bashk\u00ebp\u00ebrgjegj\u00ebs p\u00ebr aferat e Veliajt!"},"content":{"rendered":"<p>An\u00ebtari demokrat i K\u00ebshillit Bashkiak t\u00eb Tiran\u00ebs, mjeku Ilir Alimehmeti, ka k\u00ebrkuar sot q\u00eb k\u00ebshilltar\u00ebt socialist\u00eb t\u00eb marrin p\u00ebrgjegj\u00ebsin\u00eb p\u00ebr veprimet dhe aferat e kryera gjat\u00eb m\u00eb shum\u00eb se dy mandateve t\u00eb kryebashkiakut Erion Veliaj.<\/p>\n<p>Gjat\u00eb mbledhjes ku po diskutohet propozimi p\u00ebr shkarkimin e Veliajt, Alimehmeti akuzoi shumic\u00ebn socialiste se kan\u00eb qen\u00eb bashk\u00ebpjes\u00ebmarr\u00ebs n\u00eb vendimet q\u00eb, sipas tij, kan\u00eb \u00e7uar n\u00eb skandale dhe abuzime financiare.<\/p>\n<p>\u201c\u00cbsht\u00eb e v\u00ebrtet\u00eb q\u00eb disa prej jush mezi po presin q\u00eb kjo mbledhje t\u00eb mbyllet. Por p\u00ebrgjegj\u00ebsia \u00ebsht\u00eb e p\u00ebrbashk\u00ebt. Kryetari i bashkis\u00eb nuk i ka marr\u00eb k\u00ebto vendime vet\u00ebm, por bashk\u00eb me ju.<\/p>\n<p>Ju i keni aprovuar vjedhjet, inceneratorin. Tek sht\u00ebpia ime tre muaj zgjasin nga shkurti n\u00eb maj, tek sht\u00ebpia juaj zgjasin sa thot\u00eb kryeministri. Ju b\u00ebt\u00eb sikur kund\u00ebrshtuat vet\u00ebm pasi foli kryeministri, n\u00eb shkelje t\u00eb qart\u00eb t\u00eb autonomis\u00eb vendore\u201d, tha Alimehmeti.<\/p>\n","protected":false},"excerpt":{"rendered":"<p>An\u00ebtari demokrat i K\u00ebshillit Bashkiak t\u00eb Tiran\u00ebs, mjeku Ilir Alimehmeti, ka k\u00ebrkuar sot q\u00eb k\u00ebshilltar\u00ebt socialist\u00eb t\u00eb marrin p\u00ebrgjegj\u00ebsin\u00eb p\u00ebr veprimet dhe aferat e kryera gjat\u00eb m\u00eb shum\u00eb se dy mandateve t\u00eb kryebashkiakut Erion Veliaj. Gjat\u00eb mbledhjes ku po diskutohet propozimi p\u00ebr shkarkimin e Veliajt, Alimehmeti akuzoi shumic\u00ebn socialiste se kan\u00eb qen\u00eb bashk\u00ebpjes\u00ebmarr\u00ebs n\u00eb vendimet &hellip;<\/p>\n","protected":false},"author":4,"featured_media":123975,"comment_status":"closed","ping_status":"closed","sticky":false,"template":"","format":"standard","meta":{"footnotes":""},"categories":[37],"tags":[],"class_list":["post-123974","post","type-post","status-publish","format-standard","has-post-thumbnail","","category-politike"],"_links":{"self":[{"href":"https:\/\/rdnews.al\/index.php\/wp-json\/wp\/v2\/posts\/123974","targetHints":{"allow":["GET"]}}],"collection":[{"href":"https:\/\/rdnews.al\/index.php\/wp-json\/wp\/v2\/posts"}],"about":[{"href":"https:\/\/rdnews.al\/index.php\/wp-json\/wp\/v2\/types\/post"}],"author":[{"embeddable":true,"href":"https:\/\/rdnews.al\/index.php\/wp-json\/wp\/v2\/users\/4"}],"replies":[{"embeddable":true,"href":"https:\/\/rdnews.al\/index.php\/wp-json\/wp\/v2\/comments?post=123974"}],"version-history":[{"count":1,"href":"https:\/\/rdnews.al\/index.php\/wp-json\/wp\/v2\/posts\/123974\/revisions"}],"predecessor-version":[{"id":123976,"href":"https:\/\/rdnews.al\/index.php\/wp-json\/wp\/v2\/posts\/123974\/revisions\/123976"}],"wp:featuredmedia":[{"embeddable":true,"href":"https:\/\/rdnews.al\/index.php\/wp-json\/wp\/v2\/media\/123975"}],"wp:attachment":[{"href":"https:\/\/rdnews.al\/index.php\/wp-json\/wp\/v2\/media?parent=123974"}],"wp:term":[{"taxonomy":"category","embeddable":true,"href":"https:\/\/rdnews.al\/index.php\/wp-json\/wp\/v2\/categories?post=123974"},{"taxonomy":"post_tag","embeddable":true,"href":"https:\/\/rdnews.al\/index.php\/wp-json\/wp\/v2\/tags?post=123974"}],"curies":[{"name":"wp","href":"https:\/\/api.w.org\/{rel}","templated":true}]}}