{"id":123980,"date":"2025-09-23T16:51:33","date_gmt":"2025-09-23T16:51:33","guid":{"rendered":"https:\/\/rdnews.al\/?p=123980"},"modified":"2025-09-23T16:51:33","modified_gmt":"2025-09-23T16:51:33","slug":"shkarkimi-i-veliajt-teliti-mori-ate-qe-meritonte-mbolli-urrejtje-korrupsion-hodhi-gazlotsjelles","status":"publish","type":"post","link":"https:\/\/rdnews.al\/index.php\/2025\/09\/23\/shkarkimi-i-veliajt-teliti-mori-ate-qe-meritonte-mbolli-urrejtje-korrupsion-hodhi-gazlotsjelles\/","title":{"rendered":"Shkarkimi i Veliajt\/ Teliti: Mori at\u00eb q\u00eb meritonte, mbolli urrejtje, korrupsion, hodhi gazlotsjell\u00ebs&#8230;"},"content":{"rendered":"<p>K\u00ebshilltari i PD n\u00eb K\u00ebshillin Bashkiak t\u00eb Tiran\u00ebs, Dorian Teliti n\u00eb nj\u00eb prononcim p\u00ebr mediat pas vendimit p\u00ebr shkarkimin e Erion Veliajt, deklaroi se kryebashkiaku socialist mori at\u00eb q\u00eb meritonte.<\/p>\n<p>Teliti tha se p\u00ebr shkarkimin e tij, bashkuan votat t\u00eb gjith\u00eb k\u00ebshilltar\u00ebt dhe tani i takon qeveris\u00eb t\u00eb ndjek\u00eb hapat ligjor\u00eb p\u00ebr t\u2019i hapur rrug\u00ebn zgjedhjeve n\u00eb Tiran\u00eb.<\/p>\n<p>\u201cI b\u00ebjm\u00eb thirrje qeveris\u00eb t\u00eb ndjek\u00eb hapat ligjore p\u00ebr shkarkimin ligjor t\u00eb \u00a0Veliajt dhe largimin e tij me an\u00eb t\u00eb vendimit t\u00eb qeveris\u00eb dhe hapjen e gar\u00ebs urgjente p\u00ebr drejtimin e Tiran\u00ebs p\u00ebr t\u00eb kryer zgjedhje t\u00eb ndershme n\u00eb Tiran\u00eb.<\/p>\n<p>Veliaj e mori p\u00ebrgjigjen q\u00eb meritonte, mori at\u00eb q\u00eb merion, mbolli urrejtje, korrupsion, hodhi gazlotsjell\u00ebs. Nga ne, p\u00ebr Tiran\u00ebn, p\u00ebr k\u00ebshilltar\u00ebt e majt\u00eb e t\u00eb djatht\u00eb nuk \u00ebsht\u00eb m\u00eb kryetar. Kemi b\u00ebr\u00eb \u00e7mos q\u00eb tja arrijm\u00eb k\u00ebsaj dite. E r\u00ebnd\u00ebsishme \u00ebsht\u00eb q\u00eb p\u00ebr ne nuk \u00ebsht\u00eb m\u00eb kryetar\u201d,\u00a0tha Teliti.<\/p>\n","protected":false},"excerpt":{"rendered":"<p>K\u00ebshilltari i PD n\u00eb K\u00ebshillin Bashkiak t\u00eb Tiran\u00ebs, Dorian Teliti n\u00eb nj\u00eb prononcim p\u00ebr mediat pas vendimit p\u00ebr shkarkimin e Erion Veliajt, deklaroi se kryebashkiaku socialist mori at\u00eb q\u00eb meritonte. Teliti tha se p\u00ebr shkarkimin e tij, bashkuan votat t\u00eb gjith\u00eb k\u00ebshilltar\u00ebt dhe tani i takon qeveris\u00eb t\u00eb ndjek\u00eb hapat ligjor\u00eb p\u00ebr t\u2019i hapur rrug\u00ebn &hellip;<\/p>\n","protected":false},"author":4,"featured_media":123981,"comment_status":"closed","ping_status":"closed","sticky":false,"template":"","format":"standard","meta":{"footnotes":""},"categories":[37],"tags":[],"class_list":["post-123980","post","type-post","status-publish","format-standard","has-post-thumbnail","","category-politike"],"_links":{"self":[{"href":"https:\/\/rdnews.al\/index.php\/wp-json\/wp\/v2\/posts\/123980","targetHints":{"allow":["GET"]}}],"collection":[{"href":"https:\/\/rdnews.al\/index.php\/wp-json\/wp\/v2\/posts"}],"about":[{"href":"https:\/\/rdnews.al\/index.php\/wp-json\/wp\/v2\/types\/post"}],"author":[{"embeddable":true,"href":"https:\/\/rdnews.al\/index.php\/wp-json\/wp\/v2\/users\/4"}],"replies":[{"embeddable":true,"href":"https:\/\/rdnews.al\/index.php\/wp-json\/wp\/v2\/comments?post=123980"}],"version-history":[{"count":1,"href":"https:\/\/rdnews.al\/index.php\/wp-json\/wp\/v2\/posts\/123980\/revisions"}],"predecessor-version":[{"id":123982,"href":"https:\/\/rdnews.al\/index.php\/wp-json\/wp\/v2\/posts\/123980\/revisions\/123982"}],"wp:featuredmedia":[{"embeddable":true,"href":"https:\/\/rdnews.al\/index.php\/wp-json\/wp\/v2\/media\/123981"}],"wp:attachment":[{"href":"https:\/\/rdnews.al\/index.php\/wp-json\/wp\/v2\/media?parent=123980"}],"wp:term":[{"taxonomy":"category","embeddable":true,"href":"https:\/\/rdnews.al\/index.php\/wp-json\/wp\/v2\/categories?post=123980"},{"taxonomy":"post_tag","embeddable":true,"href":"https:\/\/rdnews.al\/index.php\/wp-json\/wp\/v2\/tags?post=123980"}],"curies":[{"name":"wp","href":"https:\/\/api.w.org\/{rel}","templated":true}]}}