{"id":123990,"date":"2025-09-23T17:05:56","date_gmt":"2025-09-23T17:05:56","guid":{"rendered":"https:\/\/rdnews.al\/?p=123990"},"modified":"2025-09-23T17:05:56","modified_gmt":"2025-09-23T17:05:56","slug":"paloka-velinen-e-burgut-po-e-shkelin-me-kembe-po-e-peshtyjne-e-po-ja-zhysin-fort-te-vetet","status":"publish","type":"post","link":"https:\/\/rdnews.al\/index.php\/2025\/09\/23\/paloka-velinen-e-burgut-po-e-shkelin-me-kembe-po-e-peshtyjne-e-po-ja-zhysin-fort-te-vetet\/","title":{"rendered":"Paloka: Velin\u00ebn e burgut po e shkelin me k\u00ebmb\u00eb, po e p\u00ebshtyjn\u00eb e po ja zhysin fort t\u00eb vet\u00ebt!"},"content":{"rendered":"<p>Deputeti i PD, Edi Paloka ka reaguar n\u00eb lidhje me votimin e K\u00ebshillit Bashkiak t\u00eb Tiran\u00ebs, q\u00eb i hapi rrug\u00eb shkarkimit t\u00eb Erion Veliajt, t\u00eb k\u00ebrkuar nga kryeministri Edi Rama disa dit\u00eb m\u00eb par\u00eb.<\/p>\n<p>Paloka shkruan se, po e shkelin me k\u00ebmb\u00eb, po e p\u00ebrshtyjn\u00eb e po ja zhysin fort\u00eb t\u00eb vet\u00ebt. Po lan haqet e atyre q\u00eb ju ka b\u00ebr\u00eb keq me vet\u00ebdije!<\/p>\n<p><strong>Reagimi<\/strong><\/p>\n<p>Nuk kam ndermend ta bej ndonjehere hipokritin as per \u201cleverdi politike\u201d as per etike fallse\u2026<\/p>\n<p>PO ME SHIJON SHUME KJO QE PO I NDODH VELINES SE BURGUT.<\/p>\n<p>Po e shkelin me kembe, po e peshtyjne e po ja zhysin forte te vetet! Po lane haqet e atyre qe ju ka bere keq me vetedije! KARMA<\/p>\n<p>DO TA SHIJOJE EDHE ME SHUME KUR KJO TI NDODHE \u201cMRETIT\u201d!<\/p>\n","protected":false},"excerpt":{"rendered":"<p>Deputeti i PD, Edi Paloka ka reaguar n\u00eb lidhje me votimin e K\u00ebshillit Bashkiak t\u00eb Tiran\u00ebs, q\u00eb i hapi rrug\u00eb shkarkimit t\u00eb Erion Veliajt, t\u00eb k\u00ebrkuar nga kryeministri Edi Rama disa dit\u00eb m\u00eb par\u00eb. Paloka shkruan se, po e shkelin me k\u00ebmb\u00eb, po e p\u00ebrshtyjn\u00eb e po ja zhysin fort\u00eb t\u00eb vet\u00ebt. Po lan haqet &hellip;<\/p>\n","protected":false},"author":4,"featured_media":123991,"comment_status":"closed","ping_status":"closed","sticky":false,"template":"","format":"standard","meta":{"footnotes":""},"categories":[37],"tags":[],"class_list":["post-123990","post","type-post","status-publish","format-standard","has-post-thumbnail","","category-politike"],"_links":{"self":[{"href":"https:\/\/rdnews.al\/index.php\/wp-json\/wp\/v2\/posts\/123990","targetHints":{"allow":["GET"]}}],"collection":[{"href":"https:\/\/rdnews.al\/index.php\/wp-json\/wp\/v2\/posts"}],"about":[{"href":"https:\/\/rdnews.al\/index.php\/wp-json\/wp\/v2\/types\/post"}],"author":[{"embeddable":true,"href":"https:\/\/rdnews.al\/index.php\/wp-json\/wp\/v2\/users\/4"}],"replies":[{"embeddable":true,"href":"https:\/\/rdnews.al\/index.php\/wp-json\/wp\/v2\/comments?post=123990"}],"version-history":[{"count":1,"href":"https:\/\/rdnews.al\/index.php\/wp-json\/wp\/v2\/posts\/123990\/revisions"}],"predecessor-version":[{"id":123992,"href":"https:\/\/rdnews.al\/index.php\/wp-json\/wp\/v2\/posts\/123990\/revisions\/123992"}],"wp:featuredmedia":[{"embeddable":true,"href":"https:\/\/rdnews.al\/index.php\/wp-json\/wp\/v2\/media\/123991"}],"wp:attachment":[{"href":"https:\/\/rdnews.al\/index.php\/wp-json\/wp\/v2\/media?parent=123990"}],"wp:term":[{"taxonomy":"category","embeddable":true,"href":"https:\/\/rdnews.al\/index.php\/wp-json\/wp\/v2\/categories?post=123990"},{"taxonomy":"post_tag","embeddable":true,"href":"https:\/\/rdnews.al\/index.php\/wp-json\/wp\/v2\/tags?post=123990"}],"curies":[{"name":"wp","href":"https:\/\/api.w.org\/{rel}","templated":true}]}}