{"id":123994,"date":"2025-09-23T19:07:54","date_gmt":"2025-09-23T19:07:54","guid":{"rendered":"https:\/\/rdnews.al\/?p=123994"},"modified":"2025-09-23T19:07:54","modified_gmt":"2025-09-23T19:07:54","slug":"bardhi-veliaj-iku-si-simbol-i-korrupsionit-i-njejti-fund-pret-kryebashkiaket-dhe-ministrat-e-rames","status":"publish","type":"post","link":"https:\/\/rdnews.al\/index.php\/2025\/09\/23\/bardhi-veliaj-iku-si-simbol-i-korrupsionit-i-njejti-fund-pret-kryebashkiaket-dhe-ministrat-e-rames\/","title":{"rendered":"Bardhi: Veliaj iku si simbol i korrupsionit, i nj\u00ebjti fund pret kryebashkiak\u00ebt dhe ministrat e Ram\u00ebs"},"content":{"rendered":"<p>Kryetari i Grupit Parlamentar t\u00eb PD, Gazment Bardhi, ka reaguar pas mbledhjes s\u00eb sotme t\u00eb K\u00ebshillit bashkiak t\u00eb Tiran\u00ebs, ku u votua p\u00ebr shkarkimin e Erion Veliajt.<\/p>\n<p>P\u00ebrmes nj\u00eb postimi n\u00eb rrjetet sociale, Bardhi shprehet se, Veliaj iku nga posti i kryebashkiakut si funksionari simbol i korrupsionit, abuzimit dhe paligjshm\u00ebris\u00eb n\u00eb krye t\u00eb pun\u00ebve t\u00eb kryeqytetit.<\/p>\n<p>Bardhi shtoi se i nj\u00ebjti fund i pret t\u00eb gjith\u00eb ministrat, deputet\u00ebt dhe kryebashkiak\u00ebt e korruptuar t\u00eb qeveris\u00eb s\u00eb kryeministrit Edi Rama.<\/p>\n<p><strong>Reagimi i Bardhit<\/strong><\/p>\n<p>Erion Veliaj \u2013 sh\u00ebmbylltyra e Edi Ram\u00ebs n\u00eb krye t\u00eb Bashkis\u00eb Tiran\u00eb \u2013 u shkarkua sot me votat unanime t\u00eb K\u00ebshillit Bashkiak Tiran\u00eb. Ai iku nga drejtimi i bashkis\u00eb m\u00eb t\u00eb madhe n\u00eb vend pa pasur mund\u00ebsi t\u00eb thoshte asnj\u00eb fjal\u00eb, t\u2019i jepte dor\u00ebn askujt dhe as t\u00eb thoshte lamtumir\u00eb. Ai iku si funksionari simbol i korrupsionit, abuzimit dhe paligjshm\u00ebris\u00eb n\u00eb krye t\u00eb pun\u00ebve t\u00eb kryeqytetit.<\/p>\n<p>I sotshmi nuk ishte nj\u00eb mesazh thjesht dhe vet\u00ebm p\u00ebr Erion Veliajn. Shkarkimi i sot\u00ebm ishte nj\u00eb paralajm\u00ebrim p\u00ebr fundin q\u00eb i pret t\u00eb gjith\u00eb ata zyrtar\u00eb socialist\u00eb q\u00eb n\u00eb sh\u00ebrbim t\u00eb Edi Ram\u00ebs kan\u00eb vjedhur votat, kan\u00eb abuzuar me pushtetin, kan\u00eb shp\u00ebrdoruar detyr\u00ebn dhe kan\u00eb p\u00ebrvet\u00ebsuar pasurit\u00eb publike.<\/p>\n<p>I nj\u00ebjti fund q\u00eb pret pas dere ministrat, deputet\u00ebt dhe kryebashkiak\u00ebt e korruptuar t\u00eb Edi Ram\u00ebs, duke filluar nga Belinda Balluku. Ora e s\u00eb v\u00ebrtet\u00ebs dhe drejt\u00ebsis\u00eb mund t\u00eb vonoj\u00eb. Por, e sigurt \u00ebsht\u00eb q\u00eb ajo gjithmon\u00eb vjen. Dhe kur vjen, bie pam\u00ebshirsh\u00ebm mbi t\u00eb gjith\u00eb ata q\u00eb privilegjin e rrall\u00eb t\u00eb t\u00eb sh\u00ebrbyerit t\u00eb qytetar\u00ebve e shp\u00ebrdoruan p\u00ebr ambicien, pushtetin dhe pasurimin personal. Kur ajo or\u00eb t\u00eb vij\u00eb, \u201c\u00ebngj\u00eblli mbrojt\u00ebs\u201d i t\u00eb korruptuarve do t\u00eb mjaftohet me nj\u00eb psher\u00ebtim\u00eb keqardhje t\u00eb jashtme dhe ng\u00ebrdheshjeje t\u00eb brendshme q\u00eb edhe k\u00ebsaj here nuk ishte ai i rradh\u00ebs.<\/p>\n","protected":false},"excerpt":{"rendered":"<p>Kryetari i Grupit Parlamentar t\u00eb PD, Gazment Bardhi, ka reaguar pas mbledhjes s\u00eb sotme t\u00eb K\u00ebshillit bashkiak t\u00eb Tiran\u00ebs, ku u votua p\u00ebr shkarkimin e Erion Veliajt. P\u00ebrmes nj\u00eb postimi n\u00eb rrjetet sociale, Bardhi shprehet se, Veliaj iku nga posti i kryebashkiakut si funksionari simbol i korrupsionit, abuzimit dhe paligjshm\u00ebris\u00eb n\u00eb krye t\u00eb pun\u00ebve t\u00eb &hellip;<\/p>\n","protected":false},"author":4,"featured_media":80210,"comment_status":"closed","ping_status":"closed","sticky":false,"template":"","format":"standard","meta":{"footnotes":""},"categories":[37],"tags":[],"class_list":["post-123994","post","type-post","status-publish","format-standard","has-post-thumbnail","","category-politike"],"_links":{"self":[{"href":"https:\/\/rdnews.al\/index.php\/wp-json\/wp\/v2\/posts\/123994","targetHints":{"allow":["GET"]}}],"collection":[{"href":"https:\/\/rdnews.al\/index.php\/wp-json\/wp\/v2\/posts"}],"about":[{"href":"https:\/\/rdnews.al\/index.php\/wp-json\/wp\/v2\/types\/post"}],"author":[{"embeddable":true,"href":"https:\/\/rdnews.al\/index.php\/wp-json\/wp\/v2\/users\/4"}],"replies":[{"embeddable":true,"href":"https:\/\/rdnews.al\/index.php\/wp-json\/wp\/v2\/comments?post=123994"}],"version-history":[{"count":1,"href":"https:\/\/rdnews.al\/index.php\/wp-json\/wp\/v2\/posts\/123994\/revisions"}],"predecessor-version":[{"id":123995,"href":"https:\/\/rdnews.al\/index.php\/wp-json\/wp\/v2\/posts\/123994\/revisions\/123995"}],"wp:featuredmedia":[{"embeddable":true,"href":"https:\/\/rdnews.al\/index.php\/wp-json\/wp\/v2\/media\/80210"}],"wp:attachment":[{"href":"https:\/\/rdnews.al\/index.php\/wp-json\/wp\/v2\/media?parent=123994"}],"wp:term":[{"taxonomy":"category","embeddable":true,"href":"https:\/\/rdnews.al\/index.php\/wp-json\/wp\/v2\/categories?post=123994"},{"taxonomy":"post_tag","embeddable":true,"href":"https:\/\/rdnews.al\/index.php\/wp-json\/wp\/v2\/tags?post=123994"}],"curies":[{"name":"wp","href":"https:\/\/api.w.org\/{rel}","templated":true}]}}