{"id":123996,"date":"2025-09-23T19:11:10","date_gmt":"2025-09-23T19:11:10","guid":{"rendered":"https:\/\/rdnews.al\/?p=123996"},"modified":"2025-09-23T19:11:10","modified_gmt":"2025-09-23T19:11:10","slug":"tabaku-fundi-politik-i-erion-veliajt-mori-sot-goditjen-perfundimtare","status":"publish","type":"post","link":"https:\/\/rdnews.al\/index.php\/2025\/09\/23\/tabaku-fundi-politik-i-erion-veliajt-mori-sot-goditjen-perfundimtare\/","title":{"rendered":"Tabaku: Fundi politik i Erion Veliajt mori sot goditjen p\u00ebrfundimtare"},"content":{"rendered":"<p>Deputetja e PD, Jorida Tabaku, ka reaguar pas largimit t\u00eb Erion Veliajt nga drejtimi i Bashkis\u00eb s\u00eb Tiran\u00ebs, duke e cil\u00ebsuar k\u00ebt\u00eb si \u201cfundin p\u00ebrfundimtar t\u00eb nj\u00eb jete politike t\u00eb nd\u00ebrtuar mbi propagand\u00eb dhe g\u00ebnjesht\u00ebr\u201d.<\/p>\n<p>N\u00eb deklarat\u00ebn e saj, Tabaku e krahasoi largimin e Veliajt me pabesin\u00eb e shembjes s\u00eb Teatrit Komb\u00ebtar m\u00eb 17 maj, duke kujtuar se vendimi p\u00ebr shembjen u mor n\u00eb or\u00ebt e para t\u00eb m\u00ebngjesit, nd\u00ebrsa protestuesit ndodheshin ende brenda godin\u00ebs.<\/p>\n<p>Tabaku theksoi se vendimi p\u00ebr shkarkimin e Veliajt ngjason me procedurat e p\u00ebrshpejtuara t\u00eb inceneratorit t\u00eb Tiran\u00ebs, nj\u00eb projekt q\u00eb ajo e cil\u00ebson si \u201cafer\u00eb t\u00eb past\u00ebr korruptive\u201d me nj\u00eb kosto prej mbi 300 milion\u00eb euro p\u00ebr taksapaguesit.<\/p>\n<p>Ajo akuzoi Veliajn p\u00ebr arroganc\u00eb dhe megallomani, duke th\u00ebn\u00eb se ai p\u00ebrdori pushtetin p\u00ebr t\u00eb sulmuar kund\u00ebrshtar\u00ebt politik\u00eb me akuza t\u00eb shpikura, t\u00eb cilat m\u00eb pas dol\u00ebn n\u00eb dosjen e tij hetimore.<\/p>\n<p>Deputetja demokratike kritikoi ashp\u00ebr an\u00ebtar\u00ebt socialist\u00eb t\u00eb K\u00ebshillit Bashkiak, t\u00eb cil\u00ebt dikur e mb\u00ebshtesnin Veliajn, por sot e kan\u00eb braktisur. Ajo i quajti hipokrit\u00eb, duke kujtuar premtimet p\u00ebr nj\u00eb Tiran\u00eb t\u00eb gjelb\u00ebr q\u00eb u kthyen n\u00eb nj\u00eb \u201cferr betoni\u201d.<\/p>\n<p>N\u00eb fund t\u00eb deklarat\u00ebs, Tabaku paralajm\u00ebroi se rr\u00ebzimi i Veliajt nuk do t\u00eb jet\u00eb i vetmi, duke th\u00ebn\u00eb se \u201cShoq\u00ebria e Hajdut\u00ebve\u201d po sakrifikon nj\u00eb nga figurat e saj p\u00ebr t\u00eb shp\u00ebtuar t\u00eb tjer\u00ebt, por fundi i tyre do t\u00eb jet\u00eb i nj\u00ebjt\u00eb.<\/p>\n<p>Ajo e p\u00ebrmbylli me nj\u00eb mesazh politik: \u201cPushteti nuk \u00ebsht\u00eb i p\u00ebrjetsh\u00ebm, vjen dita kur duhet t\u00eb jap\u00ebsh llogari. Si\u00e7 m\u00ebson dhe Shekspiri: \u2018S\u2019ka nat\u00eb q\u00eb s\u2019ka t\u00eb gdhir\u00eb, sado qoft\u00eb e gjat\u00eb&#8221;.<\/p>\n","protected":false},"excerpt":{"rendered":"<p>Deputetja e PD, Jorida Tabaku, ka reaguar pas largimit t\u00eb Erion Veliajt nga drejtimi i Bashkis\u00eb s\u00eb Tiran\u00ebs, duke e cil\u00ebsuar k\u00ebt\u00eb si \u201cfundin p\u00ebrfundimtar t\u00eb nj\u00eb jete politike t\u00eb nd\u00ebrtuar mbi propagand\u00eb dhe g\u00ebnjesht\u00ebr\u201d. N\u00eb deklarat\u00ebn e saj, Tabaku e krahasoi largimin e Veliajt me pabesin\u00eb e shembjes s\u00eb Teatrit Komb\u00ebtar m\u00eb 17 maj, &hellip;<\/p>\n","protected":false},"author":4,"featured_media":116473,"comment_status":"closed","ping_status":"closed","sticky":false,"template":"","format":"standard","meta":{"footnotes":""},"categories":[37],"tags":[],"class_list":["post-123996","post","type-post","status-publish","format-standard","has-post-thumbnail","","category-politike"],"_links":{"self":[{"href":"https:\/\/rdnews.al\/index.php\/wp-json\/wp\/v2\/posts\/123996","targetHints":{"allow":["GET"]}}],"collection":[{"href":"https:\/\/rdnews.al\/index.php\/wp-json\/wp\/v2\/posts"}],"about":[{"href":"https:\/\/rdnews.al\/index.php\/wp-json\/wp\/v2\/types\/post"}],"author":[{"embeddable":true,"href":"https:\/\/rdnews.al\/index.php\/wp-json\/wp\/v2\/users\/4"}],"replies":[{"embeddable":true,"href":"https:\/\/rdnews.al\/index.php\/wp-json\/wp\/v2\/comments?post=123996"}],"version-history":[{"count":1,"href":"https:\/\/rdnews.al\/index.php\/wp-json\/wp\/v2\/posts\/123996\/revisions"}],"predecessor-version":[{"id":123997,"href":"https:\/\/rdnews.al\/index.php\/wp-json\/wp\/v2\/posts\/123996\/revisions\/123997"}],"wp:featuredmedia":[{"embeddable":true,"href":"https:\/\/rdnews.al\/index.php\/wp-json\/wp\/v2\/media\/116473"}],"wp:attachment":[{"href":"https:\/\/rdnews.al\/index.php\/wp-json\/wp\/v2\/media?parent=123996"}],"wp:term":[{"taxonomy":"category","embeddable":true,"href":"https:\/\/rdnews.al\/index.php\/wp-json\/wp\/v2\/categories?post=123996"},{"taxonomy":"post_tag","embeddable":true,"href":"https:\/\/rdnews.al\/index.php\/wp-json\/wp\/v2\/tags?post=123996"}],"curies":[{"name":"wp","href":"https:\/\/api.w.org\/{rel}","templated":true}]}}