{"id":124004,"date":"2025-09-24T08:30:31","date_gmt":"2025-09-24T08:30:31","guid":{"rendered":"https:\/\/rdnews.al\/?p=124004"},"modified":"2025-09-24T08:30:31","modified_gmt":"2025-09-24T08:30:31","slug":"korreshi-i-dergon-rames-nje-dhurate-per-diellen-ta-perdore-kur-te-mos-kete-drita","status":"publish","type":"post","link":"https:\/\/rdnews.al\/index.php\/2025\/09\/24\/korreshi-i-dergon-rames-nje-dhurate-per-diellen-ta-perdore-kur-te-mos-kete-drita\/","title":{"rendered":"Korreshi i d\u00ebrgon Ram\u00ebs nj\u00eb dhurat\u00eb p\u00ebr \u201cDiell\u00ebn\u201d: Ta p\u00ebrdor\u00eb kur t\u00eb mos ket\u00eb drita"},"content":{"rendered":"<p>Deputeti i PD, Saimir Korreshi ka i d\u00ebrguar Ram\u00ebs n\u00eb Kuvend nj\u00eb dhurat\u00eb p\u00ebr ministren me inteligjence artificiale, Diella.<\/p>\n<p>Korreshi e kishte mb\u00ebshtjell\u00eb si kuti dhuratash dhe e hapi para gazetar\u00ebve. Edhe pse kishte form\u00ebn e nj\u00eb kastraveci, deputeti demokrat tha se, ky aset \u00ebsht\u00eb nj\u00eb bllok baterish rezerv\u00eb p\u00ebr Diell\u00ebn q\u00eb kur t\u00eb mos ket\u00eb drita ta p\u00ebrdor\u00eb.<\/p>\n","protected":false},"excerpt":{"rendered":"<p>Deputeti i PD, Saimir Korreshi ka i d\u00ebrguar Ram\u00ebs n\u00eb Kuvend nj\u00eb dhurat\u00eb p\u00ebr ministren me inteligjence artificiale, Diella. Korreshi e kishte mb\u00ebshtjell\u00eb si kuti dhuratash dhe e hapi para gazetar\u00ebve. Edhe pse kishte form\u00ebn e nj\u00eb kastraveci, deputeti demokrat tha se, ky aset \u00ebsht\u00eb nj\u00eb bllok baterish rezerv\u00eb p\u00ebr Diell\u00ebn q\u00eb kur t\u00eb mos &hellip;<\/p>\n","protected":false},"author":4,"featured_media":123102,"comment_status":"closed","ping_status":"closed","sticky":false,"template":"","format":"standard","meta":{"footnotes":""},"categories":[37],"tags":[],"class_list":["post-124004","post","type-post","status-publish","format-standard","has-post-thumbnail","","category-politike"],"_links":{"self":[{"href":"https:\/\/rdnews.al\/index.php\/wp-json\/wp\/v2\/posts\/124004","targetHints":{"allow":["GET"]}}],"collection":[{"href":"https:\/\/rdnews.al\/index.php\/wp-json\/wp\/v2\/posts"}],"about":[{"href":"https:\/\/rdnews.al\/index.php\/wp-json\/wp\/v2\/types\/post"}],"author":[{"embeddable":true,"href":"https:\/\/rdnews.al\/index.php\/wp-json\/wp\/v2\/users\/4"}],"replies":[{"embeddable":true,"href":"https:\/\/rdnews.al\/index.php\/wp-json\/wp\/v2\/comments?post=124004"}],"version-history":[{"count":1,"href":"https:\/\/rdnews.al\/index.php\/wp-json\/wp\/v2\/posts\/124004\/revisions"}],"predecessor-version":[{"id":124005,"href":"https:\/\/rdnews.al\/index.php\/wp-json\/wp\/v2\/posts\/124004\/revisions\/124005"}],"wp:featuredmedia":[{"embeddable":true,"href":"https:\/\/rdnews.al\/index.php\/wp-json\/wp\/v2\/media\/123102"}],"wp:attachment":[{"href":"https:\/\/rdnews.al\/index.php\/wp-json\/wp\/v2\/media?parent=124004"}],"wp:term":[{"taxonomy":"category","embeddable":true,"href":"https:\/\/rdnews.al\/index.php\/wp-json\/wp\/v2\/categories?post=124004"},{"taxonomy":"post_tag","embeddable":true,"href":"https:\/\/rdnews.al\/index.php\/wp-json\/wp\/v2\/tags?post=124004"}],"curies":[{"name":"wp","href":"https:\/\/api.w.org\/{rel}","templated":true}]}}