{"id":124006,"date":"2025-09-24T08:38:25","date_gmt":"2025-09-24T08:38:25","guid":{"rendered":"https:\/\/rdnews.al\/?p=124006"},"modified":"2025-09-24T08:47:54","modified_gmt":"2025-09-24T08:47:54","slug":"ivi-kaso-duhet-tu-kerkoni-ndjese-publike-qytetareve-peleshi-i-fik-mikrofonin","status":"publish","type":"post","link":"https:\/\/rdnews.al\/index.php\/2025\/09\/24\/ivi-kaso-duhet-tu-kerkoni-ndjese-publike-qytetareve-peleshi-i-fik-mikrofonin\/","title":{"rendered":"Ivi Kaso: Duhet t\u2019u k\u00ebrkoni ndjes\u00eb publike qytetar\u00ebve, Peleshi i fik mikrofonin"},"content":{"rendered":"<p>Deputeti i PD, Ivi Kaso \u00ebsht\u00eb shprehur gjat\u00eb fjal\u00ebs s\u00eb tij n\u00eb Kuvend se, ju duhet t\u2019u k\u00ebrkoni ndjes\u00eb publike qytetar\u00ebve. Ai tha se, ministrat apo dhe deputet\u00ebt tuaj nuk i njeh njeri.<\/p>\n<p>\u201cDuhet t\u00eb b\u00ebni nj\u00eb ndjes\u00eb publike p\u00ebr qytetar\u00ebt, sa i takon seanc\u00ebs s\u00eb kaluar. Pasi nuk dihet se nkush do t\u2019i qeveris\u00eb p\u00ebr 4 vitet e ardhshme.<\/p>\n<p>Ministrat apo dhe deputet\u00ebt tuaj nuk i njeh njeri. E sigurt q\u00eb pati nj\u00eb t\u00eb humbur, q\u00eb ishte intersi i qytetar\u00ebve. Ju me sjelljet si vasal\u00eb, e treguat veten\u2026\u201d, tha Ivi Kaso, por nuk u lejua t\u00eb flas\u00eb m\u00eb tej sepse peleshi i bllokoi mikrofonin.<\/p>\n","protected":false},"excerpt":{"rendered":"<p>Deputeti i PD, Ivi Kaso \u00ebsht\u00eb shprehur gjat\u00eb fjal\u00ebs s\u00eb tij n\u00eb Kuvend se, ju duhet t\u2019u k\u00ebrkoni ndjes\u00eb publike qytetar\u00ebve. Ai tha se, ministrat apo dhe deputet\u00ebt tuaj nuk i njeh njeri. \u201cDuhet t\u00eb b\u00ebni nj\u00eb ndjes\u00eb publike p\u00ebr qytetar\u00ebt, sa i takon seanc\u00ebs s\u00eb kaluar. Pasi nuk dihet se nkush do t\u2019i qeveris\u00eb &hellip;<\/p>\n","protected":false},"author":4,"featured_media":124012,"comment_status":"closed","ping_status":"closed","sticky":false,"template":"","format":"standard","meta":{"footnotes":""},"categories":[37],"tags":[],"class_list":["post-124006","post","type-post","status-publish","format-standard","has-post-thumbnail","","category-politike"],"_links":{"self":[{"href":"https:\/\/rdnews.al\/index.php\/wp-json\/wp\/v2\/posts\/124006","targetHints":{"allow":["GET"]}}],"collection":[{"href":"https:\/\/rdnews.al\/index.php\/wp-json\/wp\/v2\/posts"}],"about":[{"href":"https:\/\/rdnews.al\/index.php\/wp-json\/wp\/v2\/types\/post"}],"author":[{"embeddable":true,"href":"https:\/\/rdnews.al\/index.php\/wp-json\/wp\/v2\/users\/4"}],"replies":[{"embeddable":true,"href":"https:\/\/rdnews.al\/index.php\/wp-json\/wp\/v2\/comments?post=124006"}],"version-history":[{"count":1,"href":"https:\/\/rdnews.al\/index.php\/wp-json\/wp\/v2\/posts\/124006\/revisions"}],"predecessor-version":[{"id":124008,"href":"https:\/\/rdnews.al\/index.php\/wp-json\/wp\/v2\/posts\/124006\/revisions\/124008"}],"wp:featuredmedia":[{"embeddable":true,"href":"https:\/\/rdnews.al\/index.php\/wp-json\/wp\/v2\/media\/124012"}],"wp:attachment":[{"href":"https:\/\/rdnews.al\/index.php\/wp-json\/wp\/v2\/media?parent=124006"}],"wp:term":[{"taxonomy":"category","embeddable":true,"href":"https:\/\/rdnews.al\/index.php\/wp-json\/wp\/v2\/categories?post=124006"},{"taxonomy":"post_tag","embeddable":true,"href":"https:\/\/rdnews.al\/index.php\/wp-json\/wp\/v2\/tags?post=124006"}],"curies":[{"name":"wp","href":"https:\/\/api.w.org\/{rel}","templated":true}]}}