{"id":124009,"date":"2025-09-24T08:45:33","date_gmt":"2025-09-24T08:45:33","guid":{"rendered":"https:\/\/rdnews.al\/?p=124009"},"modified":"2025-09-24T08:45:33","modified_gmt":"2025-09-24T08:45:33","slug":"tabaku-peleshit-ju-i-vute-njolle-vetes-qe-ne-nisje-te-detyres-suaj","status":"publish","type":"post","link":"https:\/\/rdnews.al\/index.php\/2025\/09\/24\/tabaku-peleshit-ju-i-vute-njolle-vetes-qe-ne-nisje-te-detyres-suaj\/","title":{"rendered":"Tabaku-Peleshit: Ju i vut\u00eb njoll\u00eb vetes q\u00eb n\u00eb nisje t\u00eb detyr\u00ebs suaj!"},"content":{"rendered":"<p>Deputetja e PD, Jorida Tabaku, gjat\u00eb fjal\u00ebs s\u00eb saj n\u00eb seanc\u00ebn e sotme n\u00eb Kuvend komentoi ngjarjet dhe zhvillimet e seanc\u00ebs s\u00eb kaluar, duke nxjerr\u00eb n\u00eb pah munges\u00ebn e transparenc\u00ebs dhe shkeljet e rregullores parlamentare.<\/p>\n<p>Ajo theksoi se qeveria kaloi programin e saj pa diskutim dhe pa dh\u00ebn\u00eb mund\u00ebsin\u00eb deputet\u00ebve t\u00eb opozit\u00ebs t\u00eb paraqesin propozime proceduriale, duke e v\u00ebn\u00eb n\u00eb hije rolin dhe prioritetet e opozit\u00ebs.<\/p>\n<p>&#8220;Zoti kryetar, n\u00eb procesverbalin e radh\u00ebs s\u00eb kaluar duhet t\u00eb sqarohen t\u00eb gjitha ngjarjet q\u00eb ndodh\u00ebn n\u00eb munges\u00eb dhe shkelje t\u00eb rregullores s\u00eb Parlamentit.<\/p>\n<p>Kreu i grupit parlamentar t\u00eb opozit\u00ebs k\u00ebrkoi nj\u00eb procedur\u00eb p\u00ebr t\u00eb b\u00ebr\u00eb nj\u00eb propozim procedural p\u00ebr t\u00eb propozuar programin e qeveris\u00eb, por fjala nuk iu dha, dhe kjo q\u00eb n\u00eb procesverbalin q\u00eb keni paraqitur nuk reflektohet.<\/p>\n<p>\u00cbsht\u00eb hera e par\u00eb q\u00eb n\u00eb k\u00ebt\u00eb Kuvend qeveria kalon pa u diskutuar programin e saj t\u00eb qeverisjes.<\/p>\n<p>Ne kemi k\u00ebrkuar p\u00ebr t\u00eb p\u00ebrshpejtuar at\u00eb seanc\u00eb dhe p\u00ebr t\u00eb diskutuar nj\u00ebher\u00eb programin e qeverisjes, dhe nuk besoj se shqiptar\u00ebt mund t\u2019i l\u00ebm\u00eb n\u00eb hije p\u00ebr programin e qeveris\u00eb, p\u00ebr t\u00eb diskutuar nga nj\u00ebra an\u00eb prioritetet tuaja dhe p\u00ebr t\u00eb diskutuar edhe prioritetet q\u00eb ka opozita.<\/p>\n<p>Kjo lidhet me procesverbalin, lidhet edhe me seanc\u00ebn e kaluar, dhe \u00ebsht\u00eb hera e par\u00eb, zoti Peleshi, q\u00eb ndodh kjo. Nuk besoj se ju doni ta mbani k\u00ebt\u00eb njoll\u00eb n\u00eb nisje t\u00eb detyr\u00ebs suaj.<\/p>\n<p>Un\u00eb e kuptoj se qeveria nuk ka paraqitur program k\u00ebtu, nuk ka vizion, por nuk mund t\u2019ua mohoni t\u00eb drejt\u00ebn deputet\u00ebve t\u00eb opozit\u00ebs apo qytetar\u00ebve q\u00eb t\u00eb ken\u00eb nj\u00eb debat parlamentar.<\/p>\n<p>Parlamenti sot \u00ebsht\u00eb ashtu si\u00e7 \u00ebsht\u00eb, nuk reflekton t\u00eb drejt\u00ebn e shqiptar\u00ebve, por t\u00eb drejt\u00ebn parlamentare dhe t\u00eb drejt\u00ebn e fjal\u00ebs nuk mund ta shkelni dhe shpresoj q\u00eb t\u00eb pakt\u00ebn n\u00eb procesverbal t\u00eb reflektohet kjo&#8221;, tha Tabaku.<\/p>\n","protected":false},"excerpt":{"rendered":"<p>Deputetja e PD, Jorida Tabaku, gjat\u00eb fjal\u00ebs s\u00eb saj n\u00eb seanc\u00ebn e sotme n\u00eb Kuvend komentoi ngjarjet dhe zhvillimet e seanc\u00ebs s\u00eb kaluar, duke nxjerr\u00eb n\u00eb pah munges\u00ebn e transparenc\u00ebs dhe shkeljet e rregullores parlamentare. Ajo theksoi se qeveria kaloi programin e saj pa diskutim dhe pa dh\u00ebn\u00eb mund\u00ebsin\u00eb deputet\u00ebve t\u00eb opozit\u00ebs t\u00eb paraqesin propozime &hellip;<\/p>\n","protected":false},"author":4,"featured_media":124010,"comment_status":"closed","ping_status":"closed","sticky":false,"template":"","format":"standard","meta":{"footnotes":""},"categories":[37],"tags":[],"class_list":["post-124009","post","type-post","status-publish","format-standard","has-post-thumbnail","","category-politike"],"_links":{"self":[{"href":"https:\/\/rdnews.al\/index.php\/wp-json\/wp\/v2\/posts\/124009","targetHints":{"allow":["GET"]}}],"collection":[{"href":"https:\/\/rdnews.al\/index.php\/wp-json\/wp\/v2\/posts"}],"about":[{"href":"https:\/\/rdnews.al\/index.php\/wp-json\/wp\/v2\/types\/post"}],"author":[{"embeddable":true,"href":"https:\/\/rdnews.al\/index.php\/wp-json\/wp\/v2\/users\/4"}],"replies":[{"embeddable":true,"href":"https:\/\/rdnews.al\/index.php\/wp-json\/wp\/v2\/comments?post=124009"}],"version-history":[{"count":1,"href":"https:\/\/rdnews.al\/index.php\/wp-json\/wp\/v2\/posts\/124009\/revisions"}],"predecessor-version":[{"id":124011,"href":"https:\/\/rdnews.al\/index.php\/wp-json\/wp\/v2\/posts\/124009\/revisions\/124011"}],"wp:featuredmedia":[{"embeddable":true,"href":"https:\/\/rdnews.al\/index.php\/wp-json\/wp\/v2\/media\/124010"}],"wp:attachment":[{"href":"https:\/\/rdnews.al\/index.php\/wp-json\/wp\/v2\/media?parent=124009"}],"wp:term":[{"taxonomy":"category","embeddable":true,"href":"https:\/\/rdnews.al\/index.php\/wp-json\/wp\/v2\/categories?post=124009"},{"taxonomy":"post_tag","embeddable":true,"href":"https:\/\/rdnews.al\/index.php\/wp-json\/wp\/v2\/tags?post=124009"}],"curies":[{"name":"wp","href":"https:\/\/api.w.org\/{rel}","templated":true}]}}