{"id":124013,"date":"2025-09-24T08:54:09","date_gmt":"2025-09-24T08:54:09","guid":{"rendered":"https:\/\/rdnews.al\/?p=124013"},"modified":"2025-09-24T08:54:40","modified_gmt":"2025-09-24T08:54:40","slug":"zhupa-nuk-mund-te-miratohet-programi-i-qeverise-pa-debat-peleshi-ushtar-i-autokratit-rama","status":"publish","type":"post","link":"https:\/\/rdnews.al\/index.php\/2025\/09\/24\/zhupa-nuk-mund-te-miratohet-programi-i-qeverise-pa-debat-peleshi-ushtar-i-autokratit-rama\/","title":{"rendered":"Peleshi ushtar i autokratit Rama\/ Zhupa: Nuk mund t\u00eb miratohet programi i qeveris\u00eb pa debat!"},"content":{"rendered":"<p>Deputetja e PD, Ina Zhupa ka k\u00ebrkuar sot n\u00eb Kuvend q\u00eb seanca plenare p\u00ebr prezantimin e programit t\u00eb qeveris\u00eb t\u00eb p\u00ebrs\u00ebritet, duke theksuar se procesverbali i seanc\u00ebs s\u00eb kaluar nuk pasqyron realitetin.<\/p>\n<p>Zhupa akuzoi kryetarin e Kuvendit, Niko Peleshi, p\u00ebr nd\u00ebrprerjen e seanc\u00ebs s\u00eb kaluar pas 25 minutash tensioni me opozit\u00ebn, duke e cil\u00ebsuar \u201cushtar t\u00eb autokratit Rama\u201d.<\/p>\n<p>Ajo theksoi se procedura duhet t\u00eb zhvillohet sipas Kushtetut\u00ebs, duke garantuar t\u00eb drejt\u00ebn e deputet\u00ebve p\u00ebr pyetje dhe debat parlamentar mbi programin qeveris\u00ebs.<\/p>\n<p>\u201cT\u00eb zhvilloni procedur\u00ebn si\u00e7 e k\u00ebrkon kushtetuta, t\u00eb drejt\u00ebn p\u00ebr t\u2019i b\u00ebr\u00eb pyetje kryeministrit, debat parlamentar. Ju keni zbardhur nj\u00eb procesverbal q\u00eb nuk tregon realitetin. Ju ftoj t\u00eb n\u00ebnvizoni me t\u00eb zez\u00eb fjal\u00ebn k\u00ebrc\u00ebnuese teksa u urdh\u00ebruat t\u00eb mbyllni seanc\u00ebn.<\/p>\n<p>K\u00ebtu kemi nj\u00eb autokrat q\u00eb mendon hallet e veta dhe nuk duron dot debatin parlamentar. Ajo seanc\u00eb duhet t\u00eb p\u00ebrs\u00ebritet p\u00ebr programin, dhe t\u00eb gjith\u00eb deputet\u00ebt t\u00eb flasin p\u00ebr interesin publik. Mos e miratoni procesverbalin\u201d,\u00a0tha Zhupa.<\/p>\n","protected":false},"excerpt":{"rendered":"<p>Deputetja e PD, Ina Zhupa ka k\u00ebrkuar sot n\u00eb Kuvend q\u00eb seanca plenare p\u00ebr prezantimin e programit t\u00eb qeveris\u00eb t\u00eb p\u00ebrs\u00ebritet, duke theksuar se procesverbali i seanc\u00ebs s\u00eb kaluar nuk pasqyron realitetin. Zhupa akuzoi kryetarin e Kuvendit, Niko Peleshi, p\u00ebr nd\u00ebrprerjen e seanc\u00ebs s\u00eb kaluar pas 25 minutash tensioni me opozit\u00ebn, duke e cil\u00ebsuar \u201cushtar &hellip;<\/p>\n","protected":false},"author":4,"featured_media":124014,"comment_status":"closed","ping_status":"closed","sticky":false,"template":"","format":"standard","meta":{"footnotes":""},"categories":[37],"tags":[],"class_list":["post-124013","post","type-post","status-publish","format-standard","has-post-thumbnail","","category-politike"],"_links":{"self":[{"href":"https:\/\/rdnews.al\/index.php\/wp-json\/wp\/v2\/posts\/124013","targetHints":{"allow":["GET"]}}],"collection":[{"href":"https:\/\/rdnews.al\/index.php\/wp-json\/wp\/v2\/posts"}],"about":[{"href":"https:\/\/rdnews.al\/index.php\/wp-json\/wp\/v2\/types\/post"}],"author":[{"embeddable":true,"href":"https:\/\/rdnews.al\/index.php\/wp-json\/wp\/v2\/users\/4"}],"replies":[{"embeddable":true,"href":"https:\/\/rdnews.al\/index.php\/wp-json\/wp\/v2\/comments?post=124013"}],"version-history":[{"count":2,"href":"https:\/\/rdnews.al\/index.php\/wp-json\/wp\/v2\/posts\/124013\/revisions"}],"predecessor-version":[{"id":124016,"href":"https:\/\/rdnews.al\/index.php\/wp-json\/wp\/v2\/posts\/124013\/revisions\/124016"}],"wp:featuredmedia":[{"embeddable":true,"href":"https:\/\/rdnews.al\/index.php\/wp-json\/wp\/v2\/media\/124014"}],"wp:attachment":[{"href":"https:\/\/rdnews.al\/index.php\/wp-json\/wp\/v2\/media?parent=124013"}],"wp:term":[{"taxonomy":"category","embeddable":true,"href":"https:\/\/rdnews.al\/index.php\/wp-json\/wp\/v2\/categories?post=124013"},{"taxonomy":"post_tag","embeddable":true,"href":"https:\/\/rdnews.al\/index.php\/wp-json\/wp\/v2\/tags?post=124013"}],"curies":[{"name":"wp","href":"https:\/\/api.w.org\/{rel}","templated":true}]}}