{"id":124024,"date":"2025-09-24T09:08:29","date_gmt":"2025-09-24T09:08:29","guid":{"rendered":"https:\/\/rdnews.al\/?p=124024"},"modified":"2025-09-24T09:15:00","modified_gmt":"2025-09-24T09:15:00","slug":"berisha-peleshit-shenove-rekordin-me-te-zi-ne-historine-e-parlamentarizmit-ajo-seance-e-pashembullt-u-be-per-te-maskuar-erion-veliajn","status":"publish","type":"post","link":"https:\/\/rdnews.al\/index.php\/2025\/09\/24\/berisha-peleshit-shenove-rekordin-me-te-zi-ne-historine-e-parlamentarizmit-ajo-seance-e-pashembullt-u-be-per-te-maskuar-erion-veliajn\/","title":{"rendered":"Berisha-Peleshit: Sh\u00ebnove rekordin m\u00eb t\u00eb zi n\u00eb historin\u00eb e parlamentarizmit! Ajo seanc\u00eb e pashembullt u b\u00eb p\u00ebr t\u00eb maskuar Erion Veliajn"},"content":{"rendered":"<p>Kryetari i PD, Sali Berisha tha gjat\u00eb fjal\u00ebs s\u00eb tij tha se, Niko Peleshi si kryetar i Kuvendit ka sh\u00ebnuar rekordin m\u00eb t\u00eb zi historin\u00eb e parlamentarizmit duke mbyllur seanc\u00ebn e 18 shtatorit brenda 5 minutave pa lejuar debatin parlamentar p\u00ebr programin e qeveris\u00eb dhe kabinetin qeveritar.<\/p>\n<p>\u201cAkti i vet\u00ebm q\u00eb kjo seanc\u00eb mund t\u00eb b\u00ebj\u00eb p\u00ebr at\u00eb procesverbal, ta hedh\u00eb n\u00eb koshin e plehrave seanc\u00ebn dhe procesverbalin.<\/p>\n<p>Ai do mbetet n\u00eb arkivat e k\u00ebtij shteti si procesverbali m\u00eb i turpsh\u00ebm n\u00eb t\u00eb gjith\u00eb historin\u00eb e tij.<\/p>\n<p>Dhe ky turp do mbuloj\u00eb ata t\u00eb cil\u00ebt zhvilluan nj\u00eb seanc\u00eb si ajo, e pashembullt dhe e b\u00ebn\u00eb at\u00eb vet\u00ebm e vet\u00ebm p\u00ebr t\u00eb fshehur, p\u00ebr t\u00eb maskuar 18 Erion\u00eb Veliaj.<\/p>\n<p>Nuk mund t\u2019ia b\u00ebje vendit t\u00ebnd k\u00ebt\u00eb kurr\u00eb.<\/p>\n<p>Po citoj Kushtetut\u00ebn k\u00ebtu.\u00a0Por ti nuk mund t\u2019ia b\u00ebje vendit t\u00ebnd at\u00eb kurr\u00eb, pse nj\u00eb grup t\u00eb pap\u00ebrgjegjshmish, q\u00eb kan\u00eb turp dhe frik\u00eb nga vetja e tyre, nga rrezja e drit\u00ebs dhe transparenc\u00ebs, k\u00ebrkojn\u00eb t\u00eb kalojn\u00eb pa transparenc\u00eb, pa votim, pa asgj\u00eb.<\/p>\n<p>Ti sh\u00ebnove rekordin m\u00eb t\u00eb zi n\u00eb historin\u00eb e parlamentarizmit shqiptar, n\u00eb historin\u00eb e Europ\u00ebs, n\u00eb historin\u00eb e bot\u00ebs, t\u00eb \u00e7do regjimi. Ndaj dhe rikthe seanc\u00ebn, t\u00eb zhvillohet seanca.<\/p>\n<p>T\u00eb mos e kthej\u00eb Gjykata Kushtetuese, por ta kthej\u00eb parlamenti dhe t\u00eb b\u00ebhen zhvillimet.<\/p>\n<p>Ata q\u00eb kan\u00eb frik\u00eb nga vetja e tyre, ata t\u2019ia mbathin, le t\u00eb ikin.<\/p>\n<p>Kan\u00eb frik\u00eb t\u00eb dalin para qytetar\u00ebve p\u00ebr m\u00ebkatet e tyre, p\u00ebr vjedhjet q\u00eb kan\u00eb b\u00ebr\u00eb.<\/p>\n<p>Nuk \u00ebsht\u00eb p\u00ebrgjegj\u00ebsia jon\u00eb kjo, \u00ebsht\u00eb e atyre&#8221;, tha Berisha.<\/p>\n","protected":false},"excerpt":{"rendered":"<p>Kryetari i PD, Sali Berisha tha gjat\u00eb fjal\u00ebs s\u00eb tij tha se, Niko Peleshi si kryetar i Kuvendit ka sh\u00ebnuar rekordin m\u00eb t\u00eb zi historin\u00eb e parlamentarizmit duke mbyllur seanc\u00ebn e 18 shtatorit brenda 5 minutave pa lejuar debatin parlamentar p\u00ebr programin e qeveris\u00eb dhe kabinetin qeveritar. \u201cAkti i vet\u00ebm q\u00eb kjo seanc\u00eb mund t\u00eb &hellip;<\/p>\n","protected":false},"author":4,"featured_media":124028,"comment_status":"closed","ping_status":"closed","sticky":false,"template":"","format":"standard","meta":{"footnotes":""},"categories":[37],"tags":[],"class_list":["post-124024","post","type-post","status-publish","format-standard","has-post-thumbnail","","category-politike"],"_links":{"self":[{"href":"https:\/\/rdnews.al\/index.php\/wp-json\/wp\/v2\/posts\/124024","targetHints":{"allow":["GET"]}}],"collection":[{"href":"https:\/\/rdnews.al\/index.php\/wp-json\/wp\/v2\/posts"}],"about":[{"href":"https:\/\/rdnews.al\/index.php\/wp-json\/wp\/v2\/types\/post"}],"author":[{"embeddable":true,"href":"https:\/\/rdnews.al\/index.php\/wp-json\/wp\/v2\/users\/4"}],"replies":[{"embeddable":true,"href":"https:\/\/rdnews.al\/index.php\/wp-json\/wp\/v2\/comments?post=124024"}],"version-history":[{"count":2,"href":"https:\/\/rdnews.al\/index.php\/wp-json\/wp\/v2\/posts\/124024\/revisions"}],"predecessor-version":[{"id":124027,"href":"https:\/\/rdnews.al\/index.php\/wp-json\/wp\/v2\/posts\/124024\/revisions\/124027"}],"wp:featuredmedia":[{"embeddable":true,"href":"https:\/\/rdnews.al\/index.php\/wp-json\/wp\/v2\/media\/124028"}],"wp:attachment":[{"href":"https:\/\/rdnews.al\/index.php\/wp-json\/wp\/v2\/media?parent=124024"}],"wp:term":[{"taxonomy":"category","embeddable":true,"href":"https:\/\/rdnews.al\/index.php\/wp-json\/wp\/v2\/categories?post=124024"},{"taxonomy":"post_tag","embeddable":true,"href":"https:\/\/rdnews.al\/index.php\/wp-json\/wp\/v2\/tags?post=124024"}],"curies":[{"name":"wp","href":"https:\/\/api.w.org\/{rel}","templated":true}]}}