{"id":124125,"date":"2025-09-24T18:46:58","date_gmt":"2025-09-24T18:46:58","guid":{"rendered":"https:\/\/rdnews.al\/?p=124125"},"modified":"2025-09-24T19:21:42","modified_gmt":"2025-09-24T19:21:42","slug":"procesi-farse-kush-po-i-ben-presion-drejtesise-qe-mediu-te-denohet-me-2-vite-burg","status":"publish","type":"post","link":"https:\/\/rdnews.al\/index.php\/2025\/09\/24\/procesi-farse-kush-po-i-ben-presion-drejtesise-qe-mediu-te-denohet-me-2-vite-burg\/","title":{"rendered":"Procesi fars\u00eb\/ Kush po i b\u00ebn presion drejt\u00ebsis\u00eb q\u00eb Mediu t\u00eb d\u00ebnohet me burg?"},"content":{"rendered":"<p>U zhvillua sot n\u00eb Gjykat\u00ebn e Posa\u00e7me procesi ndaj ish-ministrit t\u00eb Mbrojtjes Fatmir Mediu, i akuzuar p\u00ebr ngjarjen e shp\u00ebrthimit n\u00eb G\u00ebrdec, p\u00ebr t\u00eb cil\u00ebn SPAK ka ngritur vepr\u00ebn penale shp\u00ebrdorim detyre n\u00eb dy raste.<\/p>\n<p>Mediu ishte vet\u00eb i pranish\u00ebm n\u00eb seanc\u00eb, teksa paraqiti dhe kund\u00ebrshtimet n\u00eb lidhje me akt-ekspertiza tekniko-ushtarake.<\/p>\n<p>\u201cEkspert\u00ebt e thirrur nga prokuroria ishin n\u00eb nivel t\u00eb ul\u00ebt ushtarak. Gjat\u00eb procesit disa ushtarak\u00eb t\u00eb lart\u00eb i kan\u00eb kund\u00ebrshtuar k\u00ebta ekspert\u00eb. N\u00eb k\u00ebt\u00eb sall\u00eb prokurori deklaroi se nuk kishte njohuri p\u00ebr kalibrat se ishte jurist. Procedimi penal \u00ebsht\u00eb ngritur n\u00eb m\u00ebnyr\u00eb t\u00eb q\u00ebllimshme nga Prokuroria e koh\u00ebs p\u00ebr ministrin e Mbrojtjes. Ministri nuk merret me \u00e7\u00ebshtje ushtarake. P\u00ebrgjegj\u00ebsia p\u00ebr k\u00ebto \u00e7\u00ebshtje i takon Shefit t\u00eb Shtabit t\u00eb P\u00ebrgjithsh\u00ebm dhe stafit ushtarak. Ministri i Mbrojtjes \u00ebsht\u00eb civil\u201d, ka th\u00ebn\u00eb Mediu nd\u00ebr t\u00eb tjera gjat\u00eb seanc\u00ebs.<\/p>\n<p>Mediu i ka kund\u00ebrshtuar her\u00eb pas here akuzat e ngritura, duke i cil\u00ebsuara si t\u00eb motivuara politikisht.<\/p>\n<p>Gjyqi ndaj tij vijon q\u00eb prej prillit 2023. Ngjarja ndodhi m\u00eb 15 mars 2008, n\u00eb ambientet e ish \u201cBrigad\u00ebs s\u00eb Tankeve\u201d n\u00eb G\u00ebrdec, ku humb\u00ebn jet\u00ebn 26 persona, pati shum\u00eb t\u00eb plagosur dhe d\u00ebme materiale.<\/p>\n<p>Sipas burimeve nga drejt\u00ebsia ka nj\u00eb presion ndaj saj q\u00eb Mediu t\u00eb d\u00ebnohet me burg se pse ashtu i teket t\u00eb \u201cmadhit\u201d dhe p\u00ebr ti mbyllur Mediut goj\u00ebn. Mediu ka qen\u00eb mjaft aktiv n\u00eb takimet me nd\u00ebrkomb\u00ebtar\u00ebt dhe stafin e af\u00ebrt t\u00eb Presidentit Trump.<\/p>\n<div class=\"c-flexy col2 \">\n<article class=\"a-card\">\n<div class=\"a-card_image\"><\/div>\n<\/article>\n<\/div>\n","protected":false},"excerpt":{"rendered":"<p>U zhvillua sot n\u00eb Gjykat\u00ebn e Posa\u00e7me procesi ndaj ish-ministrit t\u00eb Mbrojtjes Fatmir Mediu, i akuzuar p\u00ebr ngjarjen e shp\u00ebrthimit n\u00eb G\u00ebrdec, p\u00ebr t\u00eb cil\u00ebn SPAK ka ngritur vepr\u00ebn penale shp\u00ebrdorim detyre n\u00eb dy raste. Mediu ishte vet\u00eb i pranish\u00ebm n\u00eb seanc\u00eb, teksa paraqiti dhe kund\u00ebrshtimet n\u00eb lidhje me akt-ekspertiza tekniko-ushtarake. \u201cEkspert\u00ebt e thirrur nga &hellip;<\/p>\n","protected":false},"author":3,"featured_media":124126,"comment_status":"closed","ping_status":"closed","sticky":false,"template":"","format":"standard","meta":{"footnotes":""},"categories":[37],"tags":[],"class_list":["post-124125","post","type-post","status-publish","format-standard","has-post-thumbnail","","category-politike"],"_links":{"self":[{"href":"https:\/\/rdnews.al\/index.php\/wp-json\/wp\/v2\/posts\/124125","targetHints":{"allow":["GET"]}}],"collection":[{"href":"https:\/\/rdnews.al\/index.php\/wp-json\/wp\/v2\/posts"}],"about":[{"href":"https:\/\/rdnews.al\/index.php\/wp-json\/wp\/v2\/types\/post"}],"author":[{"embeddable":true,"href":"https:\/\/rdnews.al\/index.php\/wp-json\/wp\/v2\/users\/3"}],"replies":[{"embeddable":true,"href":"https:\/\/rdnews.al\/index.php\/wp-json\/wp\/v2\/comments?post=124125"}],"version-history":[{"count":3,"href":"https:\/\/rdnews.al\/index.php\/wp-json\/wp\/v2\/posts\/124125\/revisions"}],"predecessor-version":[{"id":124132,"href":"https:\/\/rdnews.al\/index.php\/wp-json\/wp\/v2\/posts\/124125\/revisions\/124132"}],"wp:featuredmedia":[{"embeddable":true,"href":"https:\/\/rdnews.al\/index.php\/wp-json\/wp\/v2\/media\/124126"}],"wp:attachment":[{"href":"https:\/\/rdnews.al\/index.php\/wp-json\/wp\/v2\/media?parent=124125"}],"wp:term":[{"taxonomy":"category","embeddable":true,"href":"https:\/\/rdnews.al\/index.php\/wp-json\/wp\/v2\/categories?post=124125"},{"taxonomy":"post_tag","embeddable":true,"href":"https:\/\/rdnews.al\/index.php\/wp-json\/wp\/v2\/tags?post=124125"}],"curies":[{"name":"wp","href":"https:\/\/api.w.org\/{rel}","templated":true}]}}