{"id":124140,"date":"2025-09-25T08:28:54","date_gmt":"2025-09-25T08:28:54","guid":{"rendered":"https:\/\/rdnews.al\/?p=124140"},"modified":"2025-09-25T08:48:48","modified_gmt":"2025-09-25T08:48:48","slug":"pse-edi-rama-synon-ta-zhbeje-traditen-turistike-ne-alpe","status":"publish","type":"post","link":"https:\/\/rdnews.al\/index.php\/2025\/09\/25\/pse-edi-rama-synon-ta-zhbeje-traditen-turistike-ne-alpe\/","title":{"rendered":"Pse Edi Rama synon ta zhb\u00ebj\u00eb tradit\u00ebn turistike n\u00eb Alpe?!"},"content":{"rendered":"<p><strong>Nga\u00a0Enver BYTY\u00c7I<\/strong><\/p>\n<p>T\u00eb mart\u00ebn e shkuar Edi Rama zbuloi q\u00ebllimin e dhun\u00ebs q\u00eb ai p\u00ebrdori n\u00eb Theth dhe n\u00eb Valbon\u00eb. Shpalosi planin p\u00ebr t\u00eb nd\u00ebrtuar resorte edhe n\u00eb male. Tha se s\u00eb shpejti do t\u00eb nd\u00ebrtohet nj\u00eb resort p\u00ebr ski. N\u00eb fund e krahasoi Shqip\u00ebrin\u00eb me Austrin\u00eb. \u201cN\u00eb male, tha, Shqip\u00ebria \u00ebsht\u00eb Austria e Mesdheut\u201d!<\/p>\n<p>E kam d\u00ebgjuar k\u00ebt\u00eb vler\u00ebsim n\u00eb vitin 2010, kur shoq\u00ebrova nj\u00eb delegacion t\u00eb Ministris\u00eb s\u00eb Kultur\u00ebs t\u00eb Kosov\u00ebs n\u00eb takim me kryeministrin e at\u00ebhersh\u00ebm, Sali Berisha. Ishin 14 an\u00ebtar\u00eb t\u00eb delegacionit t\u00eb kryesuar nga ministri, Lutfi Haziri. N\u00eb parantez\u00eb po publikoj p\u00ebr her\u00eb t\u00eb par\u00eb nj\u00eb \u201cincident\u201d t\u00eb vog\u00ebl t\u00eb takimit t\u00eb k\u00ebtij delegacioni me Berish\u00ebn.<\/p>\n<p>Parkuam makinat tek Hotel ROGNER dhe u nis\u00ebm n\u00eb k\u00ebmb\u00eb p\u00ebr n\u00eb takim me zotin Berisha. T\u00eb gjith\u00eb an\u00ebtar\u00ebt e delegacionit vinin pas nesh. Ministri Haziraj kthehet dhe u thot\u00eb se n\u00eb takim do t\u00eb ishin vet\u00ebm kat\u00ebr veta. Nj\u00ebmb\u00ebdhjet\u00eb t\u00eb tjer\u00ebt duhej t\u00eb ndaleshin. Por ata nj\u00ebz\u00ebri than\u00eb: &#8211; Ne e kemi par\u00eb Tiran\u00ebn. Erdh\u00ebm n\u00eb delegacion p\u00ebr ta takuar Sali Berish\u00ebn! N\u00eb k\u00ebt\u00eb moment mora n\u00eb telefon shefin e protokollit t\u00eb Doktorit, Kujtim Xhanin. I thash\u00eb se delegacioni do t\u00eb hyj\u00eb n\u00eb takim si\u00e7 \u00ebsht\u00eb me 14 persona. Ai tha jo, nuk mundemi. Gjith\u00e7ka \u00ebsht\u00eb b\u00ebr\u00eb gati. I thash\u00eb, se thuaj rojeve t\u00eb siguris\u00eb t\u00eb mos na ndalin, sepse t\u00eb gjith\u00eb do vijn\u00eb. Ata duan ta takojn\u00eb Berish\u00ebn. Duke ma njohur k\u00ebmb\u00ebnguljen time, shefi shkoi te Doktori dhe ia sqaroi situat\u00ebn. Megjith\u00ebse kishin mbetur vet\u00ebm 15 minuta nga koha e fillimit t\u00eb atij takimi, salla ku do t\u00eb b\u00ebhej u ndryshua dhe Sali Berisha i priti me p\u00ebrzem\u00ebrsi t\u00eb gjith\u00eb, pa p\u00ebrjashtim. Edhe shoferin e ministrit.<\/p>\n<p>Por nuk ishte ky q\u00ebllimi i k\u00ebtij shkrimi. Dua t\u00eb them se n\u00eb takimin Berisha-Haziraj m\u00eb s\u00eb shumti u fol p\u00ebr turizmin malor. Kryeministri sqaroi me detaje se \u00e7far\u00eb p\u00ebrfaq\u00ebsojn\u00eb Alpet e Shqip\u00ebris\u00eb, Kosov\u00ebs dhe Malit t\u00eb Zi p\u00ebr zhvillimin e k\u00ebtij turizmi. Madje b\u00ebri krahasime edhe me turizmin malor n\u00eb Autstri, Bavari dhe Zvic\u00ebr. \u201cAlpet tona, tha, jan\u00eb m\u00eb t\u00eb mirat, m\u00eb t\u00eb favorshme. Kjo sepse n\u00eb k\u00ebto alpe nuk ka vet\u00ebm male t\u00eb thepisura si n\u00eb Austri, Bavari dhe Zvic\u00ebr. \u00c7do mal ka pllaj\u00ebn e vet. Madje jo vet\u00ebm nj\u00eb pllaj\u00eb, por edhe dy e m\u00eb shum\u00eb t\u00eb tilla\u201d. Dhe m\u00eb pas shpjegoi pse \u00ebsht\u00eb e r\u00ebnd\u00ebsishme ta zhvillojm\u00eb me bashk\u00ebpunim midis tri vendeve k\u00ebt\u00eb turiz\u00ebm n\u00eb alpet tona. \u201cSepse, tha Berisha, Alpet e Shqip\u00ebris\u00eb i ka b\u00ebr\u00eb Zoti pa kufij midis shteteve. Ato b\u00ebhen atraktive vet\u00ebm n\u00ebse realizojm\u00eb investime t\u00eb p\u00ebrbashk\u00ebta p\u00ebr t\u2019i lidh zonat turistike me nj\u00ebra-tjetr\u00ebn. N\u00ebse b\u00ebjm\u00eb k\u00ebt\u00eb, tha ai, at\u00ebher\u00eb ne kemi krijuar nj\u00eb zon\u00eb nga m\u00eb t\u00eb mirat n\u00eb Evrop\u00eb p\u00ebr turiz\u00ebm malor\u201d!<\/p>\n<p>E ripohova k\u00ebt\u00eb fakt, k\u00ebt\u00eb bised\u00eb, t\u00eb cil\u00ebn mund ta rikonfirmojn\u00eb edhe ata q\u00eb ishin n\u00eb takim, p\u00ebr t\u00eb d\u00ebshmuar se nuk \u00ebsht\u00eb i pari Edi Rama, ai q\u00eb e m\u00ebsoi faktin se n\u00eb male \u201cShqip\u00ebria \u00ebsht\u00eb Austria e Mesdheut\u201d! Edi e ka m\u00ebsuar shum\u00eb von\u00eb k\u00ebt\u00eb. Mbasi Olsi ka b\u00ebr\u00eb disa her\u00eb sh\u00ebtitjet e veta n\u00eb zonat turistike t\u00eb veriut, sidomos n\u00eb Valbon\u00eb dhe n\u00eb Theth. Edhe vet\u00eb Rama ka shkuar n\u00eb Theth i nxitur nga tregimet e Olsit. Dhe tani, pas 12 vitesh i qenka mbush\u00eb mendja se \u201cMalet e Shqip\u00ebris\u00eb qenkan m\u00eb t\u00eb mirat\u201d! Nuk e artikulon fjal\u00ebn alpe, sepse nga Saranda para pak vitesh na thoshte ne \u201cmalok\u00ebve\u201d \u2013 Alpin\u00eb. E n\u00ebse promovon Alpet e Shqip\u00ebris\u00eb, at\u00ebher\u00eb bie alibia e tij, se \u201cAlpin\u00ebt qenkan njer\u00ebz arkaik\u00eb\u201d!, si\u00e7 na thoshte n\u00eb nj\u00eb rast tjet\u00ebr.<\/p>\n<p>Megjithat\u00eb shqet\u00ebsimi m\u00eb i madh \u00ebsht\u00eb se Edi Rama e ka vendosur tashm\u00eb se kujt do t\u2019i takojn\u00eb Alpet, pra malet e Shqip\u00ebris\u00eb\u201d! As diktatura kur e kolektivizoi tok\u00ebn e Mal\u00ebsis\u00eb, nuk ua mori fshatrave luginat, lumenjt\u00eb, prrojet, krojet, arat, livadhet, malet. Tha jan\u00eb pron\u00eb e p\u00ebrbashk\u00ebt e fshatit ose kooperativ\u00ebs, por jo e shtetit. Edi Rama ka vendosur t\u2019ua marr\u00eb mal\u00ebsor\u00ebve n\u00eb form\u00ebn e vet perverse. N\u00eb em\u00ebr t\u00eb \u201cresorteve\u201d. Duke zhduk trash\u00ebgimin\u00eb kulturore tradicionale t\u00eb mal\u00ebsis\u00eb n\u00eb mikpritjen e tyre, n\u00eb kulinari dhe n\u00eb gjith\u00e7ka tjet\u00ebr.<\/p>\n<p>Q\u00ebllimi \u00ebsht\u00eb ta tjet\u00ebrsoj\u00eb Mal\u00ebsin\u00eb. Ta zhb\u00ebj\u00eb at\u00eb. Ta rr\u00ebnoj\u00eb n\u00eb tradit\u00eb, dinjitet dhe integritet. Sepse k\u00ebto karakteristika jan\u00eb armiku i Edi Ram\u00ebs! N\u00eb vend q\u00eb t\u00eb flas\u00eb p\u00ebr investime n\u00eb infrastruktur\u00eb, si\u00e7 kishte projektin e tij, Sali Berisha. N\u00eb vend t\u00eb garantoj\u00eb kushtet e zhvillimit sipas nj\u00eb modeli tradicional e me plan, Edi Rama do t\u00eb krijoj\u00eb monopolin e tij turistik edhe n\u00eb Mal\u00ebsi, nj\u00ebsoj si n\u00eb Rivier\u00ebn e Vlor\u00ebs. N\u00ebse mal\u00ebsor\u00ebt trima e lejojn\u00eb, mir\u00eb t\u2019u b\u00ebhet. Megjithat\u00eb, tani po kuptohet qart\u00eb pse Edi Rama e shpopulloi Shqip\u00ebrin\u00eb. Q\u00eb \u201cta kap\u00eb loken e t\u2019ia marr\u00eb tok\u00ebn\u201d, shkruante Kol\u00eb Jakova n\u00eb dram\u00ebn \u201cToka jon\u00eb\u201d!<\/p>\n","protected":false},"excerpt":{"rendered":"<p>Nga\u00a0Enver BYTY\u00c7I T\u00eb mart\u00ebn e shkuar Edi Rama zbuloi q\u00ebllimin e dhun\u00ebs q\u00eb ai p\u00ebrdori n\u00eb Theth dhe n\u00eb Valbon\u00eb. Shpalosi planin p\u00ebr t\u00eb nd\u00ebrtuar resorte edhe n\u00eb male. Tha se s\u00eb shpejti do t\u00eb nd\u00ebrtohet nj\u00eb resort p\u00ebr ski. N\u00eb fund e krahasoi Shqip\u00ebrin\u00eb me Austrin\u00eb. \u201cN\u00eb male, tha, Shqip\u00ebria \u00ebsht\u00eb Austria e Mesdheut\u201d! &hellip;<\/p>\n","protected":false},"author":4,"featured_media":124151,"comment_status":"closed","ping_status":"closed","sticky":false,"template":"","format":"standard","meta":{"footnotes":""},"categories":[44],"tags":[],"class_list":["post-124140","post","type-post","status-publish","format-standard","has-post-thumbnail","","category-editorial"],"_links":{"self":[{"href":"https:\/\/rdnews.al\/index.php\/wp-json\/wp\/v2\/posts\/124140","targetHints":{"allow":["GET"]}}],"collection":[{"href":"https:\/\/rdnews.al\/index.php\/wp-json\/wp\/v2\/posts"}],"about":[{"href":"https:\/\/rdnews.al\/index.php\/wp-json\/wp\/v2\/types\/post"}],"author":[{"embeddable":true,"href":"https:\/\/rdnews.al\/index.php\/wp-json\/wp\/v2\/users\/4"}],"replies":[{"embeddable":true,"href":"https:\/\/rdnews.al\/index.php\/wp-json\/wp\/v2\/comments?post=124140"}],"version-history":[{"count":1,"href":"https:\/\/rdnews.al\/index.php\/wp-json\/wp\/v2\/posts\/124140\/revisions"}],"predecessor-version":[{"id":124141,"href":"https:\/\/rdnews.al\/index.php\/wp-json\/wp\/v2\/posts\/124140\/revisions\/124141"}],"wp:featuredmedia":[{"embeddable":true,"href":"https:\/\/rdnews.al\/index.php\/wp-json\/wp\/v2\/media\/124151"}],"wp:attachment":[{"href":"https:\/\/rdnews.al\/index.php\/wp-json\/wp\/v2\/media?parent=124140"}],"wp:term":[{"taxonomy":"category","embeddable":true,"href":"https:\/\/rdnews.al\/index.php\/wp-json\/wp\/v2\/categories?post=124140"},{"taxonomy":"post_tag","embeddable":true,"href":"https:\/\/rdnews.al\/index.php\/wp-json\/wp\/v2\/tags?post=124140"}],"curies":[{"name":"wp","href":"https:\/\/api.w.org\/{rel}","templated":true}]}}