{"id":124142,"date":"2025-09-25T08:34:34","date_gmt":"2025-09-25T08:34:34","guid":{"rendered":"https:\/\/rdnews.al\/?p=124142"},"modified":"2025-09-25T08:34:34","modified_gmt":"2025-09-25T08:34:34","slug":"kellici-thirret-ne-spak-per-padite-qe-ka-bere-ndaj-disa-zyrtareve-te-bashkise-tirane","status":"publish","type":"post","link":"https:\/\/rdnews.al\/index.php\/2025\/09\/25\/kellici-thirret-ne-spak-per-padite-qe-ka-bere-ndaj-disa-zyrtareve-te-bashkise-tirane\/","title":{"rendered":"K\u00eblli\u00e7i thirret n\u00eb SPAK p\u00ebr padit\u00eb q\u00eb ka b\u00ebr\u00eb ndaj disa zyrtar\u00ebve t\u00eb Bashkis\u00eb Tiran\u00eb"},"content":{"rendered":"<p>Deputeti i Partis\u00eb Demokratike, Belind K\u00eblli\u00e7i \u00ebsht\u00eb paraqitur n\u00eb SPAK m\u00ebngjesin e k\u00ebsaj t\u00eb enjte.<\/p>\n<p>M\u00ebsohet se K\u00eblli\u00e7i \u00ebsht\u00eb paraqitur p\u00ebr t\u2019u pyetur lidhur me kall\u00ebzimet q\u00eb ai ka depozituar pran\u00eb Prokuroris\u00eb s\u00eb Posa\u00e7me.<\/p>\n<p>An\u00ebtari i Kryesis\u00eb s\u00eb PD ka depozituar disa padi n\u00eb SPAK p\u00ebr abuzime n\u00eb Bashkin\u00eb e Tiran\u00ebs. K\u00eblli\u00e7i ishte nd\u00ebr denoncuesit e par\u00eb sa i takon afer\u00ebs \u201c5D\u201d duke \u00e7uar m\u00eb pas n\u00eb arrestimin e ish-zyrtar\u00ebve t\u00eb Bashkis\u00eb.<\/p>\n<p>N\u00eb gjyqin p\u00ebr ish-drejtor\u00ebt e bashkis\u00eb jan\u00eb disa d\u00ebshmitar\u00eb mes t\u00eb cil\u00ebve Arbjan Mazniku, Dritan Kadiu, Gazment Haxhia etj.<\/p>\n","protected":false},"excerpt":{"rendered":"<p>Deputeti i Partis\u00eb Demokratike, Belind K\u00eblli\u00e7i \u00ebsht\u00eb paraqitur n\u00eb SPAK m\u00ebngjesin e k\u00ebsaj t\u00eb enjte. M\u00ebsohet se K\u00eblli\u00e7i \u00ebsht\u00eb paraqitur p\u00ebr t\u2019u pyetur lidhur me kall\u00ebzimet q\u00eb ai ka depozituar pran\u00eb Prokuroris\u00eb s\u00eb Posa\u00e7me. An\u00ebtari i Kryesis\u00eb s\u00eb PD ka depozituar disa padi n\u00eb SPAK p\u00ebr abuzime n\u00eb Bashkin\u00eb e Tiran\u00ebs. K\u00eblli\u00e7i ishte nd\u00ebr denoncuesit &hellip;<\/p>\n","protected":false},"author":4,"featured_media":124143,"comment_status":"closed","ping_status":"closed","sticky":false,"template":"","format":"standard","meta":{"footnotes":""},"categories":[37],"tags":[],"class_list":["post-124142","post","type-post","status-publish","format-standard","has-post-thumbnail","","category-politike"],"_links":{"self":[{"href":"https:\/\/rdnews.al\/index.php\/wp-json\/wp\/v2\/posts\/124142","targetHints":{"allow":["GET"]}}],"collection":[{"href":"https:\/\/rdnews.al\/index.php\/wp-json\/wp\/v2\/posts"}],"about":[{"href":"https:\/\/rdnews.al\/index.php\/wp-json\/wp\/v2\/types\/post"}],"author":[{"embeddable":true,"href":"https:\/\/rdnews.al\/index.php\/wp-json\/wp\/v2\/users\/4"}],"replies":[{"embeddable":true,"href":"https:\/\/rdnews.al\/index.php\/wp-json\/wp\/v2\/comments?post=124142"}],"version-history":[{"count":1,"href":"https:\/\/rdnews.al\/index.php\/wp-json\/wp\/v2\/posts\/124142\/revisions"}],"predecessor-version":[{"id":124144,"href":"https:\/\/rdnews.al\/index.php\/wp-json\/wp\/v2\/posts\/124142\/revisions\/124144"}],"wp:featuredmedia":[{"embeddable":true,"href":"https:\/\/rdnews.al\/index.php\/wp-json\/wp\/v2\/media\/124143"}],"wp:attachment":[{"href":"https:\/\/rdnews.al\/index.php\/wp-json\/wp\/v2\/media?parent=124142"}],"wp:term":[{"taxonomy":"category","embeddable":true,"href":"https:\/\/rdnews.al\/index.php\/wp-json\/wp\/v2\/categories?post=124142"},{"taxonomy":"post_tag","embeddable":true,"href":"https:\/\/rdnews.al\/index.php\/wp-json\/wp\/v2\/tags?post=124142"}],"curies":[{"name":"wp","href":"https:\/\/api.w.org\/{rel}","templated":true}]}}