{"id":124148,"date":"2025-09-25T08:47:21","date_gmt":"2025-09-25T08:47:21","guid":{"rendered":"https:\/\/rdnews.al\/?p=124148"},"modified":"2025-09-25T09:47:49","modified_gmt":"2025-09-25T09:47:49","slug":"dosja-5d-kellici-ne-gjkko-u-qendroj-akuzave-kane-perfituar-25-milione-dollare","status":"publish","type":"post","link":"https:\/\/rdnews.al\/index.php\/2025\/09\/25\/dosja-5d-kellici-ne-gjkko-u-qendroj-akuzave-kane-perfituar-25-milione-dollare\/","title":{"rendered":"Dosja \u201c5D\u201d\/ K\u00eblli\u00e7i n\u00eb GJKKO: U q\u00ebndroj akuzave, kan\u00eb p\u00ebrfituar 25 milion\u00eb dollar\u00eb!"},"content":{"rendered":"<p>N\u00eb Gjykat\u00ebn e Posa\u00e7me ka nisur gjyqi p\u00ebr dosjen 5D, ku po hetohen ish drejtor\u00ebt e Bashkis\u00eb s\u00eb Tiran\u00ebs p\u00ebr nj\u00eb s\u00ebr\u00eb akuzash.<\/p>\n<p>N\u00eb d\u00ebshmin\u00eb e tij p\u00ebr togat e zeza t\u00eb GJKKO, ku \u00ebsht\u00eb paraqitur m\u00ebngjesin e k\u00ebsaj t\u00eb enjteje, Belind K\u00eblli\u00e7i \u00ebsht\u00eb shprehur se u q\u00ebndron akuzave t\u00eb tij p\u00ebr 5D, duke shtuar se ish zyrtar\u00ebt e Bashkis\u00eb Tiran\u00eb kan\u00eb p\u00ebrfituar nga skema korruptive, 25 milion\u00eb dollar\u00eb.<\/p>\n<p>\u2018T\u00eb gjith\u00eb informacionin e kam marr\u00eb n\u00eb shkurt \u2013 mars 2023, e kam dor\u00ebzuar si prov\u00eb n\u00eb organin e akuz\u00ebs. Po t\u00eb m\u00eb jepni koh\u00eb rikthehem dhe ju them gjith\u00e7ka q\u00eb disponoj. Nuk kam pasur dijeni mbi pyetjet q\u00eb do b\u00ebhen, dhe jam gati t\u2019i shqyrtoj dhe t\u00eb kthehem t\u2019i deklaroj. Kam dh\u00ebn\u00eb d\u00ebshmi n\u00eb SPAK dhe i q\u00ebndroj. 25 milion\u00eb dollar\u00eb \u00ebsht\u00eb p\u00ebrllogaritja q\u00eb kemi b\u00ebr\u00eb q\u00eb \u00ebsht\u00eb fituar nga 5D\u2019,\u00a0ka deklaruar n\u00eb seanc\u00eb K\u00eblli\u00e7i.<\/p>\n<p>Po ashtu n\u00eb GJKKO, d\u00ebshmi ka dh\u00ebn\u00eb edhe Ergys Senka, ish0administrator q\u00eb prej 2020. N\u00eb deklarimin e tij para trup\u00ebs gjykuese, Senka ka th\u00ebn\u00eb se nuk mban mend detajet nga kontrata q\u00eb ka dh\u00ebn\u00eb p\u00ebr kompanin\u00eb, Senka shpk, q\u00eb ka fituar tender n\u00eb Bashkin\u00eb e Tiran\u00ebs dhe q\u00eb aktualisht punon si ekonomist n\u00eb k\u00ebt\u00eb kompani.<\/p>\n<p>\u2018N\u00eb Senka shpk p\u00ebr momentin jam ekonomist. Kam qen\u00eb 3-4 vjet administrator. M\u00eb 2020 kam qen\u00eb admininistrator. Keni marr\u00eb pjes\u00eb n\u00eb nd\u00ebrtimin e nj\u00eb uj\u00ebsjell\u00ebsi n\u00eb rrug\u00ebn \u2018Aleksand\u00ebr Moisiu\u2019. Puna ishte q\u00eb ne dhe kompania tjet\u00ebr kishim mbar\u00ebvajtjen e punimeve. Aty njoha Nestor Muhametllarin dhe lindi ideja p\u00ebr t\u00eb marr\u00eb pjes\u00eb n\u00eb k\u00ebt\u00eb procedur\u00eb. Procedura \u00ebsht\u00eb negociuar me mua. Nga ana tjet\u00ebr e \u2018Vas konstruksion\u2019, ka qen\u00eb vet\u00ebm Nestori. Nuk mbaj mend detaje, nuk e kujtoj p\u00ebrqindjen e ndarjes s\u00eb k\u00ebsaj kontrate. Ishte periudha e covidit, ishte kontrat\u00eb me vler\u00eb jo shum\u00eb t\u00eb madhe, pata nj\u00eb siklet q\u00eb m\u2019u krijua me familjen, mamaja u s\u00ebmur, jemi biznes familjar, dhe u t\u00ebrhoqa nga marr\u00ebdh\u00ebnia, u thash\u00eb vazhdoni ju sa t\u00eb zgjidh k\u00ebto hallet, se ishte situat\u00eb v\u00ebrtet\u2026\u2018, ka deklaruar Senka.<\/p>\n","protected":false},"excerpt":{"rendered":"<p>N\u00eb Gjykat\u00ebn e Posa\u00e7me ka nisur gjyqi p\u00ebr dosjen 5D, ku po hetohen ish drejtor\u00ebt e Bashkis\u00eb s\u00eb Tiran\u00ebs p\u00ebr nj\u00eb s\u00ebr\u00eb akuzash. N\u00eb d\u00ebshmin\u00eb e tij p\u00ebr togat e zeza t\u00eb GJKKO, ku \u00ebsht\u00eb paraqitur m\u00ebngjesin e k\u00ebsaj t\u00eb enjteje, Belind K\u00eblli\u00e7i \u00ebsht\u00eb shprehur se u q\u00ebndron akuzave t\u00eb tij p\u00ebr 5D, duke shtuar &hellip;<\/p>\n","protected":false},"author":4,"featured_media":124154,"comment_status":"closed","ping_status":"closed","sticky":false,"template":"","format":"standard","meta":{"footnotes":""},"categories":[37],"tags":[],"class_list":["post-124148","post","type-post","status-publish","format-standard","has-post-thumbnail","","category-politike"],"_links":{"self":[{"href":"https:\/\/rdnews.al\/index.php\/wp-json\/wp\/v2\/posts\/124148","targetHints":{"allow":["GET"]}}],"collection":[{"href":"https:\/\/rdnews.al\/index.php\/wp-json\/wp\/v2\/posts"}],"about":[{"href":"https:\/\/rdnews.al\/index.php\/wp-json\/wp\/v2\/types\/post"}],"author":[{"embeddable":true,"href":"https:\/\/rdnews.al\/index.php\/wp-json\/wp\/v2\/users\/4"}],"replies":[{"embeddable":true,"href":"https:\/\/rdnews.al\/index.php\/wp-json\/wp\/v2\/comments?post=124148"}],"version-history":[{"count":1,"href":"https:\/\/rdnews.al\/index.php\/wp-json\/wp\/v2\/posts\/124148\/revisions"}],"predecessor-version":[{"id":124150,"href":"https:\/\/rdnews.al\/index.php\/wp-json\/wp\/v2\/posts\/124148\/revisions\/124150"}],"wp:featuredmedia":[{"embeddable":true,"href":"https:\/\/rdnews.al\/index.php\/wp-json\/wp\/v2\/media\/124154"}],"wp:attachment":[{"href":"https:\/\/rdnews.al\/index.php\/wp-json\/wp\/v2\/media?parent=124148"}],"wp:term":[{"taxonomy":"category","embeddable":true,"href":"https:\/\/rdnews.al\/index.php\/wp-json\/wp\/v2\/categories?post=124148"},{"taxonomy":"post_tag","embeddable":true,"href":"https:\/\/rdnews.al\/index.php\/wp-json\/wp\/v2\/tags?post=124148"}],"curies":[{"name":"wp","href":"https:\/\/api.w.org\/{rel}","templated":true}]}}