{"id":124152,"date":"2025-09-25T09:45:39","date_gmt":"2025-09-25T09:45:39","guid":{"rendered":"https:\/\/rdnews.al\/?p=124152"},"modified":"2025-09-25T09:45:39","modified_gmt":"2025-09-25T09:45:39","slug":"provokoi-kellicin-gjobitet-avokati-i-redi-molles-gjyqtarja-mesa-duket-dikujt-i-paska-hyre-ne-xhep-5d","status":"publish","type":"post","link":"https:\/\/rdnews.al\/index.php\/2025\/09\/25\/provokoi-kellicin-gjobitet-avokati-i-redi-molles-gjyqtarja-mesa-duket-dikujt-i-paska-hyre-ne-xhep-5d\/","title":{"rendered":"Provokoi K\u00eblli\u00e7in, gjobitet avokati i Redi Moll\u00ebs! Gjyqtarja: Mesa duket, dikujt i paska hyr\u00eb n\u00eb xhep 5D"},"content":{"rendered":"<p>Seanca p\u00ebr dosjen \u20185D\u2019 po vijon n\u00eb Gjykat\u00ebn e Posa\u00e7me ku Belind K\u00eblli\u00e7i \u00ebsht\u00eb pyetur nga mbrojtja e t\u00eb akuzuarve n\u00eb seanc\u00ebn e thirrjes s\u00eb d\u00ebshmitar\u00ebve.<\/p>\n<p>Sipas raportimeve, avokati i Redi Moll\u00ebs, nj\u00eb prej ish-drejtor\u00ebve t\u00eb Bashkis\u00eb s\u00eb Tiran\u00ebs i cili ndodhet n\u00ebn akuz\u00eb nga SPAK, ka pyetur deputetin Belind K\u00eblli\u00e7i mbi detyr\u00ebn q\u00eb mbante kur ka b\u00ebr\u00eb denoncimin, lidhur me afer\u00ebn korruptive 5D n\u00eb Bashkin\u00eb e Tian\u00ebs.<\/p>\n<p>N\u00eb kund\u00ebrp\u00ebrgjigje, K\u00eblli\u00e7i ka deklaruar se asokohe ka qen\u00eb kandidat zyrtar i PD p\u00ebr zgjedhjet lokale n\u00eb kryeqytet, nd\u00ebrsa kall\u00ebzimin n\u00eb SPAK e ka depozituar n\u00eb cil\u00ebsin\u00eb e ligjv\u00ebn\u00ebsit, ende pa nisur gar\u00ebn zgjedhore p\u00ebr Tiran\u00ebn.<\/p>\n<p>Nd\u00ebrkoh\u00eb nuk kan\u00eb munguar as provokimet n\u00eb sall\u00eb nga ana e avokatit t\u00eb Redi Moll\u00ebs ndaj K\u00eblli\u00e7it, ku \u00ebsht\u00eb dashur nd\u00ebrhyrja e gjyqtares relatore, Flora Hajradinaj p\u00ebr t\u2019i t\u00ebrhequr v\u00ebrjetje.<\/p>\n<p><strong>Denion\u00a0Bogdani, avokat i Redi Moll\u00ebs:<\/strong>\u00a0\u00c7far\u00eb detyre mbanit kur erdhi denoncimi anonim?<\/p>\n<p><strong>K\u00eblli\u00e7i:<\/strong>\u00a0Kandidat zyrtar i PD p\u00ebr zgjedhjet lokale p\u00ebr Tiran\u00ebn. Kur kam b\u00ebr\u00eb kall\u00ebzimin kam qen\u00eb deputet n\u00eb dy jav\u00ebt e fundit t\u00eb mandatit. Informacionin anonim ia kam bashkangjitur kall\u00ebzimit. Deklaratave t\u00eb mia publike iu q\u00ebndroj t\u00eb gjithave dit\u00ebn q\u00eb kam depozituar kall\u00ebzimin un\u00eb e quaj kapitull t\u00eb mbyllur. Duke iu referuar n\u00eb vijim daljes n\u00eb media t\u00eb t\u00eb dh\u00ebnave hetimore, nuk kam b\u00ebr\u00eb kall\u00ebzim tjet\u00ebr, por kam mbajtur q\u00ebndrimet e mia.<\/p>\n<p><strong>Denion Bogdani, avokat i Redi Moll\u00ebs:<\/strong>\u00a0Kujt i hyjn\u00eb n\u00eb xhep kall\u00ebzimet e Belind K\u00eblli\u00e7it?!<\/p>\n<p><strong>Relatorja Flora Hajredinaj:<\/strong>\u00a0Kujdes me q\u00ebndrimet avokat, se me sa duket dikujt i paska hyr\u00eb n\u00eb xhep!<\/p>\n<p><strong>Denion Bogdani:<\/strong>\u00a0Keni nd\u00ebrmend t\u00eb kandidoni p\u00ebr Bashkin\u00eb e Tiran\u00ebs se \u00ebsht\u00eb n\u00eb burg Redi Molla nuk t\u2019i vjedh m\u00eb dot zgjedhjet\u2026<\/p>\n<p>Pas k\u00ebtij debati, \u00ebsht\u00eb dashur s\u00ebrish nd\u00ebrhyrja e Gjykat\u00ebs e cila d\u00ebnoi me 20 mij\u00eb lek\u00eb gjob\u00eb avokatin e Redi Moll\u00ebs, p\u00ebr shkaktimin e situatave q\u00eb thyejn\u00eb solemnitetin e gjykat\u00ebs, nd\u00ebrsa e ka paralajm\u00ebruar se do ta nxjerr\u00eb nga seanca n\u00ebse vijon me provokimet.<\/p>\n","protected":false},"excerpt":{"rendered":"<p>Seanca p\u00ebr dosjen \u20185D\u2019 po vijon n\u00eb Gjykat\u00ebn e Posa\u00e7me ku Belind K\u00eblli\u00e7i \u00ebsht\u00eb pyetur nga mbrojtja e t\u00eb akuzuarve n\u00eb seanc\u00ebn e thirrjes s\u00eb d\u00ebshmitar\u00ebve. Sipas raportimeve, avokati i Redi Moll\u00ebs, nj\u00eb prej ish-drejtor\u00ebve t\u00eb Bashkis\u00eb s\u00eb Tiran\u00ebs i cili ndodhet n\u00ebn akuz\u00eb nga SPAK, ka pyetur deputetin Belind K\u00eblli\u00e7i mbi detyr\u00ebn q\u00eb mbante &hellip;<\/p>\n","protected":false},"author":4,"featured_media":124149,"comment_status":"closed","ping_status":"closed","sticky":false,"template":"","format":"standard","meta":{"footnotes":""},"categories":[37],"tags":[],"class_list":["post-124152","post","type-post","status-publish","format-standard","has-post-thumbnail","","category-politike"],"_links":{"self":[{"href":"https:\/\/rdnews.al\/index.php\/wp-json\/wp\/v2\/posts\/124152","targetHints":{"allow":["GET"]}}],"collection":[{"href":"https:\/\/rdnews.al\/index.php\/wp-json\/wp\/v2\/posts"}],"about":[{"href":"https:\/\/rdnews.al\/index.php\/wp-json\/wp\/v2\/types\/post"}],"author":[{"embeddable":true,"href":"https:\/\/rdnews.al\/index.php\/wp-json\/wp\/v2\/users\/4"}],"replies":[{"embeddable":true,"href":"https:\/\/rdnews.al\/index.php\/wp-json\/wp\/v2\/comments?post=124152"}],"version-history":[{"count":1,"href":"https:\/\/rdnews.al\/index.php\/wp-json\/wp\/v2\/posts\/124152\/revisions"}],"predecessor-version":[{"id":124153,"href":"https:\/\/rdnews.al\/index.php\/wp-json\/wp\/v2\/posts\/124152\/revisions\/124153"}],"wp:featuredmedia":[{"embeddable":true,"href":"https:\/\/rdnews.al\/index.php\/wp-json\/wp\/v2\/media\/124149"}],"wp:attachment":[{"href":"https:\/\/rdnews.al\/index.php\/wp-json\/wp\/v2\/media?parent=124152"}],"wp:term":[{"taxonomy":"category","embeddable":true,"href":"https:\/\/rdnews.al\/index.php\/wp-json\/wp\/v2\/categories?post=124152"},{"taxonomy":"post_tag","embeddable":true,"href":"https:\/\/rdnews.al\/index.php\/wp-json\/wp\/v2\/tags?post=124152"}],"curies":[{"name":"wp","href":"https:\/\/api.w.org\/{rel}","templated":true}]}}