{"id":124213,"date":"2025-09-25T19:09:28","date_gmt":"2025-09-25T19:09:28","guid":{"rendered":"https:\/\/rdnews.al\/?p=124213"},"modified":"2025-09-25T19:12:28","modified_gmt":"2025-09-25T19:12:28","slug":"pergjimet-e-antimafias-per-ramen-dy-kullat-per-te-cilat-u-diskutua-ne-aruba","status":"publish","type":"post","link":"https:\/\/rdnews.al\/index.php\/2025\/09\/25\/pergjimet-e-antimafias-per-ramen-dy-kullat-per-te-cilat-u-diskutua-ne-aruba\/","title":{"rendered":"P\u00ebrgjimet e Antimafias p\u00ebr Ram\u00ebn\/ Dy kullat p\u00ebr t\u00eb cilat u diskutua n\u00eb Aruba"},"content":{"rendered":"<p><strong>Sali BERISHA<\/strong><\/p>\n<p>Nj\u00eb grup ministrash, bashk\u00ebpun\u00ebtor\u00eb t\u00eb narkoterrorizmit nd\u00ebrkomb\u00ebtar, kan\u00eb udh\u00ebtuar me nj\u00eb \u00e7arter n\u00eb Aruba, q\u00eb \u00ebsht\u00eb nj\u00eb nga zonat m\u00eb t\u00eb hapura, m\u00eb t\u00eb lira t\u00eb bot\u00ebs, protektorat i Mbret\u00ebris\u00eb s\u00eb Holand\u00ebs.<\/p>\n<p>Interceptimet p\u00ebr arsye, ta themi politike, ndon\u00ebse i kan\u00eb em\u00ebr p\u00ebr em\u00ebr pjes\u00ebmarr\u00ebsit qeveritar\u00eb n\u00eb takim, nuk jan\u00eb b\u00ebr\u00eb publike.<\/p>\n<p>Por autori nuk ka m\u00eb asnj\u00eb dyshim se kan\u00eb qen\u00eb ministra, zyrtar\u00eb t\u00eb lart\u00eb t\u00eb qeveris\u00eb s\u00eb Edi Ram\u00ebs, dhe n\u00eb mund\u00ebsin\u00eb m\u00eb t\u00eb madhe, vet\u00eb Edi Rama.<\/p>\n<p>N\u00eb nj\u00eb takim fam\u00ebzi ku \u00ebsht\u00eb diskutuar p\u00ebr Syrin e Tiranes dhe Malin e Tiran\u00ebs, p\u00ebr kullat dhe st\u00ebrkullat e Tiran\u00ebs, sipas interceptimeve t\u00eb sakta t\u00eb antimafies italiane.<\/p>\n<p>K\u00ebto interceptime disponohen dhe nga disa agjenci t\u00eb tjera t\u00eb vendeve partnere, Belgjika, Mbret\u00ebria e Holand\u00ebs dhe agjenci t\u00eb tjera.<\/p>\n<p>Por un\u00eb citoj k\u00ebto se kan\u00eb dal\u00eb n\u00eb procese gjyq\u00ebsore, nuk jam i autorizuar t\u00eb citoj agjenci q\u00eb nuk b\u00ebjn\u00eb njoftim se e disponojn\u00eb dosjen Aruba.<\/p>\n<p>Pra, si\u00e7 e shihni, ne kemi nj\u00eb kryeminist\u00ebr dhe nj\u00eb kabinet q\u00eb \u00ebsht\u00eb bashk\u00ebpun\u00ebtor i ngusht\u00eb i atyre q\u00eb jan\u00eb shpallur sot organizata narko-terroriste nd\u00ebrkomb\u00ebtare.<\/p>\n","protected":false},"excerpt":{"rendered":"<p>Sali BERISHA Nj\u00eb grup ministrash, bashk\u00ebpun\u00ebtor\u00eb t\u00eb narkoterrorizmit nd\u00ebrkomb\u00ebtar, kan\u00eb udh\u00ebtuar me nj\u00eb \u00e7arter n\u00eb Aruba, q\u00eb \u00ebsht\u00eb nj\u00eb nga zonat m\u00eb t\u00eb hapura, m\u00eb t\u00eb lira t\u00eb bot\u00ebs, protektorat i Mbret\u00ebris\u00eb s\u00eb Holand\u00ebs. Interceptimet p\u00ebr arsye, ta themi politike, ndon\u00ebse i kan\u00eb em\u00ebr p\u00ebr em\u00ebr pjes\u00ebmarr\u00ebsit qeveritar\u00eb n\u00eb takim, nuk jan\u00eb b\u00ebr\u00eb publike. Por &hellip;<\/p>\n","protected":false},"author":3,"featured_media":124216,"comment_status":"closed","ping_status":"closed","sticky":false,"template":"","format":"standard","meta":{"footnotes":""},"categories":[37],"tags":[],"class_list":["post-124213","post","type-post","status-publish","format-standard","has-post-thumbnail","","category-politike"],"_links":{"self":[{"href":"https:\/\/rdnews.al\/index.php\/wp-json\/wp\/v2\/posts\/124213","targetHints":{"allow":["GET"]}}],"collection":[{"href":"https:\/\/rdnews.al\/index.php\/wp-json\/wp\/v2\/posts"}],"about":[{"href":"https:\/\/rdnews.al\/index.php\/wp-json\/wp\/v2\/types\/post"}],"author":[{"embeddable":true,"href":"https:\/\/rdnews.al\/index.php\/wp-json\/wp\/v2\/users\/3"}],"replies":[{"embeddable":true,"href":"https:\/\/rdnews.al\/index.php\/wp-json\/wp\/v2\/comments?post=124213"}],"version-history":[{"count":2,"href":"https:\/\/rdnews.al\/index.php\/wp-json\/wp\/v2\/posts\/124213\/revisions"}],"predecessor-version":[{"id":124218,"href":"https:\/\/rdnews.al\/index.php\/wp-json\/wp\/v2\/posts\/124213\/revisions\/124218"}],"wp:featuredmedia":[{"embeddable":true,"href":"https:\/\/rdnews.al\/index.php\/wp-json\/wp\/v2\/media\/124216"}],"wp:attachment":[{"href":"https:\/\/rdnews.al\/index.php\/wp-json\/wp\/v2\/media?parent=124213"}],"wp:term":[{"taxonomy":"category","embeddable":true,"href":"https:\/\/rdnews.al\/index.php\/wp-json\/wp\/v2\/categories?post=124213"},{"taxonomy":"post_tag","embeddable":true,"href":"https:\/\/rdnews.al\/index.php\/wp-json\/wp\/v2\/tags?post=124213"}],"curies":[{"name":"wp","href":"https:\/\/api.w.org\/{rel}","templated":true}]}}