{"id":124214,"date":"2025-09-25T19:09:19","date_gmt":"2025-09-25T19:09:19","guid":{"rendered":"https:\/\/rdnews.al\/?p=124214"},"modified":"2025-09-25T19:09:19","modified_gmt":"2025-09-25T19:09:19","slug":"deputetja-e-pd-denoncon-skandalin-2-5-milion-euro-per-ujesjellesin-banoret-ende-pa-uje-te-pijshem","status":"publish","type":"post","link":"https:\/\/rdnews.al\/index.php\/2025\/09\/25\/deputetja-e-pd-denoncon-skandalin-2-5-milion-euro-per-ujesjellesin-banoret-ende-pa-uje-te-pijshem\/","title":{"rendered":"Deputetja e PD denoncon skandalin: 2.5 milion euro p\u00ebr uj\u00ebsjell\u00ebsin, banor\u00ebt ende pa uj\u00eb t\u00eb pijsh\u00ebm!"},"content":{"rendered":"<p>Deputetja e PD, Denisa Vata ka denoncuar nj\u00eb skandal lidhur me uj\u00ebsjell\u00ebsin e fshatit Kurdari n\u00eb Bashkin\u00eb Klos, ku sipas saj, qytetar\u00ebt jan\u00eb duke konsumuar uj\u00eb vaditjeje n\u00eb vend t\u00eb ujit t\u00eb pijsh\u00ebm, pas nj\u00eb investimi prej 2.5 milion\u00eb euro.<\/p>\n<p>Projekti, i financuar nga Fondi Shqiptar i Zhvillimit dhe bashk\u00ebfinancuar nga bashkia, \u00ebsht\u00eb kthyer n\u00eb nj\u00eb fars\u00eb higjieno-sanitare shkruan deputetja Vatan \u00eb FB, ku tubat p\u00ebr uj\u00eb t\u00eb pijsh\u00ebm jan\u00eb lidhur me kanalet ku pin\u00eb bag\u00ebtit\u00eb.<\/p>\n<p>Vata i b\u00ebn thirrje Prokuroris\u00eb s\u00eb Qarkut Dib\u00ebr t\u00eb nis\u00eb menj\u00ebher\u00eb hetimet p\u00ebr k\u00ebt\u00eb q\u00eb e cil\u00ebson si nj\u00eb abuzim me fondet publike dhe nj\u00eb krim ndaj sh\u00ebndetit t\u00eb qytetar\u00ebve.<\/p>\n<p><strong style=\"font-style: inherit;\">Reagimi<\/strong><\/p>\n<p>Skandali i uj\u00ebsjell\u00ebsit t\u00eb Kurdaris\u00eb ,qytetar\u00ebt pin\u00eb uj\u00eb vaditjeje p\u00ebr 2.5 milion\u00eb euro!<\/p>\n<p><span style=\"font-style: inherit; font-weight: inherit;\">Uj\u00ebsjell\u00ebsi i Kurdaris\u00eb ka nisur nd\u00ebrtimin rreth viteve 2018\u20132019 dhe ka p\u00ebrfunduar vet\u00ebm 2\u20133 vite m\u00eb par\u00eb, me nj\u00eb kosto prej 2.5 milion\u00eb euro. Investim i madh, i financuar nga Fondi Shqiptar i Zhvillimit dhe me 10% bashk\u00ebfinancim nga Bashkia Klos, me premtimin p\u00ebr furnizim t\u00eb sigurt me uj\u00eb t\u00eb pijsh\u00ebm.<\/span><\/p>\n<p>Por realiteti i sot\u00ebm \u00ebsht\u00eb i trisht\u00eb: n\u00eb gusht, banor\u00ebt e Kurdaris\u00eb, Sk\u00ebnderajt, Su\u00e7it, Kujtimit dhe Shulbaterrit m\u00eb denoncuan munges\u00ebn e ujit. Pas kontaktit tim me Drejtorin\u00eb e Uj\u00ebsjell\u00ebsit me qend\u00ebr n\u00eb Bulqiz\u00eb, m\u00eb siguruan se \u201cproblemi do t\u00eb zgjidhej\u201d.<\/p>\n<p>Dhe \u201czgjidhja\u201d ishte kjo: t\u00eb fusin n\u00eb uj\u00ebmbledh\u00ebsin e uj\u00ebsjell\u00ebsit ujin q\u00eb p\u00ebrdoret p\u00ebr vaditje, nga nj\u00eb kanal natyror ku pin\u00eb edhe bag\u00ebtit\u00eb.<\/p>\n<p>Pastaj nisi komedia e hidhur:<\/p>\n<p>Nj\u00ebri punonj\u00ebs tha se po \u201clanin uj\u00ebmbledh\u00ebsin e ujit t\u00eb pijsh\u00ebm me ujin e vaditjes\u201d. Pra, qytetar\u00ebt do t\u00eb pin\u00eb \u201cuj\u00eb t\u00eb lar\u00eb\u201d!<\/p>\n<p>Nj\u00eb tjet\u00ebr tha se \u201cbanor\u00ebt e kan\u00eb vjedhur ujin historikisht p\u00ebr vaditje\u201d. Pra, sipas tij, faji \u00ebsht\u00eb i qytetar\u00ebve!<\/p>\n<p>Nd\u00ebrsa p\u00ebrgjegj\u00ebsi i uj\u00ebsjell\u00ebsit n\u00eb Klos, Kastriot Pjetri, deklaroi se \u201ctubi plastik \u00ebsht\u00eb p\u00ebrdorur historikisht p\u00ebr vaditje\u201d.<\/p>\n<p>Pyetja \u00ebsht\u00eb:<\/p>\n<p>N\u00ebse tubi qenka p\u00ebr vaditje, pse \u00ebsht\u00eb futur brenda n\u00eb uj\u00ebmbledh\u00ebsin e ujit t\u00eb pijsh\u00ebm?<\/p>\n<p>A vadisin qytetar\u00ebt me \u201cujin e pijsh\u00ebm\u201d q\u00eb paguajn\u00eb \u00e7do muaj fatur\u00ebn?<\/p>\n<p>Ironi m\u00eb t\u00eb r\u00ebnd\u00eb ndaj inteligjenc\u00ebs s\u00eb banor\u00ebve nuk ka!<\/p>\n<p>I b\u00ebj thirrje Prokuroris\u00eb s\u00eb Qarkut Dib\u00ebr t\u00eb nis\u00eb menj\u00ebher\u00eb hetimet p\u00ebr k\u00ebt\u00eb rast, sepse banor\u00ebt e Kurdaris\u00eb nuk po gjejn\u00eb qet\u00ebsi.<\/p>\n<p>Ky \u00ebsht\u00eb nj\u00eb abuzim i r\u00ebnd\u00eb me fondet publike dhe nj\u00eb krim higjeno-sanitar ndaj qindra familjeve.<\/p>\n<p>Dhe mos harrojm\u00eb: pak muaj para zgjedhjeve, nj\u00eb leje p\u00ebr nd\u00ebrtimin e nj\u00eb HEC-i iu dha ish-kandidatit t\u00eb PS, z. Doma, pa asnj\u00eb d\u00ebgjes\u00eb publike.<\/p>\n<p>Edhe HEC-et, edhe Drejtoria e Uj\u00ebsjell\u00ebsit jan\u00eb n\u00eb var\u00ebsi t\u00eb Ministris\u00eb s\u00eb Infrastruktur\u00ebs dhe Energjis\u00eb, pra n\u00eb var\u00ebsi direkte t\u00eb ministres Belinda Balluku.<\/p>\n<p>Qytetar\u00ebve u mohohet uji i pijsh\u00ebm, nd\u00ebrsa uji i lumit jepet me koncesione politike.<\/p>\n<p>P\u00ebr ta provuar k\u00ebt\u00eb q\u00eb them, po publikoj edhe videot e b\u00ebra disa or\u00eb m\u00eb par\u00eb n\u00eb vendngjarje.<\/p>\n","protected":false},"excerpt":{"rendered":"<p>Deputetja e PD, Denisa Vata ka denoncuar nj\u00eb skandal lidhur me uj\u00ebsjell\u00ebsin e fshatit Kurdari n\u00eb Bashkin\u00eb Klos, ku sipas saj, qytetar\u00ebt jan\u00eb duke konsumuar uj\u00eb vaditjeje n\u00eb vend t\u00eb ujit t\u00eb pijsh\u00ebm, pas nj\u00eb investimi prej 2.5 milion\u00eb euro. Projekti, i financuar nga Fondi Shqiptar i Zhvillimit dhe bashk\u00ebfinancuar nga bashkia, \u00ebsht\u00eb kthyer n\u00eb &hellip;<\/p>\n","protected":false},"author":4,"featured_media":97838,"comment_status":"closed","ping_status":"closed","sticky":false,"template":"","format":"standard","meta":{"footnotes":""},"categories":[37],"tags":[],"class_list":["post-124214","post","type-post","status-publish","format-standard","has-post-thumbnail","","category-politike"],"_links":{"self":[{"href":"https:\/\/rdnews.al\/index.php\/wp-json\/wp\/v2\/posts\/124214","targetHints":{"allow":["GET"]}}],"collection":[{"href":"https:\/\/rdnews.al\/index.php\/wp-json\/wp\/v2\/posts"}],"about":[{"href":"https:\/\/rdnews.al\/index.php\/wp-json\/wp\/v2\/types\/post"}],"author":[{"embeddable":true,"href":"https:\/\/rdnews.al\/index.php\/wp-json\/wp\/v2\/users\/4"}],"replies":[{"embeddable":true,"href":"https:\/\/rdnews.al\/index.php\/wp-json\/wp\/v2\/comments?post=124214"}],"version-history":[{"count":1,"href":"https:\/\/rdnews.al\/index.php\/wp-json\/wp\/v2\/posts\/124214\/revisions"}],"predecessor-version":[{"id":124215,"href":"https:\/\/rdnews.al\/index.php\/wp-json\/wp\/v2\/posts\/124214\/revisions\/124215"}],"wp:featuredmedia":[{"embeddable":true,"href":"https:\/\/rdnews.al\/index.php\/wp-json\/wp\/v2\/media\/97838"}],"wp:attachment":[{"href":"https:\/\/rdnews.al\/index.php\/wp-json\/wp\/v2\/media?parent=124214"}],"wp:term":[{"taxonomy":"category","embeddable":true,"href":"https:\/\/rdnews.al\/index.php\/wp-json\/wp\/v2\/categories?post=124214"},{"taxonomy":"post_tag","embeddable":true,"href":"https:\/\/rdnews.al\/index.php\/wp-json\/wp\/v2\/tags?post=124214"}],"curies":[{"name":"wp","href":"https:\/\/api.w.org\/{rel}","templated":true}]}}