{"id":124240,"date":"2025-09-26T10:06:06","date_gmt":"2025-09-26T10:06:06","guid":{"rendered":"https:\/\/rdnews.al\/?p=124240"},"modified":"2025-09-26T10:06:06","modified_gmt":"2025-09-26T10:06:06","slug":"salianji-perfundon-sherbimin-e-proves-denimi-im-ishte-politik-do-ta-dergoj-ceshtjen-ne-strasburg","status":"publish","type":"post","link":"https:\/\/rdnews.al\/index.php\/2025\/09\/26\/salianji-perfundon-sherbimin-e-proves-denimi-im-ishte-politik-do-ta-dergoj-ceshtjen-ne-strasburg\/","title":{"rendered":"Salianji p\u00ebrfundon Sh\u00ebrbimin e Prov\u00ebs: D\u00ebnimi im ishte politik do ta d\u00ebrgoj \u00e7\u00ebshtjen n\u00eb Strasburg"},"content":{"rendered":"<p>Ish-deputeti i PD, Ervin Salianji, u paraqit sot p\u00ebr her\u00eb t\u00eb fundit n\u00eb Sh\u00ebrbimin e Prov\u00ebs, mas\u00eb e cila i ishte vendosur pas lirimit nga burgu. Ky \u00ebsht\u00eb nj\u00eb hap i fundit n\u00eb lidhje me \u00e7\u00ebshtjen p\u00ebr t\u00eb cil\u00ebn ai ishte d\u00ebnuar.<\/p>\n<p>Ai tha se, \u00ebsht\u00eb detyr\u00eb e SPAK dhe drejt\u00ebsis\u00eb q\u00eb p\u00ebr rastet e akuzave t\u00eb forta, t\u00eb gazetarit italian sidomos p\u00ebr kartelet n\u00eb Aruba e zyrtar\u00ebve t\u00eb lart\u00eb, t\u2019i shkoj\u00eb hetimit deri n\u00eb fund. Pyesni ndonj\u00eb ish Minist\u00ebr t\u00eb Brendsh\u00ebm mos ka dal\u00eb rast\u00ebsisht aty?! Apo mos un\u00eb jam d\u00ebnuar p\u00ebr k\u00ebto kartelet e drog\u00ebs n\u00eb sh\u00ebrbim t\u00eb zyrtar\u00ebve&#8230; pyesni ndonj\u00eb ish minist\u00ebr dhe cil\u00ebt kan\u00eb qen\u00eb?!<\/p>\n<p><strong>Deklarata e plot\u00eb<\/strong><\/p>\n<p>Salinjia tha se e konsideron d\u00ebnimin e tij si politik nga drejt\u00ebsia dhe si rastin unik e t\u00eb paprecedent\u00eb n\u00eb Evrop\u00eb. Ai tha se Kushtetuesja do t\u00eb jet\u00eb n\u00ebn testim, pas depozitimit t\u00eb \u00e7\u00ebshtjes s\u00eb tij n\u00eb gjykat\u00ebn m\u00eb t\u00eb lart\u00eb t\u00eb vendit, duke shtuar se beteja e tij \u00a0politike sapo ka nisur.<\/p>\n<p><em>\u201c<\/em><em>Beteja ime me drejt\u00ebsin\u00eb \u00ebsht\u00eb n\u00eb rrug\u00eb e sip\u00ebr, sapo ka nisur&#8230;P\u00ebr \u00a0pak dit\u00eb e d\u00ebrgoj n\u00eb Kushtetuese, e n\u00ebse do ket\u00eb kontroll politik do e d\u00ebrgoj n\u00eb Strasburg ankimimin e \u00e7\u00ebshtjes. Kushdo q\u00eb ka mision publik, drejt\u00ebsia t\u00eb jet\u00eb e drejt\u00eb. Sot drejt\u00ebsia thuajse \u00ebsht\u00eb m\u00eb keq se kurr\u00eb. N\u00eb SPAK, n\u00eb p\u00ebrgjime t\u00eb caktuara p\u00ebrzgjidhen t\u00eb arrestohen e goditen disa e t\u00eb tjer\u00eb t\u00eb shp\u00ebtojn\u00eb, si psh: to<\/em><em>yat yaris, p\u00ebrgjimet e sky ecc\u201d,<\/em> theksoi nd\u00ebr t\u00eb tjera Salianji.<\/p>\n<p>Sot p\u00ebrfundoj sh\u00ebrbimi i prov\u00ebs pas lirimit me kush nga gjykata. P\u00ebrfundimi i nj\u00eb periudh\u00eb t\u00eb err\u00ebt, dhe nj\u00eb d\u00ebnimi politik p\u00ebr arsye politike dhe fatkeq\u00ebsisht p\u00ebrdorimin e drejt\u00ebsis\u00eb p\u00ebr hakmarrje politike. Sh\u00ebrbimi i prov\u00ebs, s\u2019kam pasur arsye tjet\u00ebr ve\u00e7 arsye politike izolimi im, p\u00ebr shkak t\u00eb fitores s\u00eb betej\u00ebs elektorale p\u00ebrball\u00eb PS. S\u2019ka pasur rrezikshm\u00ebri q\u00ebndrimi im me liri, denoncimi im solli pasoj\u00eb pozitive p\u00ebr publikun. Jan\u00eb kthyer p\u00ebrmbys disa norma t\u00eb vendosura shoq\u00ebrore. E kund\u00ebrta ka ndodhur me k\u00ebt\u00eb rast. Jam burgosur p\u00ebr shkak t\u00eb bindjeve politike dhe denoncimit t\u00eb nj\u00eb personi t\u00eb d\u00ebnuar p\u00ebr drog\u00eb dhe bashk\u00ebpunimin me krimin q\u00eb ende e vijon. Denoncimet po faktohen, lidhjet e forta t\u00eb krimit me qeverin\u00eb, kontrollin e krimit t\u00eb organizuar dhe p\u00ebrfshirjen e tyre n\u00eb funksione t\u00eb larta n\u00eb drejt\u00ebsi e polici. P\u00ebrfundimi i k\u00ebtij turpi, njoll\u00eb turpi p\u00ebr drejt\u00ebsin\u00eb e kapur do ta vijoj \u00e7\u00ebshtjen n\u00eb Strasburg e do ta fitoj. Do t\u00eb luftoj akoma m\u00eb shum\u00eb p\u00ebr interesin qytetar q\u00eb p\u00ebrballen me padrejt\u00ebsi nga institucionet e ekzekutivi q\u00eb jan\u00eb kthyer n\u00eb gjoba dhunuesish.<\/p>\n<p>Beteja ime me drejt\u00ebsin\u00eb \u00ebsht\u00eb n\u00eb rrug\u00eb e sip\u00ebr, sapo ka nisur&#8230;P\u00ebr pak dit\u00eb e d\u00ebrgoj n\u00eb Kushtetuese, e n\u00ebse do ket\u00eb kontroll do e d\u00ebrgoj n\u00eb Strasburg ankimimin e \u00e7\u00ebshtjes. Kushdo q\u00eb ka mision publik, drejt\u00ebsia t\u00eb jet\u00eb e drejt\u00eb. Sot drejt\u00ebsia thuajse \u00ebsht\u00eb m\u00eb keq se kurr\u00eb. Nj\u00eb \u00e7\u00ebshtje i duhen minimumi 7 vjet, drejt\u00ebsia p\u00ebrdoret p\u00ebr q\u00ebllime politike dhe selektive. N\u00eb SPAK, n\u00eb p\u00ebrgjime t\u00eb caktuara p\u00ebrzgjidhen t\u00eb arrestohen e goditen disa, e t\u00eb tjer\u00eb t\u00eb shp\u00ebtojn\u00eb, Toyota yaris, p\u00ebrgjimet e sky ecc. Q\u00eb ministra t\u00eb brendsh\u00ebm marrin mij\u00ebra euro p\u00ebr t\u00eb em\u00ebruar shefat e policis\u00eb dhe sipas interesave t\u00eb Ram\u00ebs. Arrestimet politike jan\u00eb pasi Rama i ka l\u00ebshuar, Veliaj u l\u00ebshua m\u00eb pas. Nj\u00ebjt\u00eb me Met\u00ebn, Berish\u00ebn e t\u00eb gjitha rastet e ndodhura. SPAK iu turr pasi i l\u00ebshoi. I ka arrestuar media para rastet e m\u00eb pas vendos drejt\u00ebsia. Ka pasur nj\u00eb q\u00ebllim politik, \u00a0pasi e ka spinuar. U takon gjykatave t\u00eb vendosin drejt\u00ebsi mbi baz\u00ebn e provova, e jo kalkulimeve politike p\u00ebr q\u00ebllime p\u00ebrpilimesh statistikore.<\/p>\n<p>Precedenti i par\u00eb n\u00eb Evrop\u00eb, nga k\u00ebrkimet n\u00eb Strasburg, q\u00eb dikush t\u00eb d\u00ebnohet p\u00ebr nj\u00eb vep\u00ebr penale pa ligj. S\u2019ka kall\u00ebzim t\u00eb rrem\u00eb, fakt i provuar se shkoi u dor\u00ebzua personi i denoncuar. Pasoj\u00eb pozitive, n\u00eb Shqip\u00ebri \u00ebsht\u00eb unik p\u00ebr kall\u00ebzim t\u00eb rrem\u00eb d\u00ebnohet me burg. Edhe pse s\u2019p\u00ebrfshihet n\u00eb veprat, parashikohen nga dekriminalizimi, nga nj\u00eb artific\u00eb e parashkrimit t\u00eb vepr\u00ebs, mua m\u00eb jan\u00eb ndaluar funksionet brenda 5 viteve. Ka nj\u00ebmij\u00eb shkelje t\u00eb tjera, me d\u00ebshmitar\u00ebt e provat, mos-thirrjen e personave dhe mospasjen dijeni. \u00c7\u00ebshtje q\u00eb rikthen d\u00ebnimet politike, ka akuza politike e d\u00ebnime nga gjyq\u00ebsori. Kjo agjitacion propagand\u00eb, q\u00eb rikthehet pas kaq vitesh.<\/p>\n","protected":false},"excerpt":{"rendered":"<p>Ish-deputeti i PD, Ervin Salianji, u paraqit sot p\u00ebr her\u00eb t\u00eb fundit n\u00eb Sh\u00ebrbimin e Prov\u00ebs, mas\u00eb e cila i ishte vendosur pas lirimit nga burgu. Ky \u00ebsht\u00eb nj\u00eb hap i fundit n\u00eb lidhje me \u00e7\u00ebshtjen p\u00ebr t\u00eb cil\u00ebn ai ishte d\u00ebnuar. Ai tha se, \u00ebsht\u00eb detyr\u00eb e SPAK dhe drejt\u00ebsis\u00eb q\u00eb p\u00ebr rastet e &hellip;<\/p>\n","protected":false},"author":4,"featured_media":124234,"comment_status":"closed","ping_status":"closed","sticky":false,"template":"","format":"standard","meta":{"footnotes":""},"categories":[37],"tags":[],"class_list":["post-124240","post","type-post","status-publish","format-standard","has-post-thumbnail","","category-politike"],"_links":{"self":[{"href":"https:\/\/rdnews.al\/index.php\/wp-json\/wp\/v2\/posts\/124240","targetHints":{"allow":["GET"]}}],"collection":[{"href":"https:\/\/rdnews.al\/index.php\/wp-json\/wp\/v2\/posts"}],"about":[{"href":"https:\/\/rdnews.al\/index.php\/wp-json\/wp\/v2\/types\/post"}],"author":[{"embeddable":true,"href":"https:\/\/rdnews.al\/index.php\/wp-json\/wp\/v2\/users\/4"}],"replies":[{"embeddable":true,"href":"https:\/\/rdnews.al\/index.php\/wp-json\/wp\/v2\/comments?post=124240"}],"version-history":[{"count":1,"href":"https:\/\/rdnews.al\/index.php\/wp-json\/wp\/v2\/posts\/124240\/revisions"}],"predecessor-version":[{"id":124242,"href":"https:\/\/rdnews.al\/index.php\/wp-json\/wp\/v2\/posts\/124240\/revisions\/124242"}],"wp:featuredmedia":[{"embeddable":true,"href":"https:\/\/rdnews.al\/index.php\/wp-json\/wp\/v2\/media\/124234"}],"wp:attachment":[{"href":"https:\/\/rdnews.al\/index.php\/wp-json\/wp\/v2\/media?parent=124240"}],"wp:term":[{"taxonomy":"category","embeddable":true,"href":"https:\/\/rdnews.al\/index.php\/wp-json\/wp\/v2\/categories?post=124240"},{"taxonomy":"post_tag","embeddable":true,"href":"https:\/\/rdnews.al\/index.php\/wp-json\/wp\/v2\/tags?post=124240"}],"curies":[{"name":"wp","href":"https:\/\/api.w.org\/{rel}","templated":true}]}}