{"id":124241,"date":"2025-09-26T10:07:02","date_gmt":"2025-09-26T10:07:02","guid":{"rendered":"https:\/\/rdnews.al\/?p=124241"},"modified":"2025-09-26T10:21:55","modified_gmt":"2025-09-26T10:21:55","slug":"ish-drejtuesi-i-fbi-merret-i-pandehur-ne-shba-projekti-qe-firmosi-me-ramen-dhe-tahirin","status":"publish","type":"post","link":"https:\/\/rdnews.al\/index.php\/2025\/09\/26\/ish-drejtuesi-i-fbi-merret-i-pandehur-ne-shba-projekti-qe-firmosi-me-ramen-dhe-tahirin\/","title":{"rendered":"Ish-Drejtuesi i FBI merret i pandehur n\u00eb SHBA\/ Projekti q\u00eb firmosi me Ram\u00ebn dhe Tahirin"},"content":{"rendered":"<p>Ish-Drejtori i FBI \u00ebsht\u00eb marr\u00eb i pandehur nga drejt\u00ebsia amerikane dhe ndaj tij do t\u00eb nisi edhe gjyqi.<\/p>\n<p>Nj\u00eb juri federale n\u00eb shtetin amerikan t\u00eb Virxhinias ka ngritur aktakuz\u00eb ndaj ish-drejtorit t\u00eb FBI-s\u00eb, James Comey, me dy akuza t\u00eb lidhura me d\u00ebshmin\u00eb e tij n\u00eb Kongres, raporton BBC.<\/p>\n<p>Comey, i cili prej koh\u00ebsh \u00ebsht\u00eb kritikuar nga presidenti amerikan Donald Trump, akuzohet se ka g\u00ebnjyer Kongresin gjat\u00eb d\u00ebshmis\u00eb s\u00eb tij n\u00eb shtator 2020, n\u00eb lidhje me at\u00eb n\u00ebse ai kishte autorizuar rrjedhjen e informacionit t\u00eb klasifikuar n\u00eb media.<\/p>\n<p>Comey \u00ebsht\u00eb i pari ish-drejtues i FBI q\u00eb merret i pandehur. Comey n\u00eb t\u00eb nj\u00ebjt\u00ebn koh\u00eb \u00ebsht\u00eb edhe njeriu q\u00eb firmosi me Tahirin n\u00eb vitin 2016 p\u00ebr ngritjen e Byros\u00eb Komb\u00ebtare t\u00eb Hetimit, nj\u00eb institucion q\u00eb m\u00eb pas u shnd\u00ebrrua n\u00eb nj\u00eb organ hetimi politik kund\u00ebr kund\u00ebrshtar\u00ebve t\u00eb Ram\u00ebs.<\/p>\n<p>Comey ishte edhe njeriu i cili postoi n\u00eb rrjetet sociale foton e nj\u00eb simboli t\u00eb koduar q\u00eb pas zb\u00ebrthimit t\u00eb tij n\u00ebnkuptonte synimin p\u00ebr t\u00eb ekzekutuar Presidentin amerikan Trump.<\/p>\n<p>&nbsp;<\/p>\n<p>&nbsp;<\/p>\n","protected":false},"excerpt":{"rendered":"<p>Ish-Drejtori i FBI \u00ebsht\u00eb marr\u00eb i pandehur nga drejt\u00ebsia amerikane dhe ndaj tij do t\u00eb nisi edhe gjyqi. Nj\u00eb juri federale n\u00eb shtetin amerikan t\u00eb Virxhinias ka ngritur aktakuz\u00eb ndaj ish-drejtorit t\u00eb FBI-s\u00eb, James Comey, me dy akuza t\u00eb lidhura me d\u00ebshmin\u00eb e tij n\u00eb Kongres, raporton BBC. Comey, i cili prej koh\u00ebsh \u00ebsht\u00eb kritikuar &hellip;<\/p>\n","protected":false},"author":3,"featured_media":124243,"comment_status":"closed","ping_status":"closed","sticky":false,"template":"","format":"standard","meta":{"footnotes":""},"categories":[40],"tags":[],"class_list":["post-124241","post","type-post","status-publish","format-standard","has-post-thumbnail","","category-aktualitet"],"_links":{"self":[{"href":"https:\/\/rdnews.al\/index.php\/wp-json\/wp\/v2\/posts\/124241","targetHints":{"allow":["GET"]}}],"collection":[{"href":"https:\/\/rdnews.al\/index.php\/wp-json\/wp\/v2\/posts"}],"about":[{"href":"https:\/\/rdnews.al\/index.php\/wp-json\/wp\/v2\/types\/post"}],"author":[{"embeddable":true,"href":"https:\/\/rdnews.al\/index.php\/wp-json\/wp\/v2\/users\/3"}],"replies":[{"embeddable":true,"href":"https:\/\/rdnews.al\/index.php\/wp-json\/wp\/v2\/comments?post=124241"}],"version-history":[{"count":1,"href":"https:\/\/rdnews.al\/index.php\/wp-json\/wp\/v2\/posts\/124241\/revisions"}],"predecessor-version":[{"id":124244,"href":"https:\/\/rdnews.al\/index.php\/wp-json\/wp\/v2\/posts\/124241\/revisions\/124244"}],"wp:featuredmedia":[{"embeddable":true,"href":"https:\/\/rdnews.al\/index.php\/wp-json\/wp\/v2\/media\/124243"}],"wp:attachment":[{"href":"https:\/\/rdnews.al\/index.php\/wp-json\/wp\/v2\/media?parent=124241"}],"wp:term":[{"taxonomy":"category","embeddable":true,"href":"https:\/\/rdnews.al\/index.php\/wp-json\/wp\/v2\/categories?post=124241"},{"taxonomy":"post_tag","embeddable":true,"href":"https:\/\/rdnews.al\/index.php\/wp-json\/wp\/v2\/tags?post=124241"}],"curies":[{"name":"wp","href":"https:\/\/api.w.org\/{rel}","templated":true}]}}