{"id":124245,"date":"2025-09-26T11:20:21","date_gmt":"2025-09-26T11:20:21","guid":{"rendered":"https:\/\/rdnews.al\/?p=124245"},"modified":"2025-09-26T11:20:49","modified_gmt":"2025-09-26T11:20:49","slug":"berisha-largimi-i-rames-rruga-e-vetme-per-shpetimin-e-shqiptareve-rajonit-dhe-europes-nga-rreziqet-e-narkoshtetit-shqiptar","status":"publish","type":"post","link":"https:\/\/rdnews.al\/index.php\/2025\/09\/26\/berisha-largimi-i-rames-rruga-e-vetme-per-shpetimin-e-shqiptareve-rajonit-dhe-europes-nga-rreziqet-e-narkoshtetit-shqiptar\/","title":{"rendered":"Berisha: Largimi i Ram\u00ebs, rruga e vetme p\u00ebr shp\u00ebtimin e shqiptar\u00ebve, rajonit dhe Europ\u00ebs nga rreziqet e narkoshtetit shqiptar"},"content":{"rendered":"<p>Kryetari i PD, Sali Berisha tha gjat\u00eb nj\u00eb konference p\u00ebr shty p se, largimi i Ram\u00ebs \u00ebsht\u00eb rruga e vetme p\u00ebr shp\u00ebtimin e shqiptar\u00ebve, e rajonit dhe Europ\u00ebs nga rreziqet e narkoshtetit shqiptar.<\/p>\n<p>Berisha tha se udh\u00ebtimin n\u00eb Aruba me charter t\u00eb delegacionit, e ka kryesuar vet\u00eb kryeministri Rama.<\/p>\n<p>\u201cMir\u00ebdita!<\/p>\n<p>Jam k\u00ebtu p\u00ebr t\u00eb d\u00ebnuar me forc\u00ebn m\u00eb t\u00eb madhe terrorin e narkoqeveris\u00eb mbi mediat, imponimin e saj p\u00ebr censurimin e zhvillimit m\u00eb flagrant, e denoncimit m\u00eb flagrant t\u00eb lidhjes s\u00eb kreut t\u00eb organizat\u00ebs kriminale, Edi Rama me burs\u00ebn bot\u00ebrore t\u00eb drogave, me Arub\u00ebn, me takimin qeveritar fam\u00ebzi t\u00eb zhvilluar n\u00eb Aruba.<\/p>\n<p>Duke shprehur nj\u00eb mir\u00ebnjohje t\u00eb pakufishme p\u00ebr antimafien italiane, e cila gjeti m\u00ebnyrat p\u00ebr t\u00eb informuar publikun shqiptar se, kryeministri i vendit mban lidhje qeveritare me grupet me t\u00eb fuqishme t\u00eb trafikut t\u00eb drog\u00ebs shqiptare, venezualiane. Se, Big Brother n\u00eb Aruba, \u00ebsht\u00eb Venezuela, n\u00eb rrafsh me drog\u00ebn.<\/p>\n<p>Aruba, quhet ndryshe bankers of drug mafia. Ata bos\u00ebt, aty e kan\u00eb vendin. Por aty, nj\u00ebkoh\u00ebsisht, ka dhe nj\u00eb mbik\u00ebqyrje t\u00eb madhe.<\/p>\n<p>Aruba, banker\u00ebt e mafies s\u00eb drog\u00ebs, ka si destinacion, n\u00ebp\u00ebrmjet klaneve shqiptare t\u00eb p\u00ebrcaktuara tri vende: Italin\u00eb, vendet e Beneluksit, dhe Spanj\u00ebn.<\/p>\n<p>Aruba, \u00e7arteri p\u00ebr n\u00eb Aruba, ku thuhet, por nuk mund t\u00eb them 100%, edhe nj\u00ebher\u00eb, por mjaft z\u00ebra jan\u00eb se, delegacionin e ka kryesuar vet Edi Rama.<\/p>\n<p>Ajo q\u00eb un\u00eb ju them 100%, kan\u00eb qen\u00eb ministra dhe zyrtar\u00eb shum\u00eb t\u00eb lart\u00eb t\u00eb qeveris\u00eb. P\u00ebr k\u00ebt\u00eb, po. Se pastaj, n\u00eb rregjistrime, aty ku thuhet Trgeti, p\u00ebrshembull, n\u00eb ato q\u00eb ju kam lexuar un\u00eb ju, aty n\u00ebnkuptohet Mario \u00c7ela q\u00eb flet me Taulantin, n\u00eb em\u00ebr t\u00eb Taulantit. Por k\u00ebto nuk kan\u00eb lidhje me Arub\u00ebn. K\u00ebto jan\u00eb histori t\u00eb tjera.<\/p>\n<p>Problemi i tyre \u00ebsht\u00eb se, ata p\u00ebrdorin kode. Pra, jan\u00eb t\u00eb rregjistruar me kode. Sigurisht, agjencit\u00eb e din\u00eb se kush jan\u00eb, 100%.<\/p>\n<p>Nuk ka diskutim. Ne po b\u00ebjm\u00eb gjith\u00e7ka t\u2019i b\u00ebjm\u00eb publike. Edi Rama duhet t\u00eb jap\u00eb dor\u00ebheqjen si person i rreziksh\u00ebm, si bashk\u00ebpun\u00ebtor i organizatave t\u00eb narkoterrorizmit nd\u00ebrkomb\u00ebtar.<\/p>\n<p>Largimi i Edi Ram\u00ebs, \u00ebsht\u00eb rruga e vetme p\u00ebr shp\u00ebtimin e shqiptar\u00ebve, e rajonit dhe Europ\u00ebs nga rreziqet e m\u00ebdha t\u00eb narkoshtetit shqiptar.<\/p>\n<p>Edi Rama mendon se do ta kap\u00ebrcej\u00eb Arub\u00ebn. Edi Rama ka dhe mb\u00ebshtet\u00ebs, t\u00eb cil\u00ebt kur m\u00eb d\u00ebgjojn\u00eb se flas p\u00ebr narkoshtetin apo Arub\u00ebn, zem\u00ebrohen me Sali Berish\u00ebn. Por un\u00eb do mbroj, mbi t\u00eb gjitha interesin e shqiptar\u00ebve, dhe interesat e qytetar\u00ebve t\u00eb lir\u00eb kudo q\u00eb jan\u00eb, t\u00eb cil\u00ebt duhet t\u00eb jetojn\u00eb jasht\u00eb rrezikut, ata dhe f\u00ebmij\u00ebt e tyre, t\u00eb drogave q\u00eb trafikojn\u00eb klanet shqiptare\u201d, tha Berisha.<\/p>\n","protected":false},"excerpt":{"rendered":"<p>Kryetari i PD, Sali Berisha tha gjat\u00eb nj\u00eb konference p\u00ebr shty p se, largimi i Ram\u00ebs \u00ebsht\u00eb rruga e vetme p\u00ebr shp\u00ebtimin e shqiptar\u00ebve, e rajonit dhe Europ\u00ebs nga rreziqet e narkoshtetit shqiptar. Berisha tha se udh\u00ebtimin n\u00eb Aruba me charter t\u00eb delegacionit, e ka kryesuar vet\u00eb kryeministri Rama. \u201cMir\u00ebdita! Jam k\u00ebtu p\u00ebr t\u00eb d\u00ebnuar &hellip;<\/p>\n","protected":false},"author":4,"featured_media":124246,"comment_status":"closed","ping_status":"closed","sticky":false,"template":"","format":"standard","meta":{"footnotes":""},"categories":[37],"tags":[],"class_list":["post-124245","post","type-post","status-publish","format-standard","has-post-thumbnail","","category-politike"],"_links":{"self":[{"href":"https:\/\/rdnews.al\/index.php\/wp-json\/wp\/v2\/posts\/124245","targetHints":{"allow":["GET"]}}],"collection":[{"href":"https:\/\/rdnews.al\/index.php\/wp-json\/wp\/v2\/posts"}],"about":[{"href":"https:\/\/rdnews.al\/index.php\/wp-json\/wp\/v2\/types\/post"}],"author":[{"embeddable":true,"href":"https:\/\/rdnews.al\/index.php\/wp-json\/wp\/v2\/users\/4"}],"replies":[{"embeddable":true,"href":"https:\/\/rdnews.al\/index.php\/wp-json\/wp\/v2\/comments?post=124245"}],"version-history":[{"count":1,"href":"https:\/\/rdnews.al\/index.php\/wp-json\/wp\/v2\/posts\/124245\/revisions"}],"predecessor-version":[{"id":124247,"href":"https:\/\/rdnews.al\/index.php\/wp-json\/wp\/v2\/posts\/124245\/revisions\/124247"}],"wp:featuredmedia":[{"embeddable":true,"href":"https:\/\/rdnews.al\/index.php\/wp-json\/wp\/v2\/media\/124246"}],"wp:attachment":[{"href":"https:\/\/rdnews.al\/index.php\/wp-json\/wp\/v2\/media?parent=124245"}],"wp:term":[{"taxonomy":"category","embeddable":true,"href":"https:\/\/rdnews.al\/index.php\/wp-json\/wp\/v2\/categories?post=124245"},{"taxonomy":"post_tag","embeddable":true,"href":"https:\/\/rdnews.al\/index.php\/wp-json\/wp\/v2\/tags?post=124245"}],"curies":[{"name":"wp","href":"https:\/\/api.w.org\/{rel}","templated":true}]}}