{"id":124254,"date":"2025-09-26T11:37:19","date_gmt":"2025-09-26T11:37:19","guid":{"rendered":"https:\/\/rdnews.al\/?p=124254"},"modified":"2025-09-26T11:37:19","modified_gmt":"2025-09-26T11:37:19","slug":"berisha-opozita-nuk-ra-ne-kurth-ne-parlament-ne-mbrojme-kushtetuten-dhe-rregulloren-e-parlamentit","status":"publish","type":"post","link":"https:\/\/rdnews.al\/index.php\/2025\/09\/26\/berisha-opozita-nuk-ra-ne-kurth-ne-parlament-ne-mbrojme-kushtetuten-dhe-rregulloren-e-parlamentit\/","title":{"rendered":"Berisha: Opozita nuk ra n\u00eb kurth n\u00eb parlament, ne mbrojm\u00eb Kushtetut\u00ebn dhe rregulloren e parlamentit"},"content":{"rendered":"<p>Kryetari i PD, Sali Berisha tha gjat\u00eb nj\u00eb konferenc\u00eb p\u00ebr shtyp se,opozita nuk ra n\u00eb kurth n\u00eb parlament, ne mbrojm\u00eb Kushtetut\u00ebn dhe rregulloren e parlamentit.<\/p>\n<p><strong>\u201c<\/strong>Un\u00eb kam respekt p\u00ebr \u00e7do gazetar q\u00eb vjen k\u00ebtu n\u00eb konferenc\u00eb shtypi. Por un\u00eb di q\u00eb p\u00ebrfaq\u00ebsoni nj\u00eb televizor dhe jo AMA-n e qeveris\u00eb. \u00cbsht\u00eb AMA ajo q\u00eb monitoron, por se e dhan\u00eb nj\u00eb moment. Po shiko lajmet sa japin.<\/p>\n<p>Kontrollo edicionet e lajmeve t\u00eb mediave q\u00eb i kontrollon qeveria sa japin ket\u00eb gj\u00eb. Kontrollo titujt e gazetave dhe portaleve sa e kan\u00eb Arub\u00ebn, edhe pastaj m\u00eb thuaj.<\/p>\n<p>Merri titujt sot t\u00eb m\u00ebngjesit se, Aruba ka tre dit\u00eb q\u00eb ka shp\u00ebrthyer, ndaj dhe un\u00eb e nisa konferenc\u00ebs duke denoncuar censur\u00ebn.<\/p>\n<p>E dyta, po ne k\u00ebrkojm\u00eb dhe do k\u00ebrkojm\u00eb. Ne e dor\u00ebzuam dhe n\u00eb Gjykat\u00eb Kushtetuese dhe natyrisht kjo \u00ebsht\u00eb nj\u00eb k\u00ebrkes\u00eb e ligjshme.<\/p>\n<p>Mund t\u00eb ju them un\u00eb ju, ai ishte nj\u00eb skenar, tani \u00ebsht\u00eb shum\u00eb e qart\u00eb. Shkoni e pyesni. Asnj\u00eb deputet socialist nuk kishte p\u00ebrgatitur nj\u00eb fjal\u00eb. Asnj\u00eb nga ata q\u00eb quhen ministra sot, nuk kishte p\u00ebrgatitur nj\u00eb fjalim.<\/p>\n<p>Q\u00eb t\u00eb gjith\u00eb kishin ardhur n\u00eb funksion t\u00eb atij skenari provokimi. Por n\u00ebqoft\u00ebse njeriu provokon me Kushtetut\u00ebn, me rregullat e parlamentit dhe ka t\u00eb tjer\u00eb q\u00eb thon\u00eb se, opozita ra n\u00eb kurth, un\u00eb u them atyre zot\u00ebrinjve dhe atyre q\u00eb mendojn\u00eb k\u00ebshtu; opozita mbron kushtetut\u00ebn, opozita mbron parlamentin dhe rregulloren, dhe u p\u00ebrgjigj n\u00eb mbrojtje t\u00eb saj. Sigurisht q\u00eb do insistojm\u00eb n\u00eb k\u00ebrkes\u00ebn ton\u00eb\u201d, tha Berisha.<\/p>\n","protected":false},"excerpt":{"rendered":"<p>Kryetari i PD, Sali Berisha tha gjat\u00eb nj\u00eb konferenc\u00eb p\u00ebr shtyp se,opozita nuk ra n\u00eb kurth n\u00eb parlament, ne mbrojm\u00eb Kushtetut\u00ebn dhe rregulloren e parlamentit. \u201cUn\u00eb kam respekt p\u00ebr \u00e7do gazetar q\u00eb vjen k\u00ebtu n\u00eb konferenc\u00eb shtypi. Por un\u00eb di q\u00eb p\u00ebrfaq\u00ebsoni nj\u00eb televizor dhe jo AMA-n e qeveris\u00eb. \u00cbsht\u00eb AMA ajo q\u00eb monitoron, por &hellip;<\/p>\n","protected":false},"author":4,"featured_media":124255,"comment_status":"closed","ping_status":"closed","sticky":false,"template":"","format":"standard","meta":{"footnotes":""},"categories":[37],"tags":[],"class_list":["post-124254","post","type-post","status-publish","format-standard","has-post-thumbnail","","category-politike"],"_links":{"self":[{"href":"https:\/\/rdnews.al\/index.php\/wp-json\/wp\/v2\/posts\/124254","targetHints":{"allow":["GET"]}}],"collection":[{"href":"https:\/\/rdnews.al\/index.php\/wp-json\/wp\/v2\/posts"}],"about":[{"href":"https:\/\/rdnews.al\/index.php\/wp-json\/wp\/v2\/types\/post"}],"author":[{"embeddable":true,"href":"https:\/\/rdnews.al\/index.php\/wp-json\/wp\/v2\/users\/4"}],"replies":[{"embeddable":true,"href":"https:\/\/rdnews.al\/index.php\/wp-json\/wp\/v2\/comments?post=124254"}],"version-history":[{"count":1,"href":"https:\/\/rdnews.al\/index.php\/wp-json\/wp\/v2\/posts\/124254\/revisions"}],"predecessor-version":[{"id":124256,"href":"https:\/\/rdnews.al\/index.php\/wp-json\/wp\/v2\/posts\/124254\/revisions\/124256"}],"wp:featuredmedia":[{"embeddable":true,"href":"https:\/\/rdnews.al\/index.php\/wp-json\/wp\/v2\/media\/124255"}],"wp:attachment":[{"href":"https:\/\/rdnews.al\/index.php\/wp-json\/wp\/v2\/media?parent=124254"}],"wp:term":[{"taxonomy":"category","embeddable":true,"href":"https:\/\/rdnews.al\/index.php\/wp-json\/wp\/v2\/categories?post=124254"},{"taxonomy":"post_tag","embeddable":true,"href":"https:\/\/rdnews.al\/index.php\/wp-json\/wp\/v2\/tags?post=124254"}],"curies":[{"name":"wp","href":"https:\/\/api.w.org\/{rel}","templated":true}]}}